{"id":809,"date":"2015-10-05T08:39:30","date_gmt":"2015-10-05T08:39:30","guid":{"rendered":"http:\/\/www.victoriamedia.org\/kalastusviesti\/?p=809"},"modified":"2015-10-05T08:39:30","modified_gmt":"2015-10-05T08:39:30","slug":"suomen-ja-norjan-vapaa-ajankalastajat-vaativat-tenon-lohenkalastusta-on-rajoitettava-pyyntikiintioilla","status":"publish","type":"post","link":"https:\/\/www.victoriamedia.org\/kalastusviesti\/suomen-ja-norjan-vapaa-ajankalastajat-vaativat-tenon-lohenkalastusta-on-rajoitettava-pyyntikiintioilla\/","title":{"rendered":"Suomen ja Norjan vapaa-ajankalastajat vaativat: Tenon lohenkalastusta on rajoitettava pyyntikiinti\u00f6ill\u00e4"},"content":{"rendered":"<p><strong>Suomen ja Norjan vapaa-ajankalastajat vaativat yhteisess\u00e4 kannanotossaan, ett\u00e4 Tenojoen lohikantojen suojelemiseksi maiden on sovittava vuosittain enimm\u00e4ism\u00e4\u00e4r\u00e4st\u00e4 lohia, jonka paikalliset kalastajat ja kalastusmatkailijat saavat yhteens\u00e4 pyyt\u00e4\u00e4. Lis\u00e4ksi maiden tulisi yhdess\u00e4 sopia lohenkalastuksen aloittamisesta vasta kes\u00e4kuussa Karas-, Ies- ja Inarinjokien heikkojen lohikantojen suojelemiseksi. J\u00e4rjest\u00f6t ovat huolestuneita siit\u00e4, ett\u00e4 Tenon kalastuss\u00e4\u00e4nt\u00f6\u00e4 koskevat Suomen ja Norjan v\u00e4liset neuvottelut polkevat paikallaan jo nelj\u00e4tt\u00e4 vuotta, eik\u00e4 Tenon lohikantojen suojelua edist\u00e4vi\u00e4 kalastuksens\u00e4\u00e4telytoimia saada aikaiseksi.<\/strong><\/p>\n<p>Suomen Vapaa-ajankalastajien Keskusj\u00e4rjest\u00f6 (SVK) ja Norges Jeger- og Fiskerforbund (NJFF) j\u00e4ttiv\u00e4t t\u00e4n\u00e4\u00e4n esityksens\u00e4 Suomen maatalous- ja ymp\u00e4rist\u00f6ministeri <strong>Kimmo Tiilikaiselle<\/strong> ja Norjan ymp\u00e4rist\u00f6ministeri <strong>Tine Sundtoftille<\/strong>.<br \/>\n\u201dTenon lohikantojen tila on huolestuttava, eik\u00e4 varaa viivyttelyyn en\u00e4\u00e4 ole,\u201d sanoo SVK:n puheenjohtaja <strong>Markku Markkula<\/strong>. H\u00e4nen mukaansa lohikantojen liikakalastusta ei saada kuriin v\u00e4hent\u00e4m\u00e4ll\u00e4 pelk\u00e4st\u00e4\u00e4n kalastusmatkailijoiden m\u00e4\u00e4r\u00e4\u00e4.<br \/>\n\u201dTenon lohenkalastukseen tarvitaan tutkimukseen perustuva enimm\u00e4iskiinti\u00f6, jolla rajoitetaan niin kalastusmatkailijoiden kuin paikallisten lohenkalastajienkin saalista. It\u00e4meren lohenkalastuksen s\u00e4\u00e4tely osoittaa, ett\u00e4 tieteellist\u00e4 pyyntikiinti\u00f6t\u00e4 noudattamalla saadaan lohikannat elpym\u00e4\u00e4n ja luodaan hyv\u00e4t kalastusmahdollisuudet niin jokivarren asukkaille kuin turisteillekin\u201d, muistuttaa Markkula.<\/p>\n<p>Tenojoen lohikanta koostuu useista sivujokien osakannoista, joista Karas-, Ies- ja Inarinjoen lohikannat ovat heikossa kunnossa. N\u00e4m\u00e4 lohikannat nousevat jokeen varhain toukokuun lopussa.<br \/>\nKalastus joessa aloitetaan nykyisin toukokuun 20. p\u00e4iv\u00e4. Siirt\u00e4m\u00e4ll\u00e4 kaiken pyynnin aloittaminen kahta viikkoa my\u00f6hemm\u00e4ksi (5.6. alkaen) annetaan n\u00e4ille heikoille lohikannoille mahdollisuus nousta kutualueilleen ja vahvistua.<\/p>\n<p>Kalastusmatkailu ei nykyisell\u00e4k\u00e4\u00e4n ole uhka n\u00e4ille kannoille, sill\u00e4 matkailukalastussesonki alkaa vastaa juhannuksena.<\/p>\n<p>Liite:\u00a0 <a href=\"http:\/\/www.epressi.com\/media\/userfiles\/31817\/1444030724\/tana-negotations-fellesbrev-finland-og-norge-051015.docx\">j\u00e4rjest\u00f6jen kirje Norjan ja Suomen ministereille<\/a>.<\/p>\n","protected":false},"excerpt":{"rendered":"<p>Suomen ja Norjan vapaa-ajankalastajat vaativat yhteisess\u00e4 kannanotossaan, ett\u00e4 Tenojoen lohikantojen suojelemiseksi maiden on sovittava vuosittain enimm\u00e4ism\u00e4\u00e4r\u00e4st\u00e4 lohia, jonka paikalliset kalastajat ja kalastusmatkailijat saavat yhteens\u00e4 pyyt\u00e4\u00e4. Lis\u00e4ksi maiden tulisi yhdess\u00e4 sopia lohenkalastuksen aloittamisesta vasta kes\u00e4kuussa Karas-, Ies- ja Inarinjokien heikkojen lohikantojen suojelemiseksi. J\u00e4rjest\u00f6t ovat huolestuneita siit\u00e4, ett\u00e4 Tenon kalastuss\u00e4\u00e4nt\u00f6\u00e4 koskevat Suomen ja Norjan v\u00e4liset neuvottelut polkevat [&hellip;]<\/p>\n","protected":false},"author":1,"featured_media":0,"comment_status":"closed","ping_status":"closed","sticky":false,"template":"","format":"standard","meta":{"footnotes":""},"categories":[57],"tags":[],"class_list":["post-809","post","type-post","status-publish","format-standard","hentry","category-yleiset-uutiset","eq-blocks"],"yoast_head":"<!-- This site is optimized with the Yoast SEO plugin v27.5 - https:\/\/yoast.com\/product\/yoast-seo-wordpress\/ -->\n<title>Suomen ja Norjan vapaa-ajankalastajat vaativat: Tenon lohenkalastusta on rajoitettava pyyntikiinti\u00f6ill\u00e4 - KALASTUSVIESTI<\/title>\n<meta name=\"robots\" content=\"index, follow, max-snippet:-1, max-image-preview:large, max-video-preview:-1\" \/>\n<link rel=\"canonical\" href=\"https:\/\/www.victoriamedia.org\/kalastusviesti\/suomen-ja-norjan-vapaa-ajankalastajat-vaativat-tenon-lohenkalastusta-on-rajoitettava-pyyntikiintioilla\/\" \/>\n<meta property=\"og:locale\" content=\"en_US\" \/>\n<meta property=\"og:type\" content=\"article\" \/>\n<meta property=\"og:title\" content=\"Suomen ja Norjan vapaa-ajankalastajat vaativat: Tenon lohenkalastusta on rajoitettava pyyntikiinti\u00f6ill\u00e4 - KALASTUSVIESTI\" \/>\n<meta property=\"og:description\" content=\"Suomen ja Norjan vapaa-ajankalastajat vaativat yhteisess\u00e4 kannanotossaan, ett\u00e4 Tenojoen lohikantojen suojelemiseksi maiden on sovittava vuosittain enimm\u00e4ism\u00e4\u00e4r\u00e4st\u00e4 lohia, jonka paikalliset kalastajat ja kalastusmatkailijat saavat yhteens\u00e4 pyyt\u00e4\u00e4. Lis\u00e4ksi maiden tulisi yhdess\u00e4 sopia lohenkalastuksen aloittamisesta vasta kes\u00e4kuussa Karas-, Ies- ja Inarinjokien heikkojen lohikantojen suojelemiseksi. J\u00e4rjest\u00f6t ovat huolestuneita siit\u00e4, ett\u00e4 Tenon kalastuss\u00e4\u00e4nt\u00f6\u00e4 koskevat Suomen ja Norjan v\u00e4liset neuvottelut polkevat [&hellip;]\" \/>\n<meta property=\"og:url\" content=\"https:\/\/www.victoriamedia.org\/kalastusviesti\/suomen-ja-norjan-vapaa-ajankalastajat-vaativat-tenon-lohenkalastusta-on-rajoitettava-pyyntikiintioilla\/\" \/>\n<meta property=\"og:site_name\" content=\"KALASTUSVIESTI\" \/>\n<meta property=\"article:publisher\" content=\"https:\/\/www.facebook.com\/Kalastusviesti\" \/>\n<meta property=\"article:published_time\" content=\"2015-10-05T08:39:30+00:00\" \/>\n<meta name=\"author\" content=\"kerttuvali\" \/>\n<meta name=\"twitter:card\" content=\"summary_large_image\" \/>\n<meta name=\"twitter:creator\" content=\"@kalastusuutiset\" \/>\n<meta name=\"twitter:site\" content=\"@kalastusuutiset\" \/>\n<meta name=\"twitter:label1\" content=\"Written by\" \/>\n\t<meta name=\"twitter:data1\" content=\"kerttuvali\" \/>\n\t<meta name=\"twitter:label2\" content=\"Est. reading time\" \/>\n\t<meta name=\"twitter:data2\" content=\"1 minute\" \/>\n<script type=\"application\/ld+json\" class=\"yoast-schema-graph\">{\"@context\":\"https:\\\/\\\/schema.org\",\"@graph\":[{\"@type\":\"Article\",\"@id\":\"https:\\\/\\\/www.victoriamedia.org\\\/kalastusviesti\\\/suomen-ja-norjan-vapaa-ajankalastajat-vaativat-tenon-lohenkalastusta-on-rajoitettava-pyyntikiintioilla\\\/#article\",\"isPartOf\":{\"@id\":\"https:\\\/\\\/www.victoriamedia.org\\\/kalastusviesti\\\/suomen-ja-norjan-vapaa-ajankalastajat-vaativat-tenon-lohenkalastusta-on-rajoitettava-pyyntikiintioilla\\\/\"},\"author\":{\"name\":\"kerttuvali\",\"@id\":\"https:\\\/\\\/www.victoriamedia.org\\\/kalastusviesti\\\/#\\\/schema\\\/person\\\/df29131d02ead3f61cdeeef5d30a6771\"},\"headline\":\"Suomen ja Norjan vapaa-ajankalastajat vaativat: Tenon lohenkalastusta on rajoitettava pyyntikiinti\u00f6ill\u00e4\",\"datePublished\":\"2015-10-05T08:39:30+00:00\",\"mainEntityOfPage\":{\"@id\":\"https:\\\/\\\/www.victoriamedia.org\\\/kalastusviesti\\\/suomen-ja-norjan-vapaa-ajankalastajat-vaativat-tenon-lohenkalastusta-on-rajoitettava-pyyntikiintioilla\\\/\"},\"wordCount\":275,\"articleSection\":[\"Yleiset Uutiset\"],\"inLanguage\":\"en-US\"},{\"@type\":\"WebPage\",\"@id\":\"https:\\\/\\\/www.victoriamedia.org\\\/kalastusviesti\\\/suomen-ja-norjan-vapaa-ajankalastajat-vaativat-tenon-lohenkalastusta-on-rajoitettava-pyyntikiintioilla\\\/\",\"url\":\"https:\\\/\\\/www.victoriamedia.org\\\/kalastusviesti\\\/suomen-ja-norjan-vapaa-ajankalastajat-vaativat-tenon-lohenkalastusta-on-rajoitettava-pyyntikiintioilla\\\/\",\"name\":\"Suomen ja Norjan vapaa-ajankalastajat vaativat: Tenon lohenkalastusta on rajoitettava pyyntikiinti\u00f6ill\u00e4 - KALASTUSVIESTI\",\"isPartOf\":{\"@id\":\"https:\\\/\\\/www.victoriamedia.org\\\/kalastusviesti\\\/#website\"},\"datePublished\":\"2015-10-05T08:39:30+00:00\",\"author\":{\"@id\":\"https:\\\/\\\/www.victoriamedia.org\\\/kalastusviesti\\\/#\\\/schema\\\/person\\\/df29131d02ead3f61cdeeef5d30a6771\"},\"breadcrumb\":{\"@id\":\"https:\\\/\\\/www.victoriamedia.org\\\/kalastusviesti\\\/suomen-ja-norjan-vapaa-ajankalastajat-vaativat-tenon-lohenkalastusta-on-rajoitettava-pyyntikiintioilla\\\/#breadcrumb\"},\"inLanguage\":\"en-US\",\"potentialAction\":[{\"@type\":\"ReadAction\",\"target\":[\"https:\\\/\\\/www.victoriamedia.org\\\/kalastusviesti\\\/suomen-ja-norjan-vapaa-ajankalastajat-vaativat-tenon-lohenkalastusta-on-rajoitettava-pyyntikiintioilla\\\/\"]}]},{\"@type\":\"BreadcrumbList\",\"@id\":\"https:\\\/\\\/www.victoriamedia.org\\\/kalastusviesti\\\/suomen-ja-norjan-vapaa-ajankalastajat-vaativat-tenon-lohenkalastusta-on-rajoitettava-pyyntikiintioilla\\\/#breadcrumb\",\"itemListElement\":[{\"@type\":\"ListItem\",\"position\":1,\"name\":\"Home\",\"item\":\"https:\\\/\\\/www.victoriamedia.org\\\/kalastusviesti\\\/\"},{\"@type\":\"ListItem\",\"position\":2,\"name\":\"Suomen ja Norjan vapaa-ajankalastajat vaativat: Tenon lohenkalastusta on rajoitettava pyyntikiinti\u00f6ill\u00e4\"}]},{\"@type\":\"WebSite\",\"@id\":\"https:\\\/\\\/www.victoriamedia.org\\\/kalastusviesti\\\/#website\",\"url\":\"https:\\\/\\\/www.victoriamedia.org\\\/kalastusviesti\\\/\",\"name\":\"KALASTUSVIESTI\",\"description\":\"\",\"potentialAction\":[{\"@type\":\"SearchAction\",\"target\":{\"@type\":\"EntryPoint\",\"urlTemplate\":\"https:\\\/\\\/www.victoriamedia.org\\\/kalastusviesti\\\/?s={search_term_string}\"},\"query-input\":{\"@type\":\"PropertyValueSpecification\",\"valueRequired\":true,\"valueName\":\"search_term_string\"}}],\"inLanguage\":\"en-US\"},{\"@type\":\"Person\",\"@id\":\"https:\\\/\\\/www.victoriamedia.org\\\/kalastusviesti\\\/#\\\/schema\\\/person\\\/df29131d02ead3f61cdeeef5d30a6771\",\"name\":\"kerttuvali\",\"image\":{\"@type\":\"ImageObject\",\"inLanguage\":\"en-US\",\"@id\":\"https:\\\/\\\/secure.gravatar.com\\\/avatar\\\/62dbe1a847f655ad987c59fece23f885c4b0e7b06595c36d9597003852972217?s=96&d=mm&r=g\",\"url\":\"https:\\\/\\\/secure.gravatar.com\\\/avatar\\\/62dbe1a847f655ad987c59fece23f885c4b0e7b06595c36d9597003852972217?s=96&d=mm&r=g\",\"contentUrl\":\"https:\\\/\\\/secure.gravatar.com\\\/avatar\\\/62dbe1a847f655ad987c59fece23f885c4b0e7b06595c36d9597003852972217?s=96&d=mm&r=g\",\"caption\":\"kerttuvali\"},\"url\":\"https:\\\/\\\/www.victoriamedia.org\\\/kalastusviesti\\\/author\\\/kerttuvali\\\/\"}]}<\/script>\n<!-- \/ Yoast SEO plugin. -->","yoast_head_json":{"title":"Suomen ja Norjan vapaa-ajankalastajat vaativat: Tenon lohenkalastusta on rajoitettava pyyntikiinti\u00f6ill\u00e4 - KALASTUSVIESTI","robots":{"index":"index","follow":"follow","max-snippet":"max-snippet:-1","max-image-preview":"max-image-preview:large","max-video-preview":"max-video-preview:-1"},"canonical":"https:\/\/www.victoriamedia.org\/kalastusviesti\/suomen-ja-norjan-vapaa-ajankalastajat-vaativat-tenon-lohenkalastusta-on-rajoitettava-pyyntikiintioilla\/","og_locale":"en_US","og_type":"article","og_title":"Suomen ja Norjan vapaa-ajankalastajat vaativat: Tenon lohenkalastusta on rajoitettava pyyntikiinti\u00f6ill\u00e4 - KALASTUSVIESTI","og_description":"Suomen ja Norjan vapaa-ajankalastajat vaativat yhteisess\u00e4 kannanotossaan, ett\u00e4 Tenojoen lohikantojen suojelemiseksi maiden on sovittava vuosittain enimm\u00e4ism\u00e4\u00e4r\u00e4st\u00e4 lohia, jonka paikalliset kalastajat ja kalastusmatkailijat saavat yhteens\u00e4 pyyt\u00e4\u00e4. Lis\u00e4ksi maiden tulisi yhdess\u00e4 sopia lohenkalastuksen aloittamisesta vasta kes\u00e4kuussa Karas-, Ies- ja Inarinjokien heikkojen lohikantojen suojelemiseksi. J\u00e4rjest\u00f6t ovat huolestuneita siit\u00e4, ett\u00e4 Tenon kalastuss\u00e4\u00e4nt\u00f6\u00e4 koskevat Suomen ja Norjan v\u00e4liset neuvottelut polkevat [&hellip;]","og_url":"https:\/\/www.victoriamedia.org\/kalastusviesti\/suomen-ja-norjan-vapaa-ajankalastajat-vaativat-tenon-lohenkalastusta-on-rajoitettava-pyyntikiintioilla\/","og_site_name":"KALASTUSVIESTI","article_publisher":"https:\/\/www.facebook.com\/Kalastusviesti","article_published_time":"2015-10-05T08:39:30+00:00","author":"kerttuvali","twitter_card":"summary_large_image","twitter_creator":"@kalastusuutiset","twitter_site":"@kalastusuutiset","twitter_misc":{"Written by":"kerttuvali","Est. reading time":"1 minute"},"schema":{"@context":"https:\/\/schema.org","@graph":[{"@type":"Article","@id":"https:\/\/www.victoriamedia.org\/kalastusviesti\/suomen-ja-norjan-vapaa-ajankalastajat-vaativat-tenon-lohenkalastusta-on-rajoitettava-pyyntikiintioilla\/#article","isPartOf":{"@id":"https:\/\/www.victoriamedia.org\/kalastusviesti\/suomen-ja-norjan-vapaa-ajankalastajat-vaativat-tenon-lohenkalastusta-on-rajoitettava-pyyntikiintioilla\/"},"author":{"name":"kerttuvali","@id":"https:\/\/www.victoriamedia.org\/kalastusviesti\/#\/schema\/person\/df29131d02ead3f61cdeeef5d30a6771"},"headline":"Suomen ja Norjan vapaa-ajankalastajat vaativat: Tenon lohenkalastusta on rajoitettava pyyntikiinti\u00f6ill\u00e4","datePublished":"2015-10-05T08:39:30+00:00","mainEntityOfPage":{"@id":"https:\/\/www.victoriamedia.org\/kalastusviesti\/suomen-ja-norjan-vapaa-ajankalastajat-vaativat-tenon-lohenkalastusta-on-rajoitettava-pyyntikiintioilla\/"},"wordCount":275,"articleSection":["Yleiset Uutiset"],"inLanguage":"en-US"},{"@type":"WebPage","@id":"https:\/\/www.victoriamedia.org\/kalastusviesti\/suomen-ja-norjan-vapaa-ajankalastajat-vaativat-tenon-lohenkalastusta-on-rajoitettava-pyyntikiintioilla\/","url":"https:\/\/www.victoriamedia.org\/kalastusviesti\/suomen-ja-norjan-vapaa-ajankalastajat-vaativat-tenon-lohenkalastusta-on-rajoitettava-pyyntikiintioilla\/","name":"Suomen ja Norjan vapaa-ajankalastajat vaativat: Tenon lohenkalastusta on rajoitettava pyyntikiinti\u00f6ill\u00e4 - KALASTUSVIESTI","isPartOf":{"@id":"https:\/\/www.victoriamedia.org\/kalastusviesti\/#website"},"datePublished":"2015-10-05T08:39:30+00:00","author":{"@id":"https:\/\/www.victoriamedia.org\/kalastusviesti\/#\/schema\/person\/df29131d02ead3f61cdeeef5d30a6771"},"breadcrumb":{"@id":"https:\/\/www.victoriamedia.org\/kalastusviesti\/suomen-ja-norjan-vapaa-ajankalastajat-vaativat-tenon-lohenkalastusta-on-rajoitettava-pyyntikiintioilla\/#breadcrumb"},"inLanguage":"en-US","potentialAction":[{"@type":"ReadAction","target":["https:\/\/www.victoriamedia.org\/kalastusviesti\/suomen-ja-norjan-vapaa-ajankalastajat-vaativat-tenon-lohenkalastusta-on-rajoitettava-pyyntikiintioilla\/"]}]},{"@type":"BreadcrumbList","@id":"https:\/\/www.victoriamedia.org\/kalastusviesti\/suomen-ja-norjan-vapaa-ajankalastajat-vaativat-tenon-lohenkalastusta-on-rajoitettava-pyyntikiintioilla\/#breadcrumb","itemListElement":[{"@type":"ListItem","position":1,"name":"Home","item":"https:\/\/www.victoriamedia.org\/kalastusviesti\/"},{"@type":"ListItem","position":2,"name":"Suomen ja Norjan vapaa-ajankalastajat vaativat: Tenon lohenkalastusta on rajoitettava pyyntikiinti\u00f6ill\u00e4"}]},{"@type":"WebSite","@id":"https:\/\/www.victoriamedia.org\/kalastusviesti\/#website","url":"https:\/\/www.victoriamedia.org\/kalastusviesti\/","name":"KALASTUSVIESTI","description":"","potentialAction":[{"@type":"SearchAction","target":{"@type":"EntryPoint","urlTemplate":"https:\/\/www.victoriamedia.org\/kalastusviesti\/?s={search_term_string}"},"query-input":{"@type":"PropertyValueSpecification","valueRequired":true,"valueName":"search_term_string"}}],"inLanguage":"en-US"},{"@type":"Person","@id":"https:\/\/www.victoriamedia.org\/kalastusviesti\/#\/schema\/person\/df29131d02ead3f61cdeeef5d30a6771","name":"kerttuvali","image":{"@type":"ImageObject","inLanguage":"en-US","@id":"https:\/\/secure.gravatar.com\/avatar\/62dbe1a847f655ad987c59fece23f885c4b0e7b06595c36d9597003852972217?s=96&d=mm&r=g","url":"https:\/\/secure.gravatar.com\/avatar\/62dbe1a847f655ad987c59fece23f885c4b0e7b06595c36d9597003852972217?s=96&d=mm&r=g","contentUrl":"https:\/\/secure.gravatar.com\/avatar\/62dbe1a847f655ad987c59fece23f885c4b0e7b06595c36d9597003852972217?s=96&d=mm&r=g","caption":"kerttuvali"},"url":"https:\/\/www.victoriamedia.org\/kalastusviesti\/author\/kerttuvali\/"}]}},"_links":{"self":[{"href":"https:\/\/www.victoriamedia.org\/kalastusviesti\/wp-json\/wp\/v2\/posts\/809","targetHints":{"allow":["GET"]}}],"collection":[{"href":"https:\/\/www.victoriamedia.org\/kalastusviesti\/wp-json\/wp\/v2\/posts"}],"about":[{"href":"https:\/\/www.victoriamedia.org\/kalastusviesti\/wp-json\/wp\/v2\/types\/post"}],"author":[{"embeddable":true,"href":"https:\/\/www.victoriamedia.org\/kalastusviesti\/wp-json\/wp\/v2\/users\/1"}],"replies":[{"embeddable":true,"href":"https:\/\/www.victoriamedia.org\/kalastusviesti\/wp-json\/wp\/v2\/comments?post=809"}],"version-history":[{"count":1,"href":"https:\/\/www.victoriamedia.org\/kalastusviesti\/wp-json\/wp\/v2\/posts\/809\/revisions"}],"predecessor-version":[{"id":810,"href":"https:\/\/www.victoriamedia.org\/kalastusviesti\/wp-json\/wp\/v2\/posts\/809\/revisions\/810"}],"wp:attachment":[{"href":"https:\/\/www.victoriamedia.org\/kalastusviesti\/wp-json\/wp\/v2\/media?parent=809"}],"wp:term":[{"taxonomy":"category","embeddable":true,"href":"https:\/\/www.victoriamedia.org\/kalastusviesti\/wp-json\/wp\/v2\/categories?post=809"},{"taxonomy":"post_tag","embeddable":true,"href":"https:\/\/www.victoriamedia.org\/kalastusviesti\/wp-json\/wp\/v2\/tags?post=809"}],"curies":[{"name":"wp","href":"https:\/\/api.w.org\/{rel}","templated":true}]}}