{"id":762,"date":"2015-07-21T09:35:48","date_gmt":"2015-07-21T09:35:48","guid":{"rendered":"http:\/\/www.victoriamedia.org\/kalastusviesti\/?p=762"},"modified":"2015-07-21T09:35:48","modified_gmt":"2015-07-21T09:35:48","slug":"itameren-paaaltaan-ja-pohjanlahden-lohenkalastus-keskeytetaan-24-7-alkaen","status":"publish","type":"post","link":"https:\/\/www.victoriamedia.org\/kalastusviesti\/itameren-paaaltaan-ja-pohjanlahden-lohenkalastus-keskeytetaan-24-7-alkaen\/","title":{"rendered":"It\u00e4meren p\u00e4\u00e4altaan ja Pohjanlahden lohenkalastus keskeytet\u00e4\u00e4n 24.7. alkaen"},"content":{"rendered":"<p>Maa- ja mets\u00e4talousministeri\u00f6 kielt\u00e4\u00e4 lohen kaupallisen kalastuksen It\u00e4meren p\u00e4\u00e4altaan ja Pohjanlahden lohikiinti\u00f6st\u00e4 (ICES osa-alueet 22\u201331), koska lohen kalastuskiinti\u00f6 on t\u00e4yttym\u00e4ss\u00e4. Kieltoalue kattaa mm. Per\u00e4meren, Selk\u00e4meren, Saaristomeren ja Ahvenanmeren. Suomenlahdella lohenkalastus voi jatkua.<\/p>\n<p>EU:n asettama lohen kalastuskiinti\u00f6 Suomelle It\u00e4meren p\u00e4\u00e4altaan ja Pohjanlahden alueella on t\u00e4n\u00e4 vuonna yhteens\u00e4 28 787 lohta. Elinkeinokalatalouden saalisrekisteriin oli 21.7.2015 menness\u00e4 tallennettu noin 26 500 pyydetty\u00e4 lohta, mik\u00e4 on noin 92 prosenttia sallitusta kiinti\u00f6st\u00e4<\/p>\n<p>Asetuksessa s\u00e4\u00e4det\u00e4\u00e4n kaupallisen lohenkalastuksen kiellosta sek\u00e4 lohisaaliiden aluksella pit\u00e4misen, j\u00e4lleenlaivauksen, uudelleen sijoituksen, kuljetuksen ja aluksesta purkamisen kiellosta 24.7.2015 klo 0:00 alkaen. Lohenkalastus sek\u00e4 lohisaaliiden aluksella pit\u00e4minen ja purkaminen kiellet\u00e4\u00e4n samana p\u00e4iv\u00e4n\u00e4, koska kalastusmatkat pyydyksiin ovat lyhyit\u00e4.<\/p>\n<p>Kalastajat ilmoittavat lohisaalistiedot ELY-keskuksiin 48 tunnin kuluessa saaliin purkamisesta. Lohenkalastajien saalisilmoituksia ja kalakauppiaiden erikseen tekemi\u00e4 ostoilmoituksia verrataan ristiin ELY-keskuksissa, jolloin saadaan j\u00e4lkik\u00e4teen selville tarkka saalism\u00e4\u00e4r\u00e4. Koska saalism\u00e4\u00e4r\u00e4n seuraaminen ei ole t\u00e4ysin reaaliaikaista, oikea lohenkalastuksen keskeytyshetki joudutaan arvioimaan. Ministeri\u00f6n arvion mukaan t\u00e4m\u00e4n vuoden It\u00e4meren p\u00e4\u00e4altaan ja Pohjanlahden kiinti\u00f6 on nyt t\u00e4yttym\u00e4ss\u00e4.<\/p>\n<p>Kalastuskiinti\u00f6tilanne: <a href=\"http:\/\/kalastuskiintiotilanne.mmm.fi\/\" target=\"_blank\">http:\/\/kalastuskiintiotilanne.mmm.fi\/<\/a><\/p>\n","protected":false},"excerpt":{"rendered":"<p>Maa- ja mets\u00e4talousministeri\u00f6 kielt\u00e4\u00e4 lohen kaupallisen kalastuksen It\u00e4meren p\u00e4\u00e4altaan ja Pohjanlahden lohikiinti\u00f6st\u00e4 (ICES osa-alueet 22\u201331), koska lohen kalastuskiinti\u00f6 on t\u00e4yttym\u00e4ss\u00e4. Kieltoalue kattaa mm. Per\u00e4meren, Selk\u00e4meren, Saaristomeren ja Ahvenanmeren. Suomenlahdella lohenkalastus voi jatkua. EU:n asettama lohen kalastuskiinti\u00f6 Suomelle It\u00e4meren p\u00e4\u00e4altaan ja Pohjanlahden alueella on t\u00e4n\u00e4 vuonna yhteens\u00e4 28 787 lohta. Elinkeinokalatalouden saalisrekisteriin oli 21.7.2015 menness\u00e4 tallennettu [&hellip;]<\/p>\n","protected":false},"author":1,"featured_media":0,"comment_status":"closed","ping_status":"closed","sticky":false,"template":"","format":"standard","meta":{"footnotes":""},"categories":[5],"tags":[],"class_list":["post-762","post","type-post","status-publish","format-standard","hentry","category-lohi","eq-blocks"],"yoast_head":"<!-- This site is optimized with the Yoast SEO plugin v27.5 - https:\/\/yoast.com\/product\/yoast-seo-wordpress\/ -->\n<title>It\u00e4meren p\u00e4\u00e4altaan ja Pohjanlahden lohenkalastus keskeytet\u00e4\u00e4n 24.7. alkaen - KALASTUSVIESTI<\/title>\n<meta name=\"robots\" content=\"index, follow, max-snippet:-1, max-image-preview:large, max-video-preview:-1\" \/>\n<link rel=\"canonical\" href=\"https:\/\/www.victoriamedia.org\/kalastusviesti\/itameren-paaaltaan-ja-pohjanlahden-lohenkalastus-keskeytetaan-24-7-alkaen\/\" \/>\n<meta property=\"og:locale\" content=\"en_US\" \/>\n<meta property=\"og:type\" content=\"article\" \/>\n<meta property=\"og:title\" content=\"It\u00e4meren p\u00e4\u00e4altaan ja Pohjanlahden lohenkalastus keskeytet\u00e4\u00e4n 24.7. alkaen - KALASTUSVIESTI\" \/>\n<meta property=\"og:description\" content=\"Maa- ja mets\u00e4talousministeri\u00f6 kielt\u00e4\u00e4 lohen kaupallisen kalastuksen It\u00e4meren p\u00e4\u00e4altaan ja Pohjanlahden lohikiinti\u00f6st\u00e4 (ICES osa-alueet 22\u201331), koska lohen kalastuskiinti\u00f6 on t\u00e4yttym\u00e4ss\u00e4. Kieltoalue kattaa mm. Per\u00e4meren, Selk\u00e4meren, Saaristomeren ja Ahvenanmeren. Suomenlahdella lohenkalastus voi jatkua. EU:n asettama lohen kalastuskiinti\u00f6 Suomelle It\u00e4meren p\u00e4\u00e4altaan ja Pohjanlahden alueella on t\u00e4n\u00e4 vuonna yhteens\u00e4 28 787 lohta. Elinkeinokalatalouden saalisrekisteriin oli 21.7.2015 menness\u00e4 tallennettu [&hellip;]\" \/>\n<meta property=\"og:url\" content=\"https:\/\/www.victoriamedia.org\/kalastusviesti\/itameren-paaaltaan-ja-pohjanlahden-lohenkalastus-keskeytetaan-24-7-alkaen\/\" \/>\n<meta property=\"og:site_name\" content=\"KALASTUSVIESTI\" \/>\n<meta property=\"article:publisher\" content=\"https:\/\/www.facebook.com\/Kalastusviesti\" \/>\n<meta property=\"article:published_time\" content=\"2015-07-21T09:35:48+00:00\" \/>\n<meta name=\"author\" content=\"kerttuvali\" \/>\n<meta name=\"twitter:card\" content=\"summary_large_image\" \/>\n<meta name=\"twitter:creator\" content=\"@kalastusuutiset\" \/>\n<meta name=\"twitter:site\" content=\"@kalastusuutiset\" \/>\n<meta name=\"twitter:label1\" content=\"Written by\" \/>\n\t<meta name=\"twitter:data1\" content=\"kerttuvali\" \/>\n\t<meta name=\"twitter:label2\" content=\"Est. reading time\" \/>\n\t<meta name=\"twitter:data2\" content=\"1 minute\" \/>\n<script type=\"application\/ld+json\" class=\"yoast-schema-graph\">{\"@context\":\"https:\\\/\\\/schema.org\",\"@graph\":[{\"@type\":\"Article\",\"@id\":\"https:\\\/\\\/www.victoriamedia.org\\\/kalastusviesti\\\/itameren-paaaltaan-ja-pohjanlahden-lohenkalastus-keskeytetaan-24-7-alkaen\\\/#article\",\"isPartOf\":{\"@id\":\"https:\\\/\\\/www.victoriamedia.org\\\/kalastusviesti\\\/itameren-paaaltaan-ja-pohjanlahden-lohenkalastus-keskeytetaan-24-7-alkaen\\\/\"},\"author\":{\"name\":\"kerttuvali\",\"@id\":\"https:\\\/\\\/www.victoriamedia.org\\\/kalastusviesti\\\/#\\\/schema\\\/person\\\/df29131d02ead3f61cdeeef5d30a6771\"},\"headline\":\"It\u00e4meren p\u00e4\u00e4altaan ja Pohjanlahden lohenkalastus keskeytet\u00e4\u00e4n 24.7. alkaen\",\"datePublished\":\"2015-07-21T09:35:48+00:00\",\"mainEntityOfPage\":{\"@id\":\"https:\\\/\\\/www.victoriamedia.org\\\/kalastusviesti\\\/itameren-paaaltaan-ja-pohjanlahden-lohenkalastus-keskeytetaan-24-7-alkaen\\\/\"},\"wordCount\":193,\"articleSection\":[\"Lohi\"],\"inLanguage\":\"en-US\"},{\"@type\":\"WebPage\",\"@id\":\"https:\\\/\\\/www.victoriamedia.org\\\/kalastusviesti\\\/itameren-paaaltaan-ja-pohjanlahden-lohenkalastus-keskeytetaan-24-7-alkaen\\\/\",\"url\":\"https:\\\/\\\/www.victoriamedia.org\\\/kalastusviesti\\\/itameren-paaaltaan-ja-pohjanlahden-lohenkalastus-keskeytetaan-24-7-alkaen\\\/\",\"name\":\"It\u00e4meren p\u00e4\u00e4altaan ja Pohjanlahden lohenkalastus keskeytet\u00e4\u00e4n 24.7. alkaen - KALASTUSVIESTI\",\"isPartOf\":{\"@id\":\"https:\\\/\\\/www.victoriamedia.org\\\/kalastusviesti\\\/#website\"},\"datePublished\":\"2015-07-21T09:35:48+00:00\",\"author\":{\"@id\":\"https:\\\/\\\/www.victoriamedia.org\\\/kalastusviesti\\\/#\\\/schema\\\/person\\\/df29131d02ead3f61cdeeef5d30a6771\"},\"breadcrumb\":{\"@id\":\"https:\\\/\\\/www.victoriamedia.org\\\/kalastusviesti\\\/itameren-paaaltaan-ja-pohjanlahden-lohenkalastus-keskeytetaan-24-7-alkaen\\\/#breadcrumb\"},\"inLanguage\":\"en-US\",\"potentialAction\":[{\"@type\":\"ReadAction\",\"target\":[\"https:\\\/\\\/www.victoriamedia.org\\\/kalastusviesti\\\/itameren-paaaltaan-ja-pohjanlahden-lohenkalastus-keskeytetaan-24-7-alkaen\\\/\"]}]},{\"@type\":\"BreadcrumbList\",\"@id\":\"https:\\\/\\\/www.victoriamedia.org\\\/kalastusviesti\\\/itameren-paaaltaan-ja-pohjanlahden-lohenkalastus-keskeytetaan-24-7-alkaen\\\/#breadcrumb\",\"itemListElement\":[{\"@type\":\"ListItem\",\"position\":1,\"name\":\"Home\",\"item\":\"https:\\\/\\\/www.victoriamedia.org\\\/kalastusviesti\\\/\"},{\"@type\":\"ListItem\",\"position\":2,\"name\":\"It\u00e4meren p\u00e4\u00e4altaan ja Pohjanlahden lohenkalastus keskeytet\u00e4\u00e4n 24.7. alkaen\"}]},{\"@type\":\"WebSite\",\"@id\":\"https:\\\/\\\/www.victoriamedia.org\\\/kalastusviesti\\\/#website\",\"url\":\"https:\\\/\\\/www.victoriamedia.org\\\/kalastusviesti\\\/\",\"name\":\"KALASTUSVIESTI\",\"description\":\"\",\"potentialAction\":[{\"@type\":\"SearchAction\",\"target\":{\"@type\":\"EntryPoint\",\"urlTemplate\":\"https:\\\/\\\/www.victoriamedia.org\\\/kalastusviesti\\\/?s={search_term_string}\"},\"query-input\":{\"@type\":\"PropertyValueSpecification\",\"valueRequired\":true,\"valueName\":\"search_term_string\"}}],\"inLanguage\":\"en-US\"},{\"@type\":\"Person\",\"@id\":\"https:\\\/\\\/www.victoriamedia.org\\\/kalastusviesti\\\/#\\\/schema\\\/person\\\/df29131d02ead3f61cdeeef5d30a6771\",\"name\":\"kerttuvali\",\"image\":{\"@type\":\"ImageObject\",\"inLanguage\":\"en-US\",\"@id\":\"https:\\\/\\\/secure.gravatar.com\\\/avatar\\\/62dbe1a847f655ad987c59fece23f885c4b0e7b06595c36d9597003852972217?s=96&d=mm&r=g\",\"url\":\"https:\\\/\\\/secure.gravatar.com\\\/avatar\\\/62dbe1a847f655ad987c59fece23f885c4b0e7b06595c36d9597003852972217?s=96&d=mm&r=g\",\"contentUrl\":\"https:\\\/\\\/secure.gravatar.com\\\/avatar\\\/62dbe1a847f655ad987c59fece23f885c4b0e7b06595c36d9597003852972217?s=96&d=mm&r=g\",\"caption\":\"kerttuvali\"},\"url\":\"https:\\\/\\\/www.victoriamedia.org\\\/kalastusviesti\\\/author\\\/kerttuvali\\\/\"}]}<\/script>\n<!-- \/ Yoast SEO plugin. -->","yoast_head_json":{"title":"It\u00e4meren p\u00e4\u00e4altaan ja Pohjanlahden lohenkalastus keskeytet\u00e4\u00e4n 24.7. alkaen - KALASTUSVIESTI","robots":{"index":"index","follow":"follow","max-snippet":"max-snippet:-1","max-image-preview":"max-image-preview:large","max-video-preview":"max-video-preview:-1"},"canonical":"https:\/\/www.victoriamedia.org\/kalastusviesti\/itameren-paaaltaan-ja-pohjanlahden-lohenkalastus-keskeytetaan-24-7-alkaen\/","og_locale":"en_US","og_type":"article","og_title":"It\u00e4meren p\u00e4\u00e4altaan ja Pohjanlahden lohenkalastus keskeytet\u00e4\u00e4n 24.7. alkaen - KALASTUSVIESTI","og_description":"Maa- ja mets\u00e4talousministeri\u00f6 kielt\u00e4\u00e4 lohen kaupallisen kalastuksen It\u00e4meren p\u00e4\u00e4altaan ja Pohjanlahden lohikiinti\u00f6st\u00e4 (ICES osa-alueet 22\u201331), koska lohen kalastuskiinti\u00f6 on t\u00e4yttym\u00e4ss\u00e4. Kieltoalue kattaa mm. Per\u00e4meren, Selk\u00e4meren, Saaristomeren ja Ahvenanmeren. Suomenlahdella lohenkalastus voi jatkua. EU:n asettama lohen kalastuskiinti\u00f6 Suomelle It\u00e4meren p\u00e4\u00e4altaan ja Pohjanlahden alueella on t\u00e4n\u00e4 vuonna yhteens\u00e4 28 787 lohta. Elinkeinokalatalouden saalisrekisteriin oli 21.7.2015 menness\u00e4 tallennettu [&hellip;]","og_url":"https:\/\/www.victoriamedia.org\/kalastusviesti\/itameren-paaaltaan-ja-pohjanlahden-lohenkalastus-keskeytetaan-24-7-alkaen\/","og_site_name":"KALASTUSVIESTI","article_publisher":"https:\/\/www.facebook.com\/Kalastusviesti","article_published_time":"2015-07-21T09:35:48+00:00","author":"kerttuvali","twitter_card":"summary_large_image","twitter_creator":"@kalastusuutiset","twitter_site":"@kalastusuutiset","twitter_misc":{"Written by":"kerttuvali","Est. reading time":"1 minute"},"schema":{"@context":"https:\/\/schema.org","@graph":[{"@type":"Article","@id":"https:\/\/www.victoriamedia.org\/kalastusviesti\/itameren-paaaltaan-ja-pohjanlahden-lohenkalastus-keskeytetaan-24-7-alkaen\/#article","isPartOf":{"@id":"https:\/\/www.victoriamedia.org\/kalastusviesti\/itameren-paaaltaan-ja-pohjanlahden-lohenkalastus-keskeytetaan-24-7-alkaen\/"},"author":{"name":"kerttuvali","@id":"https:\/\/www.victoriamedia.org\/kalastusviesti\/#\/schema\/person\/df29131d02ead3f61cdeeef5d30a6771"},"headline":"It\u00e4meren p\u00e4\u00e4altaan ja Pohjanlahden lohenkalastus keskeytet\u00e4\u00e4n 24.7. alkaen","datePublished":"2015-07-21T09:35:48+00:00","mainEntityOfPage":{"@id":"https:\/\/www.victoriamedia.org\/kalastusviesti\/itameren-paaaltaan-ja-pohjanlahden-lohenkalastus-keskeytetaan-24-7-alkaen\/"},"wordCount":193,"articleSection":["Lohi"],"inLanguage":"en-US"},{"@type":"WebPage","@id":"https:\/\/www.victoriamedia.org\/kalastusviesti\/itameren-paaaltaan-ja-pohjanlahden-lohenkalastus-keskeytetaan-24-7-alkaen\/","url":"https:\/\/www.victoriamedia.org\/kalastusviesti\/itameren-paaaltaan-ja-pohjanlahden-lohenkalastus-keskeytetaan-24-7-alkaen\/","name":"It\u00e4meren p\u00e4\u00e4altaan ja Pohjanlahden lohenkalastus keskeytet\u00e4\u00e4n 24.7. alkaen - KALASTUSVIESTI","isPartOf":{"@id":"https:\/\/www.victoriamedia.org\/kalastusviesti\/#website"},"datePublished":"2015-07-21T09:35:48+00:00","author":{"@id":"https:\/\/www.victoriamedia.org\/kalastusviesti\/#\/schema\/person\/df29131d02ead3f61cdeeef5d30a6771"},"breadcrumb":{"@id":"https:\/\/www.victoriamedia.org\/kalastusviesti\/itameren-paaaltaan-ja-pohjanlahden-lohenkalastus-keskeytetaan-24-7-alkaen\/#breadcrumb"},"inLanguage":"en-US","potentialAction":[{"@type":"ReadAction","target":["https:\/\/www.victoriamedia.org\/kalastusviesti\/itameren-paaaltaan-ja-pohjanlahden-lohenkalastus-keskeytetaan-24-7-alkaen\/"]}]},{"@type":"BreadcrumbList","@id":"https:\/\/www.victoriamedia.org\/kalastusviesti\/itameren-paaaltaan-ja-pohjanlahden-lohenkalastus-keskeytetaan-24-7-alkaen\/#breadcrumb","itemListElement":[{"@type":"ListItem","position":1,"name":"Home","item":"https:\/\/www.victoriamedia.org\/kalastusviesti\/"},{"@type":"ListItem","position":2,"name":"It\u00e4meren p\u00e4\u00e4altaan ja Pohjanlahden lohenkalastus keskeytet\u00e4\u00e4n 24.7. alkaen"}]},{"@type":"WebSite","@id":"https:\/\/www.victoriamedia.org\/kalastusviesti\/#website","url":"https:\/\/www.victoriamedia.org\/kalastusviesti\/","name":"KALASTUSVIESTI","description":"","potentialAction":[{"@type":"SearchAction","target":{"@type":"EntryPoint","urlTemplate":"https:\/\/www.victoriamedia.org\/kalastusviesti\/?s={search_term_string}"},"query-input":{"@type":"PropertyValueSpecification","valueRequired":true,"valueName":"search_term_string"}}],"inLanguage":"en-US"},{"@type":"Person","@id":"https:\/\/www.victoriamedia.org\/kalastusviesti\/#\/schema\/person\/df29131d02ead3f61cdeeef5d30a6771","name":"kerttuvali","image":{"@type":"ImageObject","inLanguage":"en-US","@id":"https:\/\/secure.gravatar.com\/avatar\/62dbe1a847f655ad987c59fece23f885c4b0e7b06595c36d9597003852972217?s=96&d=mm&r=g","url":"https:\/\/secure.gravatar.com\/avatar\/62dbe1a847f655ad987c59fece23f885c4b0e7b06595c36d9597003852972217?s=96&d=mm&r=g","contentUrl":"https:\/\/secure.gravatar.com\/avatar\/62dbe1a847f655ad987c59fece23f885c4b0e7b06595c36d9597003852972217?s=96&d=mm&r=g","caption":"kerttuvali"},"url":"https:\/\/www.victoriamedia.org\/kalastusviesti\/author\/kerttuvali\/"}]}},"_links":{"self":[{"href":"https:\/\/www.victoriamedia.org\/kalastusviesti\/wp-json\/wp\/v2\/posts\/762","targetHints":{"allow":["GET"]}}],"collection":[{"href":"https:\/\/www.victoriamedia.org\/kalastusviesti\/wp-json\/wp\/v2\/posts"}],"about":[{"href":"https:\/\/www.victoriamedia.org\/kalastusviesti\/wp-json\/wp\/v2\/types\/post"}],"author":[{"embeddable":true,"href":"https:\/\/www.victoriamedia.org\/kalastusviesti\/wp-json\/wp\/v2\/users\/1"}],"replies":[{"embeddable":true,"href":"https:\/\/www.victoriamedia.org\/kalastusviesti\/wp-json\/wp\/v2\/comments?post=762"}],"version-history":[{"count":1,"href":"https:\/\/www.victoriamedia.org\/kalastusviesti\/wp-json\/wp\/v2\/posts\/762\/revisions"}],"predecessor-version":[{"id":763,"href":"https:\/\/www.victoriamedia.org\/kalastusviesti\/wp-json\/wp\/v2\/posts\/762\/revisions\/763"}],"wp:attachment":[{"href":"https:\/\/www.victoriamedia.org\/kalastusviesti\/wp-json\/wp\/v2\/media?parent=762"}],"wp:term":[{"taxonomy":"category","embeddable":true,"href":"https:\/\/www.victoriamedia.org\/kalastusviesti\/wp-json\/wp\/v2\/categories?post=762"},{"taxonomy":"post_tag","embeddable":true,"href":"https:\/\/www.victoriamedia.org\/kalastusviesti\/wp-json\/wp\/v2\/tags?post=762"}],"curies":[{"name":"wp","href":"https:\/\/api.w.org\/{rel}","templated":true}]}}