{"id":668,"date":"2015-05-12T12:44:45","date_gmt":"2015-05-12T12:44:45","guid":{"rendered":"http:\/\/www.victoriamedia.org\/kalastusviesti\/?p=668"},"modified":"2015-05-12T12:44:45","modified_gmt":"2015-05-12T12:44:45","slug":"ministeriolle-mitali-ja-kunniakirja-vaelluskalakantojen-palauttamiseksi-tehdysta-tyosta","status":"publish","type":"post","link":"https:\/\/www.victoriamedia.org\/kalastusviesti\/ministeriolle-mitali-ja-kunniakirja-vaelluskalakantojen-palauttamiseksi-tehdysta-tyosta\/","title":{"rendered":"Ministeri\u00f6lle mitali ja kunniakirja vaelluskalakantojen palauttamiseksi tehdyst\u00e4 ty\u00f6st\u00e4"},"content":{"rendered":"<h4><a href=\"https:\/\/www.victoriamedia.org\/kalastusviesti\/wp-content\/uploads\/2015\/05\/mitali.jpg\"><img loading=\"lazy\" decoding=\"async\" class=\"alignnone  wp-image-669\" src=\"https:\/\/www.victoriamedia.org\/kalastusviesti\/wp-content\/uploads\/2015\/05\/mitali.jpg\" alt=\"mitali\" width=\"505\" height=\"379\" srcset=\"https:\/\/www.victoriamedia.org\/kalastusviesti\/wp-content\/uploads\/2015\/05\/mitali.jpg 373w, https:\/\/www.victoriamedia.org\/kalastusviesti\/wp-content\/uploads\/2015\/05\/mitali-300x225.jpg 300w\" sizes=\"auto, (max-width: 505px) 100vw, 505px\" \/><\/a><\/h4>\n<h4>Lapin Ely &#8211; keskus ja Lohijokitiimi ry j\u00e4rjestiv\u00e4t vaelluskalojen palauttamiseen liittyvist\u00e4 hankkeista seminaarin Keminmaan kunnan valtuustosalissa 06. 05.2015 kello 10:00 alkaen.<\/h4>\n<p>Yhdistys on my\u00f6s k\u00e4ynnist\u00e4nyt vuonna 2002 toimintamallin, jossa palkitaan vuosittain Kemi\/Ounasjoen vaelluskalojen palauttamista ansiokkaasti tukeneet organisaatiot tai henkil\u00f6t. Mitali on muisto sen saajalle osallistumisesta Kemi\/Ounasjoen vaelluskalakantojen palauttamiseen.<\/p>\n<p><strong>Vuonna 2015 Lohijokimitalit luovutettiin Keminmaan kalatieseminaarissa Maa- ja Mets\u00e4talousministeri\u00f6lle sek\u00e4 Luonnonvarakeskuksen tutkija Panu Orellille.<\/strong><\/p>\n<p>Perusteluina yhdistyksen hallitus pit\u00e4\u00e4 sit\u00e4, ett\u00e4 Maa- ja Mets\u00e4talousministeri\u00f6 on lyhyell\u00e4 aikav\u00e4lill\u00e4 laatinut toimenpideohjelman vaelluskalojen palauttamiseksi rakennettuihin jokiin (kalatiestrategian) sek\u00e4 tutkija Orellin osalta nuoruuden innostusta tutkijanty\u00f6h\u00f6n ja vaelluskalojen palauttamisen problematiikkaan.<\/p>\n<p>Mitalissa sen A-puoli kuvaa lohien nousua kosken py\u00f6rteiss\u00e4, niiden ponnistellessa kutusijojaan kohti. T\u00e4t\u00e4 kuvaa mitalin keskell\u00e4 oleva reik\u00e4.Py\u00f6rteen reunalle kaiverrettu vuosiluku 2002.<\/p>\n<p>Mitalin B-puoli kuvaa veden py\u00f6rteit\u00e4 lohiportaissa kohti mitalin keskell\u00e4 olevaa reik\u00e4\u00e4, joka kuvaa viimeisen portaan vapauttavaa aukkoa, jossa lohi p\u00e4\u00e4see kahleistaan ja jatkaa matkaansa vapaassa joessa.<\/p>\n<p>P\u00e4\u00e4ll\u00e4 kaiverrus PRO SALMO SALAR LOHIJOKI. Mitalin reuna on voimakkaasti uurrettu kuvaamaan kosken py\u00f6rteitten voimaa ja symboloi my\u00f6s perhovavan kelaa.<\/p>\n<p>Mitalin suunnitteli kuvanveist\u00e4j\u00e4 Jarkko Roth. Taitelijalla on noin kaksikymment\u00e4 kotimaan kokoelmaa. H\u00e4net on palkittu useissa kotimaisissa veistoskilpailuissa (15), joista mainittavimmat lunastus Valtiovarainministeri\u00f6n juhlarahan suunnittelukilpailussa \u201d50 rauhan vuotta\u201d 1995. 1Palkinto Valtiovarainministeri\u00f6n Eurokolikkojen suunnittelukilpailussa 1997.Julkiset teokset Espoossa, Turussa, Uudessakaupungissa, Helsingiss\u00e4, Tampereella ja Salossa<\/p>\n<p>Ulkomaiset kokoelmat Ruotsissa, Norjassa, Tanskassa, Ranskassa, Italiassa ja Yhdysvalloissa. Kunniamaininta XVIII FID EM-mitalikilpailussa 1979 Lissabon, Kultamitali Ravennan V:ss\u00e4 kv, biennaalissa 1981, Italia, Kunniamaininta Ravennan VI:ssa biennaalissa 1983, Italia.<\/p>\n<h4><em>Mitalin toteutus: &#8211; Valtion rahapaja<\/em><\/h4>\n<h4><em>&#8211; valmistusmateriaali pronssi<\/em><\/h4>\n<h4><em>&#8211; halkaisija 78 mm<\/em><\/h4>\n<h4><em>&#8211; vahvuus 35 mm<\/em><\/h4>\n","protected":false},"excerpt":{"rendered":"<p>Lapin Ely &#8211; keskus ja Lohijokitiimi ry j\u00e4rjestiv\u00e4t vaelluskalojen palauttamiseen liittyvist\u00e4 hankkeista seminaarin Keminmaan kunnan valtuustosalissa 06. 05.2015 kello 10:00 alkaen. Yhdistys on my\u00f6s k\u00e4ynnist\u00e4nyt vuonna 2002 toimintamallin, jossa palkitaan vuosittain Kemi\/Ounasjoen vaelluskalojen palauttamista ansiokkaasti tukeneet organisaatiot tai henkil\u00f6t. Mitali on muisto sen saajalle osallistumisesta Kemi\/Ounasjoen vaelluskalakantojen palauttamiseen. Vuonna 2015 Lohijokimitalit luovutettiin Keminmaan kalatieseminaarissa Maa- [&hellip;]<\/p>\n","protected":false},"author":1,"featured_media":0,"comment_status":"closed","ping_status":"closed","sticky":false,"template":"","format":"standard","meta":{"footnotes":""},"categories":[62,88],"tags":[],"class_list":["post-668","post","type-post","status-publish","format-standard","hentry","category-lapin-ely-keskus","category-lohijokitiimi-ry","eq-blocks"],"yoast_head":"<!-- This site is optimized with the Yoast SEO plugin v27.5 - https:\/\/yoast.com\/product\/yoast-seo-wordpress\/ -->\n<title>Ministeri\u00f6lle mitali ja kunniakirja vaelluskalakantojen palauttamiseksi tehdyst\u00e4 ty\u00f6st\u00e4 - KALASTUSVIESTI<\/title>\n<meta name=\"robots\" content=\"index, follow, max-snippet:-1, max-image-preview:large, max-video-preview:-1\" \/>\n<link rel=\"canonical\" href=\"https:\/\/www.victoriamedia.org\/kalastusviesti\/ministeriolle-mitali-ja-kunniakirja-vaelluskalakantojen-palauttamiseksi-tehdysta-tyosta\/\" \/>\n<meta property=\"og:locale\" content=\"en_US\" \/>\n<meta property=\"og:type\" content=\"article\" \/>\n<meta property=\"og:title\" content=\"Ministeri\u00f6lle mitali ja kunniakirja vaelluskalakantojen palauttamiseksi tehdyst\u00e4 ty\u00f6st\u00e4 - KALASTUSVIESTI\" \/>\n<meta property=\"og:description\" content=\"Lapin Ely &#8211; keskus ja Lohijokitiimi ry j\u00e4rjestiv\u00e4t vaelluskalojen palauttamiseen liittyvist\u00e4 hankkeista seminaarin Keminmaan kunnan valtuustosalissa 06. 05.2015 kello 10:00 alkaen. Yhdistys on my\u00f6s k\u00e4ynnist\u00e4nyt vuonna 2002 toimintamallin, jossa palkitaan vuosittain Kemi\/Ounasjoen vaelluskalojen palauttamista ansiokkaasti tukeneet organisaatiot tai henkil\u00f6t. Mitali on muisto sen saajalle osallistumisesta Kemi\/Ounasjoen vaelluskalakantojen palauttamiseen. Vuonna 2015 Lohijokimitalit luovutettiin Keminmaan kalatieseminaarissa Maa- [&hellip;]\" \/>\n<meta property=\"og:url\" content=\"https:\/\/www.victoriamedia.org\/kalastusviesti\/ministeriolle-mitali-ja-kunniakirja-vaelluskalakantojen-palauttamiseksi-tehdysta-tyosta\/\" \/>\n<meta property=\"og:site_name\" content=\"KALASTUSVIESTI\" \/>\n<meta property=\"article:publisher\" content=\"https:\/\/www.facebook.com\/Kalastusviesti\" \/>\n<meta property=\"article:published_time\" content=\"2015-05-12T12:44:45+00:00\" \/>\n<meta property=\"og:image\" content=\"http:\/\/www.victoriamedia.org\/kalastusviesti\/wp-content\/uploads\/2015\/05\/mitali.jpg\" \/>\n<meta name=\"author\" content=\"kerttuvali\" \/>\n<meta name=\"twitter:card\" content=\"summary_large_image\" \/>\n<meta name=\"twitter:creator\" content=\"@kalastusuutiset\" \/>\n<meta name=\"twitter:site\" content=\"@kalastusuutiset\" \/>\n<meta name=\"twitter:label1\" content=\"Written by\" \/>\n\t<meta name=\"twitter:data1\" content=\"kerttuvali\" \/>\n\t<meta name=\"twitter:label2\" content=\"Est. reading time\" \/>\n\t<meta name=\"twitter:data2\" content=\"1 minute\" \/>\n<script type=\"application\/ld+json\" class=\"yoast-schema-graph\">{\"@context\":\"https:\\\/\\\/schema.org\",\"@graph\":[{\"@type\":\"Article\",\"@id\":\"https:\\\/\\\/www.victoriamedia.org\\\/kalastusviesti\\\/ministeriolle-mitali-ja-kunniakirja-vaelluskalakantojen-palauttamiseksi-tehdysta-tyosta\\\/#article\",\"isPartOf\":{\"@id\":\"https:\\\/\\\/www.victoriamedia.org\\\/kalastusviesti\\\/ministeriolle-mitali-ja-kunniakirja-vaelluskalakantojen-palauttamiseksi-tehdysta-tyosta\\\/\"},\"author\":{\"name\":\"kerttuvali\",\"@id\":\"https:\\\/\\\/www.victoriamedia.org\\\/kalastusviesti\\\/#\\\/schema\\\/person\\\/df29131d02ead3f61cdeeef5d30a6771\"},\"headline\":\"Ministeri\u00f6lle mitali ja kunniakirja vaelluskalakantojen palauttamiseksi tehdyst\u00e4 ty\u00f6st\u00e4\",\"datePublished\":\"2015-05-12T12:44:45+00:00\",\"mainEntityOfPage\":{\"@id\":\"https:\\\/\\\/www.victoriamedia.org\\\/kalastusviesti\\\/ministeriolle-mitali-ja-kunniakirja-vaelluskalakantojen-palauttamiseksi-tehdysta-tyosta\\\/\"},\"wordCount\":270,\"image\":{\"@id\":\"https:\\\/\\\/www.victoriamedia.org\\\/kalastusviesti\\\/ministeriolle-mitali-ja-kunniakirja-vaelluskalakantojen-palauttamiseksi-tehdysta-tyosta\\\/#primaryimage\"},\"thumbnailUrl\":\"http:\\\/\\\/www.victoriamedia.org\\\/kalastusviesti\\\/wp-content\\\/uploads\\\/2015\\\/05\\\/mitali.jpg\",\"articleSection\":[\"Lapin ELY-keskus\",\"Lohijokitiimi ry\"],\"inLanguage\":\"en-US\"},{\"@type\":\"WebPage\",\"@id\":\"https:\\\/\\\/www.victoriamedia.org\\\/kalastusviesti\\\/ministeriolle-mitali-ja-kunniakirja-vaelluskalakantojen-palauttamiseksi-tehdysta-tyosta\\\/\",\"url\":\"https:\\\/\\\/www.victoriamedia.org\\\/kalastusviesti\\\/ministeriolle-mitali-ja-kunniakirja-vaelluskalakantojen-palauttamiseksi-tehdysta-tyosta\\\/\",\"name\":\"Ministeri\u00f6lle mitali ja kunniakirja vaelluskalakantojen palauttamiseksi tehdyst\u00e4 ty\u00f6st\u00e4 - KALASTUSVIESTI\",\"isPartOf\":{\"@id\":\"https:\\\/\\\/www.victoriamedia.org\\\/kalastusviesti\\\/#website\"},\"primaryImageOfPage\":{\"@id\":\"https:\\\/\\\/www.victoriamedia.org\\\/kalastusviesti\\\/ministeriolle-mitali-ja-kunniakirja-vaelluskalakantojen-palauttamiseksi-tehdysta-tyosta\\\/#primaryimage\"},\"image\":{\"@id\":\"https:\\\/\\\/www.victoriamedia.org\\\/kalastusviesti\\\/ministeriolle-mitali-ja-kunniakirja-vaelluskalakantojen-palauttamiseksi-tehdysta-tyosta\\\/#primaryimage\"},\"thumbnailUrl\":\"http:\\\/\\\/www.victoriamedia.org\\\/kalastusviesti\\\/wp-content\\\/uploads\\\/2015\\\/05\\\/mitali.jpg\",\"datePublished\":\"2015-05-12T12:44:45+00:00\",\"author\":{\"@id\":\"https:\\\/\\\/www.victoriamedia.org\\\/kalastusviesti\\\/#\\\/schema\\\/person\\\/df29131d02ead3f61cdeeef5d30a6771\"},\"breadcrumb\":{\"@id\":\"https:\\\/\\\/www.victoriamedia.org\\\/kalastusviesti\\\/ministeriolle-mitali-ja-kunniakirja-vaelluskalakantojen-palauttamiseksi-tehdysta-tyosta\\\/#breadcrumb\"},\"inLanguage\":\"en-US\",\"potentialAction\":[{\"@type\":\"ReadAction\",\"target\":[\"https:\\\/\\\/www.victoriamedia.org\\\/kalastusviesti\\\/ministeriolle-mitali-ja-kunniakirja-vaelluskalakantojen-palauttamiseksi-tehdysta-tyosta\\\/\"]}]},{\"@type\":\"ImageObject\",\"inLanguage\":\"en-US\",\"@id\":\"https:\\\/\\\/www.victoriamedia.org\\\/kalastusviesti\\\/ministeriolle-mitali-ja-kunniakirja-vaelluskalakantojen-palauttamiseksi-tehdysta-tyosta\\\/#primaryimage\",\"url\":\"https:\\\/\\\/www.victoriamedia.org\\\/kalastusviesti\\\/wp-content\\\/uploads\\\/2015\\\/05\\\/mitali.jpg\",\"contentUrl\":\"https:\\\/\\\/www.victoriamedia.org\\\/kalastusviesti\\\/wp-content\\\/uploads\\\/2015\\\/05\\\/mitali.jpg\",\"width\":373,\"height\":280},{\"@type\":\"BreadcrumbList\",\"@id\":\"https:\\\/\\\/www.victoriamedia.org\\\/kalastusviesti\\\/ministeriolle-mitali-ja-kunniakirja-vaelluskalakantojen-palauttamiseksi-tehdysta-tyosta\\\/#breadcrumb\",\"itemListElement\":[{\"@type\":\"ListItem\",\"position\":1,\"name\":\"Home\",\"item\":\"https:\\\/\\\/www.victoriamedia.org\\\/kalastusviesti\\\/\"},{\"@type\":\"ListItem\",\"position\":2,\"name\":\"Ministeri\u00f6lle mitali ja kunniakirja vaelluskalakantojen palauttamiseksi tehdyst\u00e4 ty\u00f6st\u00e4\"}]},{\"@type\":\"WebSite\",\"@id\":\"https:\\\/\\\/www.victoriamedia.org\\\/kalastusviesti\\\/#website\",\"url\":\"https:\\\/\\\/www.victoriamedia.org\\\/kalastusviesti\\\/\",\"name\":\"KALASTUSVIESTI\",\"description\":\"\",\"potentialAction\":[{\"@type\":\"SearchAction\",\"target\":{\"@type\":\"EntryPoint\",\"urlTemplate\":\"https:\\\/\\\/www.victoriamedia.org\\\/kalastusviesti\\\/?s={search_term_string}\"},\"query-input\":{\"@type\":\"PropertyValueSpecification\",\"valueRequired\":true,\"valueName\":\"search_term_string\"}}],\"inLanguage\":\"en-US\"},{\"@type\":\"Person\",\"@id\":\"https:\\\/\\\/www.victoriamedia.org\\\/kalastusviesti\\\/#\\\/schema\\\/person\\\/df29131d02ead3f61cdeeef5d30a6771\",\"name\":\"kerttuvali\",\"image\":{\"@type\":\"ImageObject\",\"inLanguage\":\"en-US\",\"@id\":\"https:\\\/\\\/secure.gravatar.com\\\/avatar\\\/62dbe1a847f655ad987c59fece23f885c4b0e7b06595c36d9597003852972217?s=96&d=mm&r=g\",\"url\":\"https:\\\/\\\/secure.gravatar.com\\\/avatar\\\/62dbe1a847f655ad987c59fece23f885c4b0e7b06595c36d9597003852972217?s=96&d=mm&r=g\",\"contentUrl\":\"https:\\\/\\\/secure.gravatar.com\\\/avatar\\\/62dbe1a847f655ad987c59fece23f885c4b0e7b06595c36d9597003852972217?s=96&d=mm&r=g\",\"caption\":\"kerttuvali\"},\"url\":\"https:\\\/\\\/www.victoriamedia.org\\\/kalastusviesti\\\/author\\\/kerttuvali\\\/\"}]}<\/script>\n<!-- \/ Yoast SEO plugin. -->","yoast_head_json":{"title":"Ministeri\u00f6lle mitali ja kunniakirja vaelluskalakantojen palauttamiseksi tehdyst\u00e4 ty\u00f6st\u00e4 - KALASTUSVIESTI","robots":{"index":"index","follow":"follow","max-snippet":"max-snippet:-1","max-image-preview":"max-image-preview:large","max-video-preview":"max-video-preview:-1"},"canonical":"https:\/\/www.victoriamedia.org\/kalastusviesti\/ministeriolle-mitali-ja-kunniakirja-vaelluskalakantojen-palauttamiseksi-tehdysta-tyosta\/","og_locale":"en_US","og_type":"article","og_title":"Ministeri\u00f6lle mitali ja kunniakirja vaelluskalakantojen palauttamiseksi tehdyst\u00e4 ty\u00f6st\u00e4 - KALASTUSVIESTI","og_description":"Lapin Ely &#8211; keskus ja Lohijokitiimi ry j\u00e4rjestiv\u00e4t vaelluskalojen palauttamiseen liittyvist\u00e4 hankkeista seminaarin Keminmaan kunnan valtuustosalissa 06. 05.2015 kello 10:00 alkaen. Yhdistys on my\u00f6s k\u00e4ynnist\u00e4nyt vuonna 2002 toimintamallin, jossa palkitaan vuosittain Kemi\/Ounasjoen vaelluskalojen palauttamista ansiokkaasti tukeneet organisaatiot tai henkil\u00f6t. Mitali on muisto sen saajalle osallistumisesta Kemi\/Ounasjoen vaelluskalakantojen palauttamiseen. Vuonna 2015 Lohijokimitalit luovutettiin Keminmaan kalatieseminaarissa Maa- [&hellip;]","og_url":"https:\/\/www.victoriamedia.org\/kalastusviesti\/ministeriolle-mitali-ja-kunniakirja-vaelluskalakantojen-palauttamiseksi-tehdysta-tyosta\/","og_site_name":"KALASTUSVIESTI","article_publisher":"https:\/\/www.facebook.com\/Kalastusviesti","article_published_time":"2015-05-12T12:44:45+00:00","og_image":[{"url":"http:\/\/www.victoriamedia.org\/kalastusviesti\/wp-content\/uploads\/2015\/05\/mitali.jpg","type":"","width":"","height":""}],"author":"kerttuvali","twitter_card":"summary_large_image","twitter_creator":"@kalastusuutiset","twitter_site":"@kalastusuutiset","twitter_misc":{"Written by":"kerttuvali","Est. reading time":"1 minute"},"schema":{"@context":"https:\/\/schema.org","@graph":[{"@type":"Article","@id":"https:\/\/www.victoriamedia.org\/kalastusviesti\/ministeriolle-mitali-ja-kunniakirja-vaelluskalakantojen-palauttamiseksi-tehdysta-tyosta\/#article","isPartOf":{"@id":"https:\/\/www.victoriamedia.org\/kalastusviesti\/ministeriolle-mitali-ja-kunniakirja-vaelluskalakantojen-palauttamiseksi-tehdysta-tyosta\/"},"author":{"name":"kerttuvali","@id":"https:\/\/www.victoriamedia.org\/kalastusviesti\/#\/schema\/person\/df29131d02ead3f61cdeeef5d30a6771"},"headline":"Ministeri\u00f6lle mitali ja kunniakirja vaelluskalakantojen palauttamiseksi tehdyst\u00e4 ty\u00f6st\u00e4","datePublished":"2015-05-12T12:44:45+00:00","mainEntityOfPage":{"@id":"https:\/\/www.victoriamedia.org\/kalastusviesti\/ministeriolle-mitali-ja-kunniakirja-vaelluskalakantojen-palauttamiseksi-tehdysta-tyosta\/"},"wordCount":270,"image":{"@id":"https:\/\/www.victoriamedia.org\/kalastusviesti\/ministeriolle-mitali-ja-kunniakirja-vaelluskalakantojen-palauttamiseksi-tehdysta-tyosta\/#primaryimage"},"thumbnailUrl":"http:\/\/www.victoriamedia.org\/kalastusviesti\/wp-content\/uploads\/2015\/05\/mitali.jpg","articleSection":["Lapin ELY-keskus","Lohijokitiimi ry"],"inLanguage":"en-US"},{"@type":"WebPage","@id":"https:\/\/www.victoriamedia.org\/kalastusviesti\/ministeriolle-mitali-ja-kunniakirja-vaelluskalakantojen-palauttamiseksi-tehdysta-tyosta\/","url":"https:\/\/www.victoriamedia.org\/kalastusviesti\/ministeriolle-mitali-ja-kunniakirja-vaelluskalakantojen-palauttamiseksi-tehdysta-tyosta\/","name":"Ministeri\u00f6lle mitali ja kunniakirja vaelluskalakantojen palauttamiseksi tehdyst\u00e4 ty\u00f6st\u00e4 - KALASTUSVIESTI","isPartOf":{"@id":"https:\/\/www.victoriamedia.org\/kalastusviesti\/#website"},"primaryImageOfPage":{"@id":"https:\/\/www.victoriamedia.org\/kalastusviesti\/ministeriolle-mitali-ja-kunniakirja-vaelluskalakantojen-palauttamiseksi-tehdysta-tyosta\/#primaryimage"},"image":{"@id":"https:\/\/www.victoriamedia.org\/kalastusviesti\/ministeriolle-mitali-ja-kunniakirja-vaelluskalakantojen-palauttamiseksi-tehdysta-tyosta\/#primaryimage"},"thumbnailUrl":"http:\/\/www.victoriamedia.org\/kalastusviesti\/wp-content\/uploads\/2015\/05\/mitali.jpg","datePublished":"2015-05-12T12:44:45+00:00","author":{"@id":"https:\/\/www.victoriamedia.org\/kalastusviesti\/#\/schema\/person\/df29131d02ead3f61cdeeef5d30a6771"},"breadcrumb":{"@id":"https:\/\/www.victoriamedia.org\/kalastusviesti\/ministeriolle-mitali-ja-kunniakirja-vaelluskalakantojen-palauttamiseksi-tehdysta-tyosta\/#breadcrumb"},"inLanguage":"en-US","potentialAction":[{"@type":"ReadAction","target":["https:\/\/www.victoriamedia.org\/kalastusviesti\/ministeriolle-mitali-ja-kunniakirja-vaelluskalakantojen-palauttamiseksi-tehdysta-tyosta\/"]}]},{"@type":"ImageObject","inLanguage":"en-US","@id":"https:\/\/www.victoriamedia.org\/kalastusviesti\/ministeriolle-mitali-ja-kunniakirja-vaelluskalakantojen-palauttamiseksi-tehdysta-tyosta\/#primaryimage","url":"https:\/\/www.victoriamedia.org\/kalastusviesti\/wp-content\/uploads\/2015\/05\/mitali.jpg","contentUrl":"https:\/\/www.victoriamedia.org\/kalastusviesti\/wp-content\/uploads\/2015\/05\/mitali.jpg","width":373,"height":280},{"@type":"BreadcrumbList","@id":"https:\/\/www.victoriamedia.org\/kalastusviesti\/ministeriolle-mitali-ja-kunniakirja-vaelluskalakantojen-palauttamiseksi-tehdysta-tyosta\/#breadcrumb","itemListElement":[{"@type":"ListItem","position":1,"name":"Home","item":"https:\/\/www.victoriamedia.org\/kalastusviesti\/"},{"@type":"ListItem","position":2,"name":"Ministeri\u00f6lle mitali ja kunniakirja vaelluskalakantojen palauttamiseksi tehdyst\u00e4 ty\u00f6st\u00e4"}]},{"@type":"WebSite","@id":"https:\/\/www.victoriamedia.org\/kalastusviesti\/#website","url":"https:\/\/www.victoriamedia.org\/kalastusviesti\/","name":"KALASTUSVIESTI","description":"","potentialAction":[{"@type":"SearchAction","target":{"@type":"EntryPoint","urlTemplate":"https:\/\/www.victoriamedia.org\/kalastusviesti\/?s={search_term_string}"},"query-input":{"@type":"PropertyValueSpecification","valueRequired":true,"valueName":"search_term_string"}}],"inLanguage":"en-US"},{"@type":"Person","@id":"https:\/\/www.victoriamedia.org\/kalastusviesti\/#\/schema\/person\/df29131d02ead3f61cdeeef5d30a6771","name":"kerttuvali","image":{"@type":"ImageObject","inLanguage":"en-US","@id":"https:\/\/secure.gravatar.com\/avatar\/62dbe1a847f655ad987c59fece23f885c4b0e7b06595c36d9597003852972217?s=96&d=mm&r=g","url":"https:\/\/secure.gravatar.com\/avatar\/62dbe1a847f655ad987c59fece23f885c4b0e7b06595c36d9597003852972217?s=96&d=mm&r=g","contentUrl":"https:\/\/secure.gravatar.com\/avatar\/62dbe1a847f655ad987c59fece23f885c4b0e7b06595c36d9597003852972217?s=96&d=mm&r=g","caption":"kerttuvali"},"url":"https:\/\/www.victoriamedia.org\/kalastusviesti\/author\/kerttuvali\/"}]}},"_links":{"self":[{"href":"https:\/\/www.victoriamedia.org\/kalastusviesti\/wp-json\/wp\/v2\/posts\/668","targetHints":{"allow":["GET"]}}],"collection":[{"href":"https:\/\/www.victoriamedia.org\/kalastusviesti\/wp-json\/wp\/v2\/posts"}],"about":[{"href":"https:\/\/www.victoriamedia.org\/kalastusviesti\/wp-json\/wp\/v2\/types\/post"}],"author":[{"embeddable":true,"href":"https:\/\/www.victoriamedia.org\/kalastusviesti\/wp-json\/wp\/v2\/users\/1"}],"replies":[{"embeddable":true,"href":"https:\/\/www.victoriamedia.org\/kalastusviesti\/wp-json\/wp\/v2\/comments?post=668"}],"version-history":[{"count":1,"href":"https:\/\/www.victoriamedia.org\/kalastusviesti\/wp-json\/wp\/v2\/posts\/668\/revisions"}],"predecessor-version":[{"id":670,"href":"https:\/\/www.victoriamedia.org\/kalastusviesti\/wp-json\/wp\/v2\/posts\/668\/revisions\/670"}],"wp:attachment":[{"href":"https:\/\/www.victoriamedia.org\/kalastusviesti\/wp-json\/wp\/v2\/media?parent=668"}],"wp:term":[{"taxonomy":"category","embeddable":true,"href":"https:\/\/www.victoriamedia.org\/kalastusviesti\/wp-json\/wp\/v2\/categories?post=668"},{"taxonomy":"post_tag","embeddable":true,"href":"https:\/\/www.victoriamedia.org\/kalastusviesti\/wp-json\/wp\/v2\/tags?post=668"}],"curies":[{"name":"wp","href":"https:\/\/api.w.org\/{rel}","templated":true}]}}