{"id":660,"date":"2015-05-11T08:54:24","date_gmt":"2015-05-11T08:54:24","guid":{"rendered":"http:\/\/www.victoriamedia.org\/kalastusviesti\/?p=660"},"modified":"2015-05-11T08:54:24","modified_gmt":"2015-05-11T08:54:24","slug":"kotkan-kalamarkkinat-ensi-viikonloppuna-teemakalana-hauki","status":"publish","type":"post","link":"https:\/\/www.victoriamedia.org\/kalastusviesti\/kotkan-kalamarkkinat-ensi-viikonloppuna-teemakalana-hauki\/","title":{"rendered":"Kotkan kalamarkkinat ensi viikonloppuna \u2013 teemakalana hauki"},"content":{"rendered":"<p><a href=\"https:\/\/www.victoriamedia.org\/kalastusviesti\/wp-content\/uploads\/2015\/05\/Esox_lucius_A._F._Lydon.jpg\"><img loading=\"lazy\" decoding=\"async\" class=\"alignnone  wp-image-661\" src=\"https:\/\/www.victoriamedia.org\/kalastusviesti\/wp-content\/uploads\/2015\/05\/Esox_lucius_A._F._Lydon-1024x607.jpg\" alt=\"Esox_lucius_A._F._Lydon\" width=\"632\" height=\"374\" srcset=\"https:\/\/www.victoriamedia.org\/kalastusviesti\/wp-content\/uploads\/2015\/05\/Esox_lucius_A._F._Lydon-1024x607.jpg 1024w, https:\/\/www.victoriamedia.org\/kalastusviesti\/wp-content\/uploads\/2015\/05\/Esox_lucius_A._F._Lydon-300x178.jpg 300w, https:\/\/www.victoriamedia.org\/kalastusviesti\/wp-content\/uploads\/2015\/05\/Esox_lucius_A._F._Lydon.jpg 1920w\" sizes=\"auto, (max-width: 632px) 100vw, 632px\" \/><\/a><\/p>\n<p>&nbsp;<\/p>\n<p><em>Alexander Francis Lydon (1836-1917) <\/em><\/p>\n<p>Kotkan kalamarkkinat ovat ensi viikonloppuna 16.-17. toukokuuta Sapokassa. Myyntiaika on lauantaina ja sunnuntaina kello 10\u201316.<\/p>\n<p>T\u00e4ll\u00e4 kertaa teemakalana on kaikille tuttu hauki, jonka k\u00e4sittelyyn opastaa Kari Nyberg.<\/p>\n<p>Kalamarkkinoita s\u00e4vytt\u00e4\u00e4 16.5. klo 12 alkava kalamaraton, jossa tavoitteena on saada 24 tunnin aikana mahdollisimman monta kalalajia vapav\u00e4lineill\u00e4. Lapsille on tarjolla onkitapahtuma Sapokassa 16.5. klo 10.30-12.00.<\/p>\n<p>Kotkan kalamarkkina-alueena on Maretariumin ja Sapokanlahden v\u00e4linen alue Kotkansaaren etel\u00e4laidalla. Kotkan kalamarkkinoilla on tarjolla kalaa ja kalajalosteita, kalaruokia, kalastusv\u00e4lineit\u00e4 ja muuta kalaan ja kalastukseen liittyv\u00e4\u00e4 tavaraa.<\/p>\n<p>Kalamarkkinoiden j\u00e4rjestelyist\u00e4 p\u00e4\u00e4vastuun kantaa Etel\u00e4-Suomen Merikalastajain Liitto. Hankkeessa ovat mukana my\u00f6s Kotka Maretarium, Kymen Sanomat, Kotkan kaupunki, Popinniemen Ponnistus, Meri Cafe Kristina, Kotkan Kauppatie ja Tulikukko.<\/p>\n<p>Sapokankatu on markkinoiden aikana suljettu liikenteelt\u00e4 Tulikukon mutkan ja Ruotsinsalmenkadun v\u00e4liselt\u00e4 alueelta.<\/p>\n<p>&nbsp;<\/p>\n","protected":false},"excerpt":{"rendered":"<p>&nbsp; Alexander Francis Lydon (1836-1917) Kotkan kalamarkkinat ovat ensi viikonloppuna 16.-17. toukokuuta Sapokassa. Myyntiaika on lauantaina ja sunnuntaina kello 10\u201316. T\u00e4ll\u00e4 kertaa teemakalana on kaikille tuttu hauki, jonka k\u00e4sittelyyn opastaa Kari Nyberg. Kalamarkkinoita s\u00e4vytt\u00e4\u00e4 16.5. klo 12 alkava kalamaraton, jossa tavoitteena on saada 24 tunnin aikana mahdollisimman monta kalalajia vapav\u00e4lineill\u00e4. Lapsille on tarjolla onkitapahtuma Sapokassa [&hellip;]<\/p>\n","protected":false},"author":1,"featured_media":0,"comment_status":"closed","ping_status":"closed","sticky":false,"template":"","format":"standard","meta":{"footnotes":""},"categories":[57],"tags":[],"class_list":["post-660","post","type-post","status-publish","format-standard","hentry","category-yleiset-uutiset","eq-blocks"],"yoast_head":"<!-- This site is optimized with the Yoast SEO plugin v27.5 - https:\/\/yoast.com\/product\/yoast-seo-wordpress\/ -->\n<title>Kotkan kalamarkkinat ensi viikonloppuna \u2013 teemakalana hauki - KALASTUSVIESTI<\/title>\n<meta name=\"robots\" content=\"index, follow, max-snippet:-1, max-image-preview:large, max-video-preview:-1\" \/>\n<link rel=\"canonical\" href=\"https:\/\/www.victoriamedia.org\/kalastusviesti\/kotkan-kalamarkkinat-ensi-viikonloppuna-teemakalana-hauki\/\" \/>\n<meta property=\"og:locale\" content=\"en_US\" \/>\n<meta property=\"og:type\" content=\"article\" \/>\n<meta property=\"og:title\" content=\"Kotkan kalamarkkinat ensi viikonloppuna \u2013 teemakalana hauki - KALASTUSVIESTI\" \/>\n<meta property=\"og:description\" content=\"&nbsp; Alexander Francis Lydon (1836-1917) Kotkan kalamarkkinat ovat ensi viikonloppuna 16.-17. toukokuuta Sapokassa. Myyntiaika on lauantaina ja sunnuntaina kello 10\u201316. T\u00e4ll\u00e4 kertaa teemakalana on kaikille tuttu hauki, jonka k\u00e4sittelyyn opastaa Kari Nyberg. Kalamarkkinoita s\u00e4vytt\u00e4\u00e4 16.5. klo 12 alkava kalamaraton, jossa tavoitteena on saada 24 tunnin aikana mahdollisimman monta kalalajia vapav\u00e4lineill\u00e4. Lapsille on tarjolla onkitapahtuma Sapokassa [&hellip;]\" \/>\n<meta property=\"og:url\" content=\"https:\/\/www.victoriamedia.org\/kalastusviesti\/kotkan-kalamarkkinat-ensi-viikonloppuna-teemakalana-hauki\/\" \/>\n<meta property=\"og:site_name\" content=\"KALASTUSVIESTI\" \/>\n<meta property=\"article:publisher\" content=\"https:\/\/www.facebook.com\/Kalastusviesti\" \/>\n<meta property=\"article:published_time\" content=\"2015-05-11T08:54:24+00:00\" \/>\n<meta property=\"og:image\" content=\"http:\/\/www.victoriamedia.org\/kalastusviesti\/wp-content\/uploads\/2015\/05\/Esox_lucius_A._F._Lydon-1024x607.jpg\" \/>\n<meta name=\"author\" content=\"kerttuvali\" \/>\n<meta name=\"twitter:card\" content=\"summary_large_image\" \/>\n<meta name=\"twitter:creator\" content=\"@kalastusuutiset\" \/>\n<meta name=\"twitter:site\" content=\"@kalastusuutiset\" \/>\n<meta name=\"twitter:label1\" content=\"Written by\" \/>\n\t<meta name=\"twitter:data1\" content=\"kerttuvali\" \/>\n\t<meta name=\"twitter:label2\" content=\"Est. reading time\" \/>\n\t<meta name=\"twitter:data2\" content=\"1 minute\" \/>\n<script type=\"application\/ld+json\" class=\"yoast-schema-graph\">{\"@context\":\"https:\\\/\\\/schema.org\",\"@graph\":[{\"@type\":\"Article\",\"@id\":\"https:\\\/\\\/www.victoriamedia.org\\\/kalastusviesti\\\/kotkan-kalamarkkinat-ensi-viikonloppuna-teemakalana-hauki\\\/#article\",\"isPartOf\":{\"@id\":\"https:\\\/\\\/www.victoriamedia.org\\\/kalastusviesti\\\/kotkan-kalamarkkinat-ensi-viikonloppuna-teemakalana-hauki\\\/\"},\"author\":{\"name\":\"kerttuvali\",\"@id\":\"https:\\\/\\\/www.victoriamedia.org\\\/kalastusviesti\\\/#\\\/schema\\\/person\\\/df29131d02ead3f61cdeeef5d30a6771\"},\"headline\":\"Kotkan kalamarkkinat ensi viikonloppuna \u2013 teemakalana hauki\",\"datePublished\":\"2015-05-11T08:54:24+00:00\",\"mainEntityOfPage\":{\"@id\":\"https:\\\/\\\/www.victoriamedia.org\\\/kalastusviesti\\\/kotkan-kalamarkkinat-ensi-viikonloppuna-teemakalana-hauki\\\/\"},\"wordCount\":136,\"image\":{\"@id\":\"https:\\\/\\\/www.victoriamedia.org\\\/kalastusviesti\\\/kotkan-kalamarkkinat-ensi-viikonloppuna-teemakalana-hauki\\\/#primaryimage\"},\"thumbnailUrl\":\"http:\\\/\\\/www.victoriamedia.org\\\/kalastusviesti\\\/wp-content\\\/uploads\\\/2015\\\/05\\\/Esox_lucius_A._F._Lydon-1024x607.jpg\",\"articleSection\":[\"Yleiset Uutiset\"],\"inLanguage\":\"en-US\"},{\"@type\":\"WebPage\",\"@id\":\"https:\\\/\\\/www.victoriamedia.org\\\/kalastusviesti\\\/kotkan-kalamarkkinat-ensi-viikonloppuna-teemakalana-hauki\\\/\",\"url\":\"https:\\\/\\\/www.victoriamedia.org\\\/kalastusviesti\\\/kotkan-kalamarkkinat-ensi-viikonloppuna-teemakalana-hauki\\\/\",\"name\":\"Kotkan kalamarkkinat ensi viikonloppuna \u2013 teemakalana hauki - KALASTUSVIESTI\",\"isPartOf\":{\"@id\":\"https:\\\/\\\/www.victoriamedia.org\\\/kalastusviesti\\\/#website\"},\"primaryImageOfPage\":{\"@id\":\"https:\\\/\\\/www.victoriamedia.org\\\/kalastusviesti\\\/kotkan-kalamarkkinat-ensi-viikonloppuna-teemakalana-hauki\\\/#primaryimage\"},\"image\":{\"@id\":\"https:\\\/\\\/www.victoriamedia.org\\\/kalastusviesti\\\/kotkan-kalamarkkinat-ensi-viikonloppuna-teemakalana-hauki\\\/#primaryimage\"},\"thumbnailUrl\":\"http:\\\/\\\/www.victoriamedia.org\\\/kalastusviesti\\\/wp-content\\\/uploads\\\/2015\\\/05\\\/Esox_lucius_A._F._Lydon-1024x607.jpg\",\"datePublished\":\"2015-05-11T08:54:24+00:00\",\"author\":{\"@id\":\"https:\\\/\\\/www.victoriamedia.org\\\/kalastusviesti\\\/#\\\/schema\\\/person\\\/df29131d02ead3f61cdeeef5d30a6771\"},\"breadcrumb\":{\"@id\":\"https:\\\/\\\/www.victoriamedia.org\\\/kalastusviesti\\\/kotkan-kalamarkkinat-ensi-viikonloppuna-teemakalana-hauki\\\/#breadcrumb\"},\"inLanguage\":\"en-US\",\"potentialAction\":[{\"@type\":\"ReadAction\",\"target\":[\"https:\\\/\\\/www.victoriamedia.org\\\/kalastusviesti\\\/kotkan-kalamarkkinat-ensi-viikonloppuna-teemakalana-hauki\\\/\"]}]},{\"@type\":\"ImageObject\",\"inLanguage\":\"en-US\",\"@id\":\"https:\\\/\\\/www.victoriamedia.org\\\/kalastusviesti\\\/kotkan-kalamarkkinat-ensi-viikonloppuna-teemakalana-hauki\\\/#primaryimage\",\"url\":\"https:\\\/\\\/www.victoriamedia.org\\\/kalastusviesti\\\/wp-content\\\/uploads\\\/2015\\\/05\\\/Esox_lucius_A._F._Lydon.jpg\",\"contentUrl\":\"https:\\\/\\\/www.victoriamedia.org\\\/kalastusviesti\\\/wp-content\\\/uploads\\\/2015\\\/05\\\/Esox_lucius_A._F._Lydon.jpg\",\"width\":1920,\"height\":1138},{\"@type\":\"BreadcrumbList\",\"@id\":\"https:\\\/\\\/www.victoriamedia.org\\\/kalastusviesti\\\/kotkan-kalamarkkinat-ensi-viikonloppuna-teemakalana-hauki\\\/#breadcrumb\",\"itemListElement\":[{\"@type\":\"ListItem\",\"position\":1,\"name\":\"Home\",\"item\":\"https:\\\/\\\/www.victoriamedia.org\\\/kalastusviesti\\\/\"},{\"@type\":\"ListItem\",\"position\":2,\"name\":\"Kotkan kalamarkkinat ensi viikonloppuna \u2013 teemakalana hauki\"}]},{\"@type\":\"WebSite\",\"@id\":\"https:\\\/\\\/www.victoriamedia.org\\\/kalastusviesti\\\/#website\",\"url\":\"https:\\\/\\\/www.victoriamedia.org\\\/kalastusviesti\\\/\",\"name\":\"KALASTUSVIESTI\",\"description\":\"\",\"potentialAction\":[{\"@type\":\"SearchAction\",\"target\":{\"@type\":\"EntryPoint\",\"urlTemplate\":\"https:\\\/\\\/www.victoriamedia.org\\\/kalastusviesti\\\/?s={search_term_string}\"},\"query-input\":{\"@type\":\"PropertyValueSpecification\",\"valueRequired\":true,\"valueName\":\"search_term_string\"}}],\"inLanguage\":\"en-US\"},{\"@type\":\"Person\",\"@id\":\"https:\\\/\\\/www.victoriamedia.org\\\/kalastusviesti\\\/#\\\/schema\\\/person\\\/df29131d02ead3f61cdeeef5d30a6771\",\"name\":\"kerttuvali\",\"image\":{\"@type\":\"ImageObject\",\"inLanguage\":\"en-US\",\"@id\":\"https:\\\/\\\/secure.gravatar.com\\\/avatar\\\/62dbe1a847f655ad987c59fece23f885c4b0e7b06595c36d9597003852972217?s=96&d=mm&r=g\",\"url\":\"https:\\\/\\\/secure.gravatar.com\\\/avatar\\\/62dbe1a847f655ad987c59fece23f885c4b0e7b06595c36d9597003852972217?s=96&d=mm&r=g\",\"contentUrl\":\"https:\\\/\\\/secure.gravatar.com\\\/avatar\\\/62dbe1a847f655ad987c59fece23f885c4b0e7b06595c36d9597003852972217?s=96&d=mm&r=g\",\"caption\":\"kerttuvali\"},\"url\":\"https:\\\/\\\/www.victoriamedia.org\\\/kalastusviesti\\\/author\\\/kerttuvali\\\/\"}]}<\/script>\n<!-- \/ Yoast SEO plugin. -->","yoast_head_json":{"title":"Kotkan kalamarkkinat ensi viikonloppuna \u2013 teemakalana hauki - KALASTUSVIESTI","robots":{"index":"index","follow":"follow","max-snippet":"max-snippet:-1","max-image-preview":"max-image-preview:large","max-video-preview":"max-video-preview:-1"},"canonical":"https:\/\/www.victoriamedia.org\/kalastusviesti\/kotkan-kalamarkkinat-ensi-viikonloppuna-teemakalana-hauki\/","og_locale":"en_US","og_type":"article","og_title":"Kotkan kalamarkkinat ensi viikonloppuna \u2013 teemakalana hauki - KALASTUSVIESTI","og_description":"&nbsp; Alexander Francis Lydon (1836-1917) Kotkan kalamarkkinat ovat ensi viikonloppuna 16.-17. toukokuuta Sapokassa. Myyntiaika on lauantaina ja sunnuntaina kello 10\u201316. T\u00e4ll\u00e4 kertaa teemakalana on kaikille tuttu hauki, jonka k\u00e4sittelyyn opastaa Kari Nyberg. Kalamarkkinoita s\u00e4vytt\u00e4\u00e4 16.5. klo 12 alkava kalamaraton, jossa tavoitteena on saada 24 tunnin aikana mahdollisimman monta kalalajia vapav\u00e4lineill\u00e4. Lapsille on tarjolla onkitapahtuma Sapokassa [&hellip;]","og_url":"https:\/\/www.victoriamedia.org\/kalastusviesti\/kotkan-kalamarkkinat-ensi-viikonloppuna-teemakalana-hauki\/","og_site_name":"KALASTUSVIESTI","article_publisher":"https:\/\/www.facebook.com\/Kalastusviesti","article_published_time":"2015-05-11T08:54:24+00:00","og_image":[{"url":"http:\/\/www.victoriamedia.org\/kalastusviesti\/wp-content\/uploads\/2015\/05\/Esox_lucius_A._F._Lydon-1024x607.jpg","type":"","width":"","height":""}],"author":"kerttuvali","twitter_card":"summary_large_image","twitter_creator":"@kalastusuutiset","twitter_site":"@kalastusuutiset","twitter_misc":{"Written by":"kerttuvali","Est. reading time":"1 minute"},"schema":{"@context":"https:\/\/schema.org","@graph":[{"@type":"Article","@id":"https:\/\/www.victoriamedia.org\/kalastusviesti\/kotkan-kalamarkkinat-ensi-viikonloppuna-teemakalana-hauki\/#article","isPartOf":{"@id":"https:\/\/www.victoriamedia.org\/kalastusviesti\/kotkan-kalamarkkinat-ensi-viikonloppuna-teemakalana-hauki\/"},"author":{"name":"kerttuvali","@id":"https:\/\/www.victoriamedia.org\/kalastusviesti\/#\/schema\/person\/df29131d02ead3f61cdeeef5d30a6771"},"headline":"Kotkan kalamarkkinat ensi viikonloppuna \u2013 teemakalana hauki","datePublished":"2015-05-11T08:54:24+00:00","mainEntityOfPage":{"@id":"https:\/\/www.victoriamedia.org\/kalastusviesti\/kotkan-kalamarkkinat-ensi-viikonloppuna-teemakalana-hauki\/"},"wordCount":136,"image":{"@id":"https:\/\/www.victoriamedia.org\/kalastusviesti\/kotkan-kalamarkkinat-ensi-viikonloppuna-teemakalana-hauki\/#primaryimage"},"thumbnailUrl":"http:\/\/www.victoriamedia.org\/kalastusviesti\/wp-content\/uploads\/2015\/05\/Esox_lucius_A._F._Lydon-1024x607.jpg","articleSection":["Yleiset Uutiset"],"inLanguage":"en-US"},{"@type":"WebPage","@id":"https:\/\/www.victoriamedia.org\/kalastusviesti\/kotkan-kalamarkkinat-ensi-viikonloppuna-teemakalana-hauki\/","url":"https:\/\/www.victoriamedia.org\/kalastusviesti\/kotkan-kalamarkkinat-ensi-viikonloppuna-teemakalana-hauki\/","name":"Kotkan kalamarkkinat ensi viikonloppuna \u2013 teemakalana hauki - KALASTUSVIESTI","isPartOf":{"@id":"https:\/\/www.victoriamedia.org\/kalastusviesti\/#website"},"primaryImageOfPage":{"@id":"https:\/\/www.victoriamedia.org\/kalastusviesti\/kotkan-kalamarkkinat-ensi-viikonloppuna-teemakalana-hauki\/#primaryimage"},"image":{"@id":"https:\/\/www.victoriamedia.org\/kalastusviesti\/kotkan-kalamarkkinat-ensi-viikonloppuna-teemakalana-hauki\/#primaryimage"},"thumbnailUrl":"http:\/\/www.victoriamedia.org\/kalastusviesti\/wp-content\/uploads\/2015\/05\/Esox_lucius_A._F._Lydon-1024x607.jpg","datePublished":"2015-05-11T08:54:24+00:00","author":{"@id":"https:\/\/www.victoriamedia.org\/kalastusviesti\/#\/schema\/person\/df29131d02ead3f61cdeeef5d30a6771"},"breadcrumb":{"@id":"https:\/\/www.victoriamedia.org\/kalastusviesti\/kotkan-kalamarkkinat-ensi-viikonloppuna-teemakalana-hauki\/#breadcrumb"},"inLanguage":"en-US","potentialAction":[{"@type":"ReadAction","target":["https:\/\/www.victoriamedia.org\/kalastusviesti\/kotkan-kalamarkkinat-ensi-viikonloppuna-teemakalana-hauki\/"]}]},{"@type":"ImageObject","inLanguage":"en-US","@id":"https:\/\/www.victoriamedia.org\/kalastusviesti\/kotkan-kalamarkkinat-ensi-viikonloppuna-teemakalana-hauki\/#primaryimage","url":"https:\/\/www.victoriamedia.org\/kalastusviesti\/wp-content\/uploads\/2015\/05\/Esox_lucius_A._F._Lydon.jpg","contentUrl":"https:\/\/www.victoriamedia.org\/kalastusviesti\/wp-content\/uploads\/2015\/05\/Esox_lucius_A._F._Lydon.jpg","width":1920,"height":1138},{"@type":"BreadcrumbList","@id":"https:\/\/www.victoriamedia.org\/kalastusviesti\/kotkan-kalamarkkinat-ensi-viikonloppuna-teemakalana-hauki\/#breadcrumb","itemListElement":[{"@type":"ListItem","position":1,"name":"Home","item":"https:\/\/www.victoriamedia.org\/kalastusviesti\/"},{"@type":"ListItem","position":2,"name":"Kotkan kalamarkkinat ensi viikonloppuna \u2013 teemakalana hauki"}]},{"@type":"WebSite","@id":"https:\/\/www.victoriamedia.org\/kalastusviesti\/#website","url":"https:\/\/www.victoriamedia.org\/kalastusviesti\/","name":"KALASTUSVIESTI","description":"","potentialAction":[{"@type":"SearchAction","target":{"@type":"EntryPoint","urlTemplate":"https:\/\/www.victoriamedia.org\/kalastusviesti\/?s={search_term_string}"},"query-input":{"@type":"PropertyValueSpecification","valueRequired":true,"valueName":"search_term_string"}}],"inLanguage":"en-US"},{"@type":"Person","@id":"https:\/\/www.victoriamedia.org\/kalastusviesti\/#\/schema\/person\/df29131d02ead3f61cdeeef5d30a6771","name":"kerttuvali","image":{"@type":"ImageObject","inLanguage":"en-US","@id":"https:\/\/secure.gravatar.com\/avatar\/62dbe1a847f655ad987c59fece23f885c4b0e7b06595c36d9597003852972217?s=96&d=mm&r=g","url":"https:\/\/secure.gravatar.com\/avatar\/62dbe1a847f655ad987c59fece23f885c4b0e7b06595c36d9597003852972217?s=96&d=mm&r=g","contentUrl":"https:\/\/secure.gravatar.com\/avatar\/62dbe1a847f655ad987c59fece23f885c4b0e7b06595c36d9597003852972217?s=96&d=mm&r=g","caption":"kerttuvali"},"url":"https:\/\/www.victoriamedia.org\/kalastusviesti\/author\/kerttuvali\/"}]}},"_links":{"self":[{"href":"https:\/\/www.victoriamedia.org\/kalastusviesti\/wp-json\/wp\/v2\/posts\/660","targetHints":{"allow":["GET"]}}],"collection":[{"href":"https:\/\/www.victoriamedia.org\/kalastusviesti\/wp-json\/wp\/v2\/posts"}],"about":[{"href":"https:\/\/www.victoriamedia.org\/kalastusviesti\/wp-json\/wp\/v2\/types\/post"}],"author":[{"embeddable":true,"href":"https:\/\/www.victoriamedia.org\/kalastusviesti\/wp-json\/wp\/v2\/users\/1"}],"replies":[{"embeddable":true,"href":"https:\/\/www.victoriamedia.org\/kalastusviesti\/wp-json\/wp\/v2\/comments?post=660"}],"version-history":[{"count":1,"href":"https:\/\/www.victoriamedia.org\/kalastusviesti\/wp-json\/wp\/v2\/posts\/660\/revisions"}],"predecessor-version":[{"id":662,"href":"https:\/\/www.victoriamedia.org\/kalastusviesti\/wp-json\/wp\/v2\/posts\/660\/revisions\/662"}],"wp:attachment":[{"href":"https:\/\/www.victoriamedia.org\/kalastusviesti\/wp-json\/wp\/v2\/media?parent=660"}],"wp:term":[{"taxonomy":"category","embeddable":true,"href":"https:\/\/www.victoriamedia.org\/kalastusviesti\/wp-json\/wp\/v2\/categories?post=660"},{"taxonomy":"post_tag","embeddable":true,"href":"https:\/\/www.victoriamedia.org\/kalastusviesti\/wp-json\/wp\/v2\/tags?post=660"}],"curies":[{"name":"wp","href":"https:\/\/api.w.org\/{rel}","templated":true}]}}