{"id":646,"date":"2015-04-28T12:59:30","date_gmt":"2015-04-28T12:59:30","guid":{"rendered":"http:\/\/www.victoriamedia.org\/kalastusviesti\/?p=646"},"modified":"2015-04-28T12:59:30","modified_gmt":"2015-04-28T12:59:30","slug":"virkistyskalastuskausi-jyvaskylan-tuomiojarvella-ja-kohnionjarvella-alkaa-9-5-2015","status":"publish","type":"post","link":"https:\/\/www.victoriamedia.org\/kalastusviesti\/virkistyskalastuskausi-jyvaskylan-tuomiojarvella-ja-kohnionjarvella-alkaa-9-5-2015\/","title":{"rendered":"Virkistyskalastuskausi Jyv\u00e4skyl\u00e4n Tuomioj\u00e4rvell\u00e4 ja K\u00f6hni\u00f6nj\u00e4rvell\u00e4 alkaa 9.5.2015"},"content":{"rendered":"<p>Virkistyskalastuskausi alkaa t\u00e4n\u00e4 vuonna 9.5. kello 12 ja kalastusta voi harrastaa aina j\u00e4rvien j\u00e4\u00e4tymiseen asti. Jyv\u00e4skyl\u00e4n kaupunki my\u00f6nt\u00e4\u00e4 virkistyskalastusluvat erityiskalastuskohteina toimiville Tuomioj\u00e4rvelle ja K\u00f6hni\u00f6nj\u00e4rvelle, joihin istutetaan pyyntikokoisia kirjolohia. Virkistyskalastusluvan voi hankkia yhdelle vuorokaudelle tai koko kalastuskaudelle ja ne tulevat myyntiin keskiviikkona 29.4. ja Liikuntainfosta 4.5. alkaen. Luvan voi hankkia yhdelle tai molemmille kalastustoiminnan piiriin kuuluvalle j\u00e4rvelle. Hintatiedot ovat n\u00e4ht\u00e4vill\u00e4 osoitteessa <a href=\"http:\/\/www.jyvaskyla.fi\/liikunta\/virkistyskalastus\">www.jyvaskyla.fi\/liikunta\/virkistyskalastus<\/a>.<\/p>\n<form id=\"aspnetForm\" action=\"75156?language=fi\" method=\"post\">\n<div id=\"taus\">\n<div id=\"sivu\">\n<div id=\"keskiosa\">\n<div class=\"oikeapuoli\">\n<div class=\"keski\">\n<div class=\"section\">\n<div class=\"sisalto\">\n<div class=\"channelcontrol\">\n<div class=\"xmldoc\">\n<h4>Virkistyskalastuslupien myyntipisteet ovat vuonna 2015:<\/h4>\n<p>\u2022 Liikuntainfo, Monitoimitalon 2. krs, Kuntoportti 3 (myynti alkaa 4.5.)<br \/>\n\u2022 Pro Fish Oy, Ilmarisenkatu 4<br \/>\n\u2022 Perhokolmio, Asekatu 3<br \/>\n\u2022 Pelimies Palokka, Kirrinkuja 1<\/p>\n<h5>Katiskamerkit Tuomioj\u00e4rvelle:<\/h5>\n<p>\u2022 Liikuntainfo, Monitoimitalon 2. krs, Kuntoportti 3 (4.5. alkaen)<\/p>\n<\/div>\n<\/div>\n<\/div>\n<\/div>\n<\/div>\n<\/div>\n<\/div>\n<\/div>\n<\/div>\n<\/form>\n","protected":false},"excerpt":{"rendered":"<p>Virkistyskalastuskausi alkaa t\u00e4n\u00e4 vuonna 9.5. kello 12 ja kalastusta voi harrastaa aina j\u00e4rvien j\u00e4\u00e4tymiseen asti. Jyv\u00e4skyl\u00e4n kaupunki my\u00f6nt\u00e4\u00e4 virkistyskalastusluvat erityiskalastuskohteina toimiville Tuomioj\u00e4rvelle ja K\u00f6hni\u00f6nj\u00e4rvelle, joihin istutetaan pyyntikokoisia kirjolohia. Virkistyskalastusluvan voi hankkia yhdelle vuorokaudelle tai koko kalastuskaudelle ja ne tulevat myyntiin keskiviikkona 29.4. ja Liikuntainfosta 4.5. alkaen. Luvan voi hankkia yhdelle tai molemmille kalastustoiminnan piiriin kuuluvalle [&hellip;]<\/p>\n","protected":false},"author":1,"featured_media":0,"comment_status":"closed","ping_status":"closed","sticky":false,"template":"","format":"standard","meta":{"footnotes":""},"categories":[73],"tags":[],"class_list":["post-646","post","type-post","status-publish","format-standard","hentry","category-virkistyskalastus","eq-blocks"],"yoast_head":"<!-- This site is optimized with the Yoast SEO plugin v27.5 - https:\/\/yoast.com\/product\/yoast-seo-wordpress\/ -->\n<title>Virkistyskalastuskausi Jyv\u00e4skyl\u00e4n Tuomioj\u00e4rvell\u00e4 ja K\u00f6hni\u00f6nj\u00e4rvell\u00e4 alkaa 9.5.2015 - KALASTUSVIESTI<\/title>\n<meta name=\"robots\" content=\"index, follow, max-snippet:-1, max-image-preview:large, max-video-preview:-1\" \/>\n<link rel=\"canonical\" href=\"https:\/\/www.victoriamedia.org\/kalastusviesti\/virkistyskalastuskausi-jyvaskylan-tuomiojarvella-ja-kohnionjarvella-alkaa-9-5-2015\/\" \/>\n<meta property=\"og:locale\" content=\"en_US\" \/>\n<meta property=\"og:type\" content=\"article\" \/>\n<meta property=\"og:title\" content=\"Virkistyskalastuskausi Jyv\u00e4skyl\u00e4n Tuomioj\u00e4rvell\u00e4 ja K\u00f6hni\u00f6nj\u00e4rvell\u00e4 alkaa 9.5.2015 - KALASTUSVIESTI\" \/>\n<meta property=\"og:description\" content=\"Virkistyskalastuskausi alkaa t\u00e4n\u00e4 vuonna 9.5. kello 12 ja kalastusta voi harrastaa aina j\u00e4rvien j\u00e4\u00e4tymiseen asti. Jyv\u00e4skyl\u00e4n kaupunki my\u00f6nt\u00e4\u00e4 virkistyskalastusluvat erityiskalastuskohteina toimiville Tuomioj\u00e4rvelle ja K\u00f6hni\u00f6nj\u00e4rvelle, joihin istutetaan pyyntikokoisia kirjolohia. Virkistyskalastusluvan voi hankkia yhdelle vuorokaudelle tai koko kalastuskaudelle ja ne tulevat myyntiin keskiviikkona 29.4. ja Liikuntainfosta 4.5. alkaen. Luvan voi hankkia yhdelle tai molemmille kalastustoiminnan piiriin kuuluvalle [&hellip;]\" \/>\n<meta property=\"og:url\" content=\"https:\/\/www.victoriamedia.org\/kalastusviesti\/virkistyskalastuskausi-jyvaskylan-tuomiojarvella-ja-kohnionjarvella-alkaa-9-5-2015\/\" \/>\n<meta property=\"og:site_name\" content=\"KALASTUSVIESTI\" \/>\n<meta property=\"article:publisher\" content=\"https:\/\/www.facebook.com\/Kalastusviesti\" \/>\n<meta property=\"article:published_time\" content=\"2015-04-28T12:59:30+00:00\" \/>\n<meta name=\"author\" content=\"kerttuvali\" \/>\n<meta name=\"twitter:card\" content=\"summary_large_image\" \/>\n<meta name=\"twitter:creator\" content=\"@kalastusuutiset\" \/>\n<meta name=\"twitter:site\" content=\"@kalastusuutiset\" \/>\n<meta name=\"twitter:label1\" content=\"Written by\" \/>\n\t<meta name=\"twitter:data1\" content=\"kerttuvali\" \/>\n\t<meta name=\"twitter:label2\" content=\"Est. reading time\" \/>\n\t<meta name=\"twitter:data2\" content=\"1 minute\" \/>\n<script type=\"application\/ld+json\" class=\"yoast-schema-graph\">{\"@context\":\"https:\\\/\\\/schema.org\",\"@graph\":[{\"@type\":\"Article\",\"@id\":\"https:\\\/\\\/www.victoriamedia.org\\\/kalastusviesti\\\/virkistyskalastuskausi-jyvaskylan-tuomiojarvella-ja-kohnionjarvella-alkaa-9-5-2015\\\/#article\",\"isPartOf\":{\"@id\":\"https:\\\/\\\/www.victoriamedia.org\\\/kalastusviesti\\\/virkistyskalastuskausi-jyvaskylan-tuomiojarvella-ja-kohnionjarvella-alkaa-9-5-2015\\\/\"},\"author\":{\"name\":\"kerttuvali\",\"@id\":\"https:\\\/\\\/www.victoriamedia.org\\\/kalastusviesti\\\/#\\\/schema\\\/person\\\/df29131d02ead3f61cdeeef5d30a6771\"},\"headline\":\"Virkistyskalastuskausi Jyv\u00e4skyl\u00e4n Tuomioj\u00e4rvell\u00e4 ja K\u00f6hni\u00f6nj\u00e4rvell\u00e4 alkaa 9.5.2015\",\"datePublished\":\"2015-04-28T12:59:30+00:00\",\"mainEntityOfPage\":{\"@id\":\"https:\\\/\\\/www.victoriamedia.org\\\/kalastusviesti\\\/virkistyskalastuskausi-jyvaskylan-tuomiojarvella-ja-kohnionjarvella-alkaa-9-5-2015\\\/\"},\"wordCount\":113,\"articleSection\":[\"Virkistyskalastus\"],\"inLanguage\":\"en-US\"},{\"@type\":\"WebPage\",\"@id\":\"https:\\\/\\\/www.victoriamedia.org\\\/kalastusviesti\\\/virkistyskalastuskausi-jyvaskylan-tuomiojarvella-ja-kohnionjarvella-alkaa-9-5-2015\\\/\",\"url\":\"https:\\\/\\\/www.victoriamedia.org\\\/kalastusviesti\\\/virkistyskalastuskausi-jyvaskylan-tuomiojarvella-ja-kohnionjarvella-alkaa-9-5-2015\\\/\",\"name\":\"Virkistyskalastuskausi Jyv\u00e4skyl\u00e4n Tuomioj\u00e4rvell\u00e4 ja K\u00f6hni\u00f6nj\u00e4rvell\u00e4 alkaa 9.5.2015 - KALASTUSVIESTI\",\"isPartOf\":{\"@id\":\"https:\\\/\\\/www.victoriamedia.org\\\/kalastusviesti\\\/#website\"},\"datePublished\":\"2015-04-28T12:59:30+00:00\",\"author\":{\"@id\":\"https:\\\/\\\/www.victoriamedia.org\\\/kalastusviesti\\\/#\\\/schema\\\/person\\\/df29131d02ead3f61cdeeef5d30a6771\"},\"breadcrumb\":{\"@id\":\"https:\\\/\\\/www.victoriamedia.org\\\/kalastusviesti\\\/virkistyskalastuskausi-jyvaskylan-tuomiojarvella-ja-kohnionjarvella-alkaa-9-5-2015\\\/#breadcrumb\"},\"inLanguage\":\"en-US\",\"potentialAction\":[{\"@type\":\"ReadAction\",\"target\":[\"https:\\\/\\\/www.victoriamedia.org\\\/kalastusviesti\\\/virkistyskalastuskausi-jyvaskylan-tuomiojarvella-ja-kohnionjarvella-alkaa-9-5-2015\\\/\"]}]},{\"@type\":\"BreadcrumbList\",\"@id\":\"https:\\\/\\\/www.victoriamedia.org\\\/kalastusviesti\\\/virkistyskalastuskausi-jyvaskylan-tuomiojarvella-ja-kohnionjarvella-alkaa-9-5-2015\\\/#breadcrumb\",\"itemListElement\":[{\"@type\":\"ListItem\",\"position\":1,\"name\":\"Home\",\"item\":\"https:\\\/\\\/www.victoriamedia.org\\\/kalastusviesti\\\/\"},{\"@type\":\"ListItem\",\"position\":2,\"name\":\"Virkistyskalastuskausi Jyv\u00e4skyl\u00e4n Tuomioj\u00e4rvell\u00e4 ja K\u00f6hni\u00f6nj\u00e4rvell\u00e4 alkaa 9.5.2015\"}]},{\"@type\":\"WebSite\",\"@id\":\"https:\\\/\\\/www.victoriamedia.org\\\/kalastusviesti\\\/#website\",\"url\":\"https:\\\/\\\/www.victoriamedia.org\\\/kalastusviesti\\\/\",\"name\":\"KALASTUSVIESTI\",\"description\":\"\",\"potentialAction\":[{\"@type\":\"SearchAction\",\"target\":{\"@type\":\"EntryPoint\",\"urlTemplate\":\"https:\\\/\\\/www.victoriamedia.org\\\/kalastusviesti\\\/?s={search_term_string}\"},\"query-input\":{\"@type\":\"PropertyValueSpecification\",\"valueRequired\":true,\"valueName\":\"search_term_string\"}}],\"inLanguage\":\"en-US\"},{\"@type\":\"Person\",\"@id\":\"https:\\\/\\\/www.victoriamedia.org\\\/kalastusviesti\\\/#\\\/schema\\\/person\\\/df29131d02ead3f61cdeeef5d30a6771\",\"name\":\"kerttuvali\",\"image\":{\"@type\":\"ImageObject\",\"inLanguage\":\"en-US\",\"@id\":\"https:\\\/\\\/secure.gravatar.com\\\/avatar\\\/62dbe1a847f655ad987c59fece23f885c4b0e7b06595c36d9597003852972217?s=96&d=mm&r=g\",\"url\":\"https:\\\/\\\/secure.gravatar.com\\\/avatar\\\/62dbe1a847f655ad987c59fece23f885c4b0e7b06595c36d9597003852972217?s=96&d=mm&r=g\",\"contentUrl\":\"https:\\\/\\\/secure.gravatar.com\\\/avatar\\\/62dbe1a847f655ad987c59fece23f885c4b0e7b06595c36d9597003852972217?s=96&d=mm&r=g\",\"caption\":\"kerttuvali\"},\"url\":\"https:\\\/\\\/www.victoriamedia.org\\\/kalastusviesti\\\/author\\\/kerttuvali\\\/\"}]}<\/script>\n<!-- \/ Yoast SEO plugin. -->","yoast_head_json":{"title":"Virkistyskalastuskausi Jyv\u00e4skyl\u00e4n Tuomioj\u00e4rvell\u00e4 ja K\u00f6hni\u00f6nj\u00e4rvell\u00e4 alkaa 9.5.2015 - KALASTUSVIESTI","robots":{"index":"index","follow":"follow","max-snippet":"max-snippet:-1","max-image-preview":"max-image-preview:large","max-video-preview":"max-video-preview:-1"},"canonical":"https:\/\/www.victoriamedia.org\/kalastusviesti\/virkistyskalastuskausi-jyvaskylan-tuomiojarvella-ja-kohnionjarvella-alkaa-9-5-2015\/","og_locale":"en_US","og_type":"article","og_title":"Virkistyskalastuskausi Jyv\u00e4skyl\u00e4n Tuomioj\u00e4rvell\u00e4 ja K\u00f6hni\u00f6nj\u00e4rvell\u00e4 alkaa 9.5.2015 - KALASTUSVIESTI","og_description":"Virkistyskalastuskausi alkaa t\u00e4n\u00e4 vuonna 9.5. kello 12 ja kalastusta voi harrastaa aina j\u00e4rvien j\u00e4\u00e4tymiseen asti. Jyv\u00e4skyl\u00e4n kaupunki my\u00f6nt\u00e4\u00e4 virkistyskalastusluvat erityiskalastuskohteina toimiville Tuomioj\u00e4rvelle ja K\u00f6hni\u00f6nj\u00e4rvelle, joihin istutetaan pyyntikokoisia kirjolohia. Virkistyskalastusluvan voi hankkia yhdelle vuorokaudelle tai koko kalastuskaudelle ja ne tulevat myyntiin keskiviikkona 29.4. ja Liikuntainfosta 4.5. alkaen. Luvan voi hankkia yhdelle tai molemmille kalastustoiminnan piiriin kuuluvalle [&hellip;]","og_url":"https:\/\/www.victoriamedia.org\/kalastusviesti\/virkistyskalastuskausi-jyvaskylan-tuomiojarvella-ja-kohnionjarvella-alkaa-9-5-2015\/","og_site_name":"KALASTUSVIESTI","article_publisher":"https:\/\/www.facebook.com\/Kalastusviesti","article_published_time":"2015-04-28T12:59:30+00:00","author":"kerttuvali","twitter_card":"summary_large_image","twitter_creator":"@kalastusuutiset","twitter_site":"@kalastusuutiset","twitter_misc":{"Written by":"kerttuvali","Est. reading time":"1 minute"},"schema":{"@context":"https:\/\/schema.org","@graph":[{"@type":"Article","@id":"https:\/\/www.victoriamedia.org\/kalastusviesti\/virkistyskalastuskausi-jyvaskylan-tuomiojarvella-ja-kohnionjarvella-alkaa-9-5-2015\/#article","isPartOf":{"@id":"https:\/\/www.victoriamedia.org\/kalastusviesti\/virkistyskalastuskausi-jyvaskylan-tuomiojarvella-ja-kohnionjarvella-alkaa-9-5-2015\/"},"author":{"name":"kerttuvali","@id":"https:\/\/www.victoriamedia.org\/kalastusviesti\/#\/schema\/person\/df29131d02ead3f61cdeeef5d30a6771"},"headline":"Virkistyskalastuskausi Jyv\u00e4skyl\u00e4n Tuomioj\u00e4rvell\u00e4 ja K\u00f6hni\u00f6nj\u00e4rvell\u00e4 alkaa 9.5.2015","datePublished":"2015-04-28T12:59:30+00:00","mainEntityOfPage":{"@id":"https:\/\/www.victoriamedia.org\/kalastusviesti\/virkistyskalastuskausi-jyvaskylan-tuomiojarvella-ja-kohnionjarvella-alkaa-9-5-2015\/"},"wordCount":113,"articleSection":["Virkistyskalastus"],"inLanguage":"en-US"},{"@type":"WebPage","@id":"https:\/\/www.victoriamedia.org\/kalastusviesti\/virkistyskalastuskausi-jyvaskylan-tuomiojarvella-ja-kohnionjarvella-alkaa-9-5-2015\/","url":"https:\/\/www.victoriamedia.org\/kalastusviesti\/virkistyskalastuskausi-jyvaskylan-tuomiojarvella-ja-kohnionjarvella-alkaa-9-5-2015\/","name":"Virkistyskalastuskausi Jyv\u00e4skyl\u00e4n Tuomioj\u00e4rvell\u00e4 ja K\u00f6hni\u00f6nj\u00e4rvell\u00e4 alkaa 9.5.2015 - KALASTUSVIESTI","isPartOf":{"@id":"https:\/\/www.victoriamedia.org\/kalastusviesti\/#website"},"datePublished":"2015-04-28T12:59:30+00:00","author":{"@id":"https:\/\/www.victoriamedia.org\/kalastusviesti\/#\/schema\/person\/df29131d02ead3f61cdeeef5d30a6771"},"breadcrumb":{"@id":"https:\/\/www.victoriamedia.org\/kalastusviesti\/virkistyskalastuskausi-jyvaskylan-tuomiojarvella-ja-kohnionjarvella-alkaa-9-5-2015\/#breadcrumb"},"inLanguage":"en-US","potentialAction":[{"@type":"ReadAction","target":["https:\/\/www.victoriamedia.org\/kalastusviesti\/virkistyskalastuskausi-jyvaskylan-tuomiojarvella-ja-kohnionjarvella-alkaa-9-5-2015\/"]}]},{"@type":"BreadcrumbList","@id":"https:\/\/www.victoriamedia.org\/kalastusviesti\/virkistyskalastuskausi-jyvaskylan-tuomiojarvella-ja-kohnionjarvella-alkaa-9-5-2015\/#breadcrumb","itemListElement":[{"@type":"ListItem","position":1,"name":"Home","item":"https:\/\/www.victoriamedia.org\/kalastusviesti\/"},{"@type":"ListItem","position":2,"name":"Virkistyskalastuskausi Jyv\u00e4skyl\u00e4n Tuomioj\u00e4rvell\u00e4 ja K\u00f6hni\u00f6nj\u00e4rvell\u00e4 alkaa 9.5.2015"}]},{"@type":"WebSite","@id":"https:\/\/www.victoriamedia.org\/kalastusviesti\/#website","url":"https:\/\/www.victoriamedia.org\/kalastusviesti\/","name":"KALASTUSVIESTI","description":"","potentialAction":[{"@type":"SearchAction","target":{"@type":"EntryPoint","urlTemplate":"https:\/\/www.victoriamedia.org\/kalastusviesti\/?s={search_term_string}"},"query-input":{"@type":"PropertyValueSpecification","valueRequired":true,"valueName":"search_term_string"}}],"inLanguage":"en-US"},{"@type":"Person","@id":"https:\/\/www.victoriamedia.org\/kalastusviesti\/#\/schema\/person\/df29131d02ead3f61cdeeef5d30a6771","name":"kerttuvali","image":{"@type":"ImageObject","inLanguage":"en-US","@id":"https:\/\/secure.gravatar.com\/avatar\/62dbe1a847f655ad987c59fece23f885c4b0e7b06595c36d9597003852972217?s=96&d=mm&r=g","url":"https:\/\/secure.gravatar.com\/avatar\/62dbe1a847f655ad987c59fece23f885c4b0e7b06595c36d9597003852972217?s=96&d=mm&r=g","contentUrl":"https:\/\/secure.gravatar.com\/avatar\/62dbe1a847f655ad987c59fece23f885c4b0e7b06595c36d9597003852972217?s=96&d=mm&r=g","caption":"kerttuvali"},"url":"https:\/\/www.victoriamedia.org\/kalastusviesti\/author\/kerttuvali\/"}]}},"_links":{"self":[{"href":"https:\/\/www.victoriamedia.org\/kalastusviesti\/wp-json\/wp\/v2\/posts\/646","targetHints":{"allow":["GET"]}}],"collection":[{"href":"https:\/\/www.victoriamedia.org\/kalastusviesti\/wp-json\/wp\/v2\/posts"}],"about":[{"href":"https:\/\/www.victoriamedia.org\/kalastusviesti\/wp-json\/wp\/v2\/types\/post"}],"author":[{"embeddable":true,"href":"https:\/\/www.victoriamedia.org\/kalastusviesti\/wp-json\/wp\/v2\/users\/1"}],"replies":[{"embeddable":true,"href":"https:\/\/www.victoriamedia.org\/kalastusviesti\/wp-json\/wp\/v2\/comments?post=646"}],"version-history":[{"count":1,"href":"https:\/\/www.victoriamedia.org\/kalastusviesti\/wp-json\/wp\/v2\/posts\/646\/revisions"}],"predecessor-version":[{"id":647,"href":"https:\/\/www.victoriamedia.org\/kalastusviesti\/wp-json\/wp\/v2\/posts\/646\/revisions\/647"}],"wp:attachment":[{"href":"https:\/\/www.victoriamedia.org\/kalastusviesti\/wp-json\/wp\/v2\/media?parent=646"}],"wp:term":[{"taxonomy":"category","embeddable":true,"href":"https:\/\/www.victoriamedia.org\/kalastusviesti\/wp-json\/wp\/v2\/categories?post=646"},{"taxonomy":"post_tag","embeddable":true,"href":"https:\/\/www.victoriamedia.org\/kalastusviesti\/wp-json\/wp\/v2\/tags?post=646"}],"curies":[{"name":"wp","href":"https:\/\/api.w.org\/{rel}","templated":true}]}}