{"id":638,"date":"2015-04-23T09:06:00","date_gmt":"2015-04-23T09:06:00","guid":{"rendered":"http:\/\/www.victoriamedia.org\/kalastusviesti\/?p=638"},"modified":"2015-04-23T09:06:00","modified_gmt":"2015-04-23T09:06:00","slug":"kari-ranta-aho-vuoden-kalastusvirkamies","status":"publish","type":"post","link":"https:\/\/www.victoriamedia.org\/kalastusviesti\/kari-ranta-aho-vuoden-kalastusvirkamies\/","title":{"rendered":"Kari Ranta-aho vuoden kalastusvirkamies"},"content":{"rendered":"<p><strong>Kalatalouden Keskusliitto on nimennyt vuoden 2015 kalataloudessa ansioituneeksi\u00a0 henkil\u00f6ksi kalatalousp\u00e4\u00e4llikk\u00f6 Kari Ranta-ahon Varsinais-Suomen ELY-keskuksesta. Samalla h\u00e4net nimitettiin vuoden 2015 kalastusvirkamieheksi.<\/strong><\/p>\n<p>Kalatalousp\u00e4\u00e4llikk\u00f6 <strong>Kari Ranta-aho<\/strong> tunnetaan kalatalousalalla monipuolisena ja laajakatseisena virkamiehen\u00e4. Virkatoimissaan h\u00e4n on toiminut hyv\u00e4ss\u00e4 yhteisty\u00f6ss\u00e4 kent\u00e4n kanssa, \u00e4kkin\u00e4isi\u00e4 toimenpiteit\u00e4 vieroksuen. Ranta-aho on toiminut vuodesta 1984 l\u00e4htien alueellisen kalataloushallinnon suunnittelu- ja johtamisteht\u00e4viss\u00e4. Vuoden alussa h\u00e4net nimitettiin Varsinais-Suomen ELY-keskuksen rannikkoalueen kalatalousp\u00e4\u00e4llik\u00f6ksi. H\u00e4nen toimipaikkansa on Turku.<\/p>\n<p>L\u00e4nsi-Suomen ja rannikkoalueen kalatalousyhteis\u00f6t ja ammattikalastajat arvostavat kalatalousp\u00e4\u00e4llikk\u00f6 Ranta-ahon harkitsevuutta, tasapuolisuutta ja suurta ammattitaitoa virkateht\u00e4viens\u00e4 hoitamisessa. My\u00f6s valtakunnan tasolla h\u00e4nen kykyns\u00e4 on pantu merkille ja h\u00e4n ollut j\u00e4senen\u00e4 useissa maa- ja mets\u00e4talousministeri\u00f6n asettamissa komiteoissa ja ty\u00f6ryhmiss\u00e4.<br \/>\nParkitusta matikannahkasta tehdyn taulun ja kunniakirjan luovuttivat Ranta-aholle Kalatalouden Keskusliiton varapuheenjohtaja <strong>Stefan L\u00e5ngstr\u00f6m<\/strong> ja elinkeinojohtaja <strong>Vesa Karttunen<\/strong> j\u00e4rjest\u00f6n kev\u00e4tedustajakokouksessa Helsingiss\u00e4 22.4.2015.<\/p>\n","protected":false},"excerpt":{"rendered":"<p>Kalatalouden Keskusliitto on nimennyt vuoden 2015 kalataloudessa ansioituneeksi\u00a0 henkil\u00f6ksi kalatalousp\u00e4\u00e4llikk\u00f6 Kari Ranta-ahon Varsinais-Suomen ELY-keskuksesta. Samalla h\u00e4net nimitettiin vuoden 2015 kalastusvirkamieheksi. Kalatalousp\u00e4\u00e4llikk\u00f6 Kari Ranta-aho tunnetaan kalatalousalalla monipuolisena ja laajakatseisena virkamiehen\u00e4. Virkatoimissaan h\u00e4n on toiminut hyv\u00e4ss\u00e4 yhteisty\u00f6ss\u00e4 kent\u00e4n kanssa, \u00e4kkin\u00e4isi\u00e4 toimenpiteit\u00e4 vieroksuen. Ranta-aho on toiminut vuodesta 1984 l\u00e4htien alueellisen kalataloushallinnon suunnittelu- ja johtamisteht\u00e4viss\u00e4. Vuoden alussa h\u00e4net nimitettiin [&hellip;]<\/p>\n","protected":false},"author":1,"featured_media":0,"comment_status":"closed","ping_status":"closed","sticky":false,"template":"","format":"standard","meta":{"footnotes":""},"categories":[57],"tags":[],"class_list":["post-638","post","type-post","status-publish","format-standard","hentry","category-yleiset-uutiset","eq-blocks"],"yoast_head":"<!-- This site is optimized with the Yoast SEO plugin v27.5 - https:\/\/yoast.com\/product\/yoast-seo-wordpress\/ -->\n<title>Kari Ranta-aho vuoden kalastusvirkamies - KALASTUSVIESTI<\/title>\n<meta name=\"robots\" content=\"index, follow, max-snippet:-1, max-image-preview:large, max-video-preview:-1\" \/>\n<link rel=\"canonical\" href=\"https:\/\/www.victoriamedia.org\/kalastusviesti\/kari-ranta-aho-vuoden-kalastusvirkamies\/\" \/>\n<meta property=\"og:locale\" content=\"en_US\" \/>\n<meta property=\"og:type\" content=\"article\" \/>\n<meta property=\"og:title\" content=\"Kari Ranta-aho vuoden kalastusvirkamies - KALASTUSVIESTI\" \/>\n<meta property=\"og:description\" content=\"Kalatalouden Keskusliitto on nimennyt vuoden 2015 kalataloudessa ansioituneeksi\u00a0 henkil\u00f6ksi kalatalousp\u00e4\u00e4llikk\u00f6 Kari Ranta-ahon Varsinais-Suomen ELY-keskuksesta. Samalla h\u00e4net nimitettiin vuoden 2015 kalastusvirkamieheksi. Kalatalousp\u00e4\u00e4llikk\u00f6 Kari Ranta-aho tunnetaan kalatalousalalla monipuolisena ja laajakatseisena virkamiehen\u00e4. Virkatoimissaan h\u00e4n on toiminut hyv\u00e4ss\u00e4 yhteisty\u00f6ss\u00e4 kent\u00e4n kanssa, \u00e4kkin\u00e4isi\u00e4 toimenpiteit\u00e4 vieroksuen. Ranta-aho on toiminut vuodesta 1984 l\u00e4htien alueellisen kalataloushallinnon suunnittelu- ja johtamisteht\u00e4viss\u00e4. Vuoden alussa h\u00e4net nimitettiin [&hellip;]\" \/>\n<meta property=\"og:url\" content=\"https:\/\/www.victoriamedia.org\/kalastusviesti\/kari-ranta-aho-vuoden-kalastusvirkamies\/\" \/>\n<meta property=\"og:site_name\" content=\"KALASTUSVIESTI\" \/>\n<meta property=\"article:publisher\" content=\"https:\/\/www.facebook.com\/Kalastusviesti\" \/>\n<meta property=\"article:published_time\" content=\"2015-04-23T09:06:00+00:00\" \/>\n<meta name=\"author\" content=\"kerttuvali\" \/>\n<meta name=\"twitter:card\" content=\"summary_large_image\" \/>\n<meta name=\"twitter:creator\" content=\"@kalastusuutiset\" \/>\n<meta name=\"twitter:site\" content=\"@kalastusuutiset\" \/>\n<meta name=\"twitter:label1\" content=\"Written by\" \/>\n\t<meta name=\"twitter:data1\" content=\"kerttuvali\" \/>\n\t<meta name=\"twitter:label2\" content=\"Est. reading time\" \/>\n\t<meta name=\"twitter:data2\" content=\"1 minute\" \/>\n<script type=\"application\/ld+json\" class=\"yoast-schema-graph\">{\"@context\":\"https:\\\/\\\/schema.org\",\"@graph\":[{\"@type\":\"Article\",\"@id\":\"https:\\\/\\\/www.victoriamedia.org\\\/kalastusviesti\\\/kari-ranta-aho-vuoden-kalastusvirkamies\\\/#article\",\"isPartOf\":{\"@id\":\"https:\\\/\\\/www.victoriamedia.org\\\/kalastusviesti\\\/kari-ranta-aho-vuoden-kalastusvirkamies\\\/\"},\"author\":{\"name\":\"kerttuvali\",\"@id\":\"https:\\\/\\\/www.victoriamedia.org\\\/kalastusviesti\\\/#\\\/schema\\\/person\\\/df29131d02ead3f61cdeeef5d30a6771\"},\"headline\":\"Kari Ranta-aho vuoden kalastusvirkamies\",\"datePublished\":\"2015-04-23T09:06:00+00:00\",\"mainEntityOfPage\":{\"@id\":\"https:\\\/\\\/www.victoriamedia.org\\\/kalastusviesti\\\/kari-ranta-aho-vuoden-kalastusvirkamies\\\/\"},\"wordCount\":151,\"articleSection\":[\"Yleiset Uutiset\"],\"inLanguage\":\"en-US\"},{\"@type\":\"WebPage\",\"@id\":\"https:\\\/\\\/www.victoriamedia.org\\\/kalastusviesti\\\/kari-ranta-aho-vuoden-kalastusvirkamies\\\/\",\"url\":\"https:\\\/\\\/www.victoriamedia.org\\\/kalastusviesti\\\/kari-ranta-aho-vuoden-kalastusvirkamies\\\/\",\"name\":\"Kari Ranta-aho vuoden kalastusvirkamies - KALASTUSVIESTI\",\"isPartOf\":{\"@id\":\"https:\\\/\\\/www.victoriamedia.org\\\/kalastusviesti\\\/#website\"},\"datePublished\":\"2015-04-23T09:06:00+00:00\",\"author\":{\"@id\":\"https:\\\/\\\/www.victoriamedia.org\\\/kalastusviesti\\\/#\\\/schema\\\/person\\\/df29131d02ead3f61cdeeef5d30a6771\"},\"breadcrumb\":{\"@id\":\"https:\\\/\\\/www.victoriamedia.org\\\/kalastusviesti\\\/kari-ranta-aho-vuoden-kalastusvirkamies\\\/#breadcrumb\"},\"inLanguage\":\"en-US\",\"potentialAction\":[{\"@type\":\"ReadAction\",\"target\":[\"https:\\\/\\\/www.victoriamedia.org\\\/kalastusviesti\\\/kari-ranta-aho-vuoden-kalastusvirkamies\\\/\"]}]},{\"@type\":\"BreadcrumbList\",\"@id\":\"https:\\\/\\\/www.victoriamedia.org\\\/kalastusviesti\\\/kari-ranta-aho-vuoden-kalastusvirkamies\\\/#breadcrumb\",\"itemListElement\":[{\"@type\":\"ListItem\",\"position\":1,\"name\":\"Home\",\"item\":\"https:\\\/\\\/www.victoriamedia.org\\\/kalastusviesti\\\/\"},{\"@type\":\"ListItem\",\"position\":2,\"name\":\"Kari Ranta-aho vuoden kalastusvirkamies\"}]},{\"@type\":\"WebSite\",\"@id\":\"https:\\\/\\\/www.victoriamedia.org\\\/kalastusviesti\\\/#website\",\"url\":\"https:\\\/\\\/www.victoriamedia.org\\\/kalastusviesti\\\/\",\"name\":\"KALASTUSVIESTI\",\"description\":\"\",\"potentialAction\":[{\"@type\":\"SearchAction\",\"target\":{\"@type\":\"EntryPoint\",\"urlTemplate\":\"https:\\\/\\\/www.victoriamedia.org\\\/kalastusviesti\\\/?s={search_term_string}\"},\"query-input\":{\"@type\":\"PropertyValueSpecification\",\"valueRequired\":true,\"valueName\":\"search_term_string\"}}],\"inLanguage\":\"en-US\"},{\"@type\":\"Person\",\"@id\":\"https:\\\/\\\/www.victoriamedia.org\\\/kalastusviesti\\\/#\\\/schema\\\/person\\\/df29131d02ead3f61cdeeef5d30a6771\",\"name\":\"kerttuvali\",\"image\":{\"@type\":\"ImageObject\",\"inLanguage\":\"en-US\",\"@id\":\"https:\\\/\\\/secure.gravatar.com\\\/avatar\\\/62dbe1a847f655ad987c59fece23f885c4b0e7b06595c36d9597003852972217?s=96&d=mm&r=g\",\"url\":\"https:\\\/\\\/secure.gravatar.com\\\/avatar\\\/62dbe1a847f655ad987c59fece23f885c4b0e7b06595c36d9597003852972217?s=96&d=mm&r=g\",\"contentUrl\":\"https:\\\/\\\/secure.gravatar.com\\\/avatar\\\/62dbe1a847f655ad987c59fece23f885c4b0e7b06595c36d9597003852972217?s=96&d=mm&r=g\",\"caption\":\"kerttuvali\"},\"url\":\"https:\\\/\\\/www.victoriamedia.org\\\/kalastusviesti\\\/author\\\/kerttuvali\\\/\"}]}<\/script>\n<!-- \/ Yoast SEO plugin. -->","yoast_head_json":{"title":"Kari Ranta-aho vuoden kalastusvirkamies - KALASTUSVIESTI","robots":{"index":"index","follow":"follow","max-snippet":"max-snippet:-1","max-image-preview":"max-image-preview:large","max-video-preview":"max-video-preview:-1"},"canonical":"https:\/\/www.victoriamedia.org\/kalastusviesti\/kari-ranta-aho-vuoden-kalastusvirkamies\/","og_locale":"en_US","og_type":"article","og_title":"Kari Ranta-aho vuoden kalastusvirkamies - KALASTUSVIESTI","og_description":"Kalatalouden Keskusliitto on nimennyt vuoden 2015 kalataloudessa ansioituneeksi\u00a0 henkil\u00f6ksi kalatalousp\u00e4\u00e4llikk\u00f6 Kari Ranta-ahon Varsinais-Suomen ELY-keskuksesta. Samalla h\u00e4net nimitettiin vuoden 2015 kalastusvirkamieheksi. Kalatalousp\u00e4\u00e4llikk\u00f6 Kari Ranta-aho tunnetaan kalatalousalalla monipuolisena ja laajakatseisena virkamiehen\u00e4. Virkatoimissaan h\u00e4n on toiminut hyv\u00e4ss\u00e4 yhteisty\u00f6ss\u00e4 kent\u00e4n kanssa, \u00e4kkin\u00e4isi\u00e4 toimenpiteit\u00e4 vieroksuen. Ranta-aho on toiminut vuodesta 1984 l\u00e4htien alueellisen kalataloushallinnon suunnittelu- ja johtamisteht\u00e4viss\u00e4. Vuoden alussa h\u00e4net nimitettiin [&hellip;]","og_url":"https:\/\/www.victoriamedia.org\/kalastusviesti\/kari-ranta-aho-vuoden-kalastusvirkamies\/","og_site_name":"KALASTUSVIESTI","article_publisher":"https:\/\/www.facebook.com\/Kalastusviesti","article_published_time":"2015-04-23T09:06:00+00:00","author":"kerttuvali","twitter_card":"summary_large_image","twitter_creator":"@kalastusuutiset","twitter_site":"@kalastusuutiset","twitter_misc":{"Written by":"kerttuvali","Est. reading time":"1 minute"},"schema":{"@context":"https:\/\/schema.org","@graph":[{"@type":"Article","@id":"https:\/\/www.victoriamedia.org\/kalastusviesti\/kari-ranta-aho-vuoden-kalastusvirkamies\/#article","isPartOf":{"@id":"https:\/\/www.victoriamedia.org\/kalastusviesti\/kari-ranta-aho-vuoden-kalastusvirkamies\/"},"author":{"name":"kerttuvali","@id":"https:\/\/www.victoriamedia.org\/kalastusviesti\/#\/schema\/person\/df29131d02ead3f61cdeeef5d30a6771"},"headline":"Kari Ranta-aho vuoden kalastusvirkamies","datePublished":"2015-04-23T09:06:00+00:00","mainEntityOfPage":{"@id":"https:\/\/www.victoriamedia.org\/kalastusviesti\/kari-ranta-aho-vuoden-kalastusvirkamies\/"},"wordCount":151,"articleSection":["Yleiset Uutiset"],"inLanguage":"en-US"},{"@type":"WebPage","@id":"https:\/\/www.victoriamedia.org\/kalastusviesti\/kari-ranta-aho-vuoden-kalastusvirkamies\/","url":"https:\/\/www.victoriamedia.org\/kalastusviesti\/kari-ranta-aho-vuoden-kalastusvirkamies\/","name":"Kari Ranta-aho vuoden kalastusvirkamies - KALASTUSVIESTI","isPartOf":{"@id":"https:\/\/www.victoriamedia.org\/kalastusviesti\/#website"},"datePublished":"2015-04-23T09:06:00+00:00","author":{"@id":"https:\/\/www.victoriamedia.org\/kalastusviesti\/#\/schema\/person\/df29131d02ead3f61cdeeef5d30a6771"},"breadcrumb":{"@id":"https:\/\/www.victoriamedia.org\/kalastusviesti\/kari-ranta-aho-vuoden-kalastusvirkamies\/#breadcrumb"},"inLanguage":"en-US","potentialAction":[{"@type":"ReadAction","target":["https:\/\/www.victoriamedia.org\/kalastusviesti\/kari-ranta-aho-vuoden-kalastusvirkamies\/"]}]},{"@type":"BreadcrumbList","@id":"https:\/\/www.victoriamedia.org\/kalastusviesti\/kari-ranta-aho-vuoden-kalastusvirkamies\/#breadcrumb","itemListElement":[{"@type":"ListItem","position":1,"name":"Home","item":"https:\/\/www.victoriamedia.org\/kalastusviesti\/"},{"@type":"ListItem","position":2,"name":"Kari Ranta-aho vuoden kalastusvirkamies"}]},{"@type":"WebSite","@id":"https:\/\/www.victoriamedia.org\/kalastusviesti\/#website","url":"https:\/\/www.victoriamedia.org\/kalastusviesti\/","name":"KALASTUSVIESTI","description":"","potentialAction":[{"@type":"SearchAction","target":{"@type":"EntryPoint","urlTemplate":"https:\/\/www.victoriamedia.org\/kalastusviesti\/?s={search_term_string}"},"query-input":{"@type":"PropertyValueSpecification","valueRequired":true,"valueName":"search_term_string"}}],"inLanguage":"en-US"},{"@type":"Person","@id":"https:\/\/www.victoriamedia.org\/kalastusviesti\/#\/schema\/person\/df29131d02ead3f61cdeeef5d30a6771","name":"kerttuvali","image":{"@type":"ImageObject","inLanguage":"en-US","@id":"https:\/\/secure.gravatar.com\/avatar\/62dbe1a847f655ad987c59fece23f885c4b0e7b06595c36d9597003852972217?s=96&d=mm&r=g","url":"https:\/\/secure.gravatar.com\/avatar\/62dbe1a847f655ad987c59fece23f885c4b0e7b06595c36d9597003852972217?s=96&d=mm&r=g","contentUrl":"https:\/\/secure.gravatar.com\/avatar\/62dbe1a847f655ad987c59fece23f885c4b0e7b06595c36d9597003852972217?s=96&d=mm&r=g","caption":"kerttuvali"},"url":"https:\/\/www.victoriamedia.org\/kalastusviesti\/author\/kerttuvali\/"}]}},"_links":{"self":[{"href":"https:\/\/www.victoriamedia.org\/kalastusviesti\/wp-json\/wp\/v2\/posts\/638","targetHints":{"allow":["GET"]}}],"collection":[{"href":"https:\/\/www.victoriamedia.org\/kalastusviesti\/wp-json\/wp\/v2\/posts"}],"about":[{"href":"https:\/\/www.victoriamedia.org\/kalastusviesti\/wp-json\/wp\/v2\/types\/post"}],"author":[{"embeddable":true,"href":"https:\/\/www.victoriamedia.org\/kalastusviesti\/wp-json\/wp\/v2\/users\/1"}],"replies":[{"embeddable":true,"href":"https:\/\/www.victoriamedia.org\/kalastusviesti\/wp-json\/wp\/v2\/comments?post=638"}],"version-history":[{"count":1,"href":"https:\/\/www.victoriamedia.org\/kalastusviesti\/wp-json\/wp\/v2\/posts\/638\/revisions"}],"predecessor-version":[{"id":639,"href":"https:\/\/www.victoriamedia.org\/kalastusviesti\/wp-json\/wp\/v2\/posts\/638\/revisions\/639"}],"wp:attachment":[{"href":"https:\/\/www.victoriamedia.org\/kalastusviesti\/wp-json\/wp\/v2\/media?parent=638"}],"wp:term":[{"taxonomy":"category","embeddable":true,"href":"https:\/\/www.victoriamedia.org\/kalastusviesti\/wp-json\/wp\/v2\/categories?post=638"},{"taxonomy":"post_tag","embeddable":true,"href":"https:\/\/www.victoriamedia.org\/kalastusviesti\/wp-json\/wp\/v2\/tags?post=638"}],"curies":[{"name":"wp","href":"https:\/\/api.w.org\/{rel}","templated":true}]}}