{"id":617,"date":"2015-03-31T09:13:32","date_gmt":"2015-03-31T09:13:32","guid":{"rendered":"http:\/\/www.victoriamedia.org\/kalastusviesti\/?p=617"},"modified":"2015-03-31T09:13:32","modified_gmt":"2015-03-31T09:13:32","slug":"perhokalastuksen-mm-kilpailu-pudasjarvella-peruutettiin-kollaja-paatoksen-vuoksi","status":"publish","type":"post","link":"https:\/\/www.victoriamedia.org\/kalastusviesti\/perhokalastuksen-mm-kilpailu-pudasjarvella-peruutettiin-kollaja-paatoksen-vuoksi\/","title":{"rendered":"Perhokalastuksen MM-kilpailu Pudasj\u00e4rvell\u00e4 peruutettiin Kollaja-p\u00e4\u00e4t\u00f6ksen vuoksi"},"content":{"rendered":"<p><strong>Suomen Vapaa-ajankalastajien Keskusj\u00e4rjest\u00f6 (SVK) on p\u00e4\u00e4tt\u00e4nyt, ett\u00e4 se ei j\u00e4rjest\u00e4 perhokalastuksen MM-kilpailua Pudasj\u00e4rvell\u00e4 vuonna 2017.\u00a0 Keskusj\u00e4rjest\u00f6 katsoo, ett\u00e4 sill\u00e4 ei ole en\u00e4\u00e4 Pudasj\u00e4rven kaupunginvaltuuston Kollajan tekoallasta tukevan p\u00e4\u00e4t\u00f6ksen j\u00e4lkeen edellytyksi\u00e4 perhokalastuksen MM -kilpailujen j\u00e4rjest\u00e4miselle alueella. P\u00e4\u00e4t\u00f6s on keskusj\u00e4rjest\u00f6n toimintatavoitteiden vastainen ja vaarantaa vakavasti Iijoen vesist\u00f6n tulevaisuuden merkitt\u00e4v\u00e4n\u00e4 vaelluskalavesist\u00f6n\u00e4.<\/strong><\/p>\n<p>Vapaa-ajankalastajat pyrkiv\u00e4t toiminnassaan vaelluskalojen elinolosuhteiden ja lis\u00e4\u00e4ntymisedellytysten parantamiseen. Padottuihin jokiin tulee rakentaa toimivat kalatiet ja pyrki\u00e4 kohti luontaisia kalakantoja. Iijoella on puitteita kehitty\u00e4 tulevaisuudessa merkitt\u00e4v\u00e4ksi lohi- ja meritaimenjoeksi. Joki on nykytilassaan yksi Suomen suosituimmista vapaa-ajankalastuksen kohteista.<\/p>\n<p>Ilmoituksessaan Pudasj\u00e4rven kaupunginhallitukselle keskusj\u00e4rjest\u00f6 perusteli MM-kilpailuhankkeen peruuttamista yhteisen tahtotilan katoamisella ja siit\u00e4 seuraavalla ep\u00e4varmuudella saada toimitsijoita suurtapahtumaan.<\/p>\n<p>Kilpailun j\u00e4rjest\u00e4misen yhten\u00e4 keskeisen\u00e4 tavoitteena oli Iijoen alueen kalastuskohteiden tunnetuksi tekeminen ja kalastusmatkailun kehitt\u00e4minen. Kotimaisen ja kansainv\u00e4lisen tunnettavuuden lis\u00e4ksi tapahtuma olisi tuonut alueelle noin puolen miljoonan euron v\u00e4litt\u00f6m\u00e4t matkailutulot.<\/p>\n<p>Vapaaehtoisten toimitsijoiden saaminen muuttui hyvin ep\u00e4varmaksi useimpien Iijoen l\u00e4hiseudun perhokalastuksen yhdistysten aktiivien vet\u00e4ydytty\u00e4 MM-j\u00e4rjestelyist\u00e4. Kollajan tukeminen on saanut my\u00f6s sosiaalisessa mediassa kritiikki\u00e4 perhokalastajilta.<\/p>\n<p>&#8220;Kaupungin linjauksen muuttuminen Kollaja-kielteisest\u00e4 my\u00f6nteiseksi muutti toimintaymp\u00e4rist\u00f6n mahdottomaksi. Pitk\u00e4\u00e4n valmistellun tapahtuman hakemuksen poisvet\u00e4minen harmittaa, mutta j\u00e4i ainoaksi vaihtoehdoksemme. Seuraavaksi alamme etsi\u00e4 uutta is\u00e4nt\u00e4kaupunkia MM-perhokisalle\u201d, harmittelee perhokalastusjaoston puheenjohtaja Ilkka Pirinen.<\/p>\n","protected":false},"excerpt":{"rendered":"<p>Suomen Vapaa-ajankalastajien Keskusj\u00e4rjest\u00f6 (SVK) on p\u00e4\u00e4tt\u00e4nyt, ett\u00e4 se ei j\u00e4rjest\u00e4 perhokalastuksen MM-kilpailua Pudasj\u00e4rvell\u00e4 vuonna 2017.\u00a0 Keskusj\u00e4rjest\u00f6 katsoo, ett\u00e4 sill\u00e4 ei ole en\u00e4\u00e4 Pudasj\u00e4rven kaupunginvaltuuston Kollajan tekoallasta tukevan p\u00e4\u00e4t\u00f6ksen j\u00e4lkeen edellytyksi\u00e4 perhokalastuksen MM -kilpailujen j\u00e4rjest\u00e4miselle alueella. P\u00e4\u00e4t\u00f6s on keskusj\u00e4rjest\u00f6n toimintatavoitteiden vastainen ja vaarantaa vakavasti Iijoen vesist\u00f6n tulevaisuuden merkitt\u00e4v\u00e4n\u00e4 vaelluskalavesist\u00f6n\u00e4. Vapaa-ajankalastajat pyrkiv\u00e4t toiminnassaan vaelluskalojen elinolosuhteiden ja lis\u00e4\u00e4ntymisedellytysten [&hellip;]<\/p>\n","protected":false},"author":1,"featured_media":0,"comment_status":"closed","ping_status":"closed","sticky":false,"template":"","format":"standard","meta":{"footnotes":""},"categories":[48,8],"tags":[],"class_list":["post-617","post","type-post","status-publish","format-standard","hentry","category-perhokalastus","category-suomen-vapaa-ajankalastajien-keskusjarjesto","eq-blocks"],"yoast_head":"<!-- This site is optimized with the Yoast SEO plugin v27.5 - https:\/\/yoast.com\/product\/yoast-seo-wordpress\/ -->\n<title>Perhokalastuksen MM-kilpailu Pudasj\u00e4rvell\u00e4 peruutettiin Kollaja-p\u00e4\u00e4t\u00f6ksen vuoksi - KALASTUSVIESTI<\/title>\n<meta name=\"robots\" content=\"index, follow, max-snippet:-1, max-image-preview:large, max-video-preview:-1\" \/>\n<link rel=\"canonical\" href=\"https:\/\/www.victoriamedia.org\/kalastusviesti\/perhokalastuksen-mm-kilpailu-pudasjarvella-peruutettiin-kollaja-paatoksen-vuoksi\/\" \/>\n<meta property=\"og:locale\" content=\"en_US\" \/>\n<meta property=\"og:type\" content=\"article\" \/>\n<meta property=\"og:title\" content=\"Perhokalastuksen MM-kilpailu Pudasj\u00e4rvell\u00e4 peruutettiin Kollaja-p\u00e4\u00e4t\u00f6ksen vuoksi - KALASTUSVIESTI\" \/>\n<meta property=\"og:description\" content=\"Suomen Vapaa-ajankalastajien Keskusj\u00e4rjest\u00f6 (SVK) on p\u00e4\u00e4tt\u00e4nyt, ett\u00e4 se ei j\u00e4rjest\u00e4 perhokalastuksen MM-kilpailua Pudasj\u00e4rvell\u00e4 vuonna 2017.\u00a0 Keskusj\u00e4rjest\u00f6 katsoo, ett\u00e4 sill\u00e4 ei ole en\u00e4\u00e4 Pudasj\u00e4rven kaupunginvaltuuston Kollajan tekoallasta tukevan p\u00e4\u00e4t\u00f6ksen j\u00e4lkeen edellytyksi\u00e4 perhokalastuksen MM -kilpailujen j\u00e4rjest\u00e4miselle alueella. P\u00e4\u00e4t\u00f6s on keskusj\u00e4rjest\u00f6n toimintatavoitteiden vastainen ja vaarantaa vakavasti Iijoen vesist\u00f6n tulevaisuuden merkitt\u00e4v\u00e4n\u00e4 vaelluskalavesist\u00f6n\u00e4. Vapaa-ajankalastajat pyrkiv\u00e4t toiminnassaan vaelluskalojen elinolosuhteiden ja lis\u00e4\u00e4ntymisedellytysten [&hellip;]\" \/>\n<meta property=\"og:url\" content=\"https:\/\/www.victoriamedia.org\/kalastusviesti\/perhokalastuksen-mm-kilpailu-pudasjarvella-peruutettiin-kollaja-paatoksen-vuoksi\/\" \/>\n<meta property=\"og:site_name\" content=\"KALASTUSVIESTI\" \/>\n<meta property=\"article:publisher\" content=\"https:\/\/www.facebook.com\/Kalastusviesti\" \/>\n<meta property=\"article:published_time\" content=\"2015-03-31T09:13:32+00:00\" \/>\n<meta name=\"author\" content=\"kerttuvali\" \/>\n<meta name=\"twitter:card\" content=\"summary_large_image\" \/>\n<meta name=\"twitter:creator\" content=\"@kalastusuutiset\" \/>\n<meta name=\"twitter:site\" content=\"@kalastusuutiset\" \/>\n<meta name=\"twitter:label1\" content=\"Written by\" \/>\n\t<meta name=\"twitter:data1\" content=\"kerttuvali\" \/>\n\t<meta name=\"twitter:label2\" content=\"Est. reading time\" \/>\n\t<meta name=\"twitter:data2\" content=\"1 minute\" \/>\n<script type=\"application\/ld+json\" class=\"yoast-schema-graph\">{\"@context\":\"https:\\\/\\\/schema.org\",\"@graph\":[{\"@type\":\"Article\",\"@id\":\"https:\\\/\\\/www.victoriamedia.org\\\/kalastusviesti\\\/perhokalastuksen-mm-kilpailu-pudasjarvella-peruutettiin-kollaja-paatoksen-vuoksi\\\/#article\",\"isPartOf\":{\"@id\":\"https:\\\/\\\/www.victoriamedia.org\\\/kalastusviesti\\\/perhokalastuksen-mm-kilpailu-pudasjarvella-peruutettiin-kollaja-paatoksen-vuoksi\\\/\"},\"author\":{\"name\":\"kerttuvali\",\"@id\":\"https:\\\/\\\/www.victoriamedia.org\\\/kalastusviesti\\\/#\\\/schema\\\/person\\\/df29131d02ead3f61cdeeef5d30a6771\"},\"headline\":\"Perhokalastuksen MM-kilpailu Pudasj\u00e4rvell\u00e4 peruutettiin Kollaja-p\u00e4\u00e4t\u00f6ksen vuoksi\",\"datePublished\":\"2015-03-31T09:13:32+00:00\",\"mainEntityOfPage\":{\"@id\":\"https:\\\/\\\/www.victoriamedia.org\\\/kalastusviesti\\\/perhokalastuksen-mm-kilpailu-pudasjarvella-peruutettiin-kollaja-paatoksen-vuoksi\\\/\"},\"wordCount\":238,\"articleSection\":[\"Perhokalastus\",\"Suomen Vapaa-ajankalastajien Keskusj\u00e4rjest\u00f6\"],\"inLanguage\":\"en-US\"},{\"@type\":\"WebPage\",\"@id\":\"https:\\\/\\\/www.victoriamedia.org\\\/kalastusviesti\\\/perhokalastuksen-mm-kilpailu-pudasjarvella-peruutettiin-kollaja-paatoksen-vuoksi\\\/\",\"url\":\"https:\\\/\\\/www.victoriamedia.org\\\/kalastusviesti\\\/perhokalastuksen-mm-kilpailu-pudasjarvella-peruutettiin-kollaja-paatoksen-vuoksi\\\/\",\"name\":\"Perhokalastuksen MM-kilpailu Pudasj\u00e4rvell\u00e4 peruutettiin Kollaja-p\u00e4\u00e4t\u00f6ksen vuoksi - KALASTUSVIESTI\",\"isPartOf\":{\"@id\":\"https:\\\/\\\/www.victoriamedia.org\\\/kalastusviesti\\\/#website\"},\"datePublished\":\"2015-03-31T09:13:32+00:00\",\"author\":{\"@id\":\"https:\\\/\\\/www.victoriamedia.org\\\/kalastusviesti\\\/#\\\/schema\\\/person\\\/df29131d02ead3f61cdeeef5d30a6771\"},\"breadcrumb\":{\"@id\":\"https:\\\/\\\/www.victoriamedia.org\\\/kalastusviesti\\\/perhokalastuksen-mm-kilpailu-pudasjarvella-peruutettiin-kollaja-paatoksen-vuoksi\\\/#breadcrumb\"},\"inLanguage\":\"en-US\",\"potentialAction\":[{\"@type\":\"ReadAction\",\"target\":[\"https:\\\/\\\/www.victoriamedia.org\\\/kalastusviesti\\\/perhokalastuksen-mm-kilpailu-pudasjarvella-peruutettiin-kollaja-paatoksen-vuoksi\\\/\"]}]},{\"@type\":\"BreadcrumbList\",\"@id\":\"https:\\\/\\\/www.victoriamedia.org\\\/kalastusviesti\\\/perhokalastuksen-mm-kilpailu-pudasjarvella-peruutettiin-kollaja-paatoksen-vuoksi\\\/#breadcrumb\",\"itemListElement\":[{\"@type\":\"ListItem\",\"position\":1,\"name\":\"Home\",\"item\":\"https:\\\/\\\/www.victoriamedia.org\\\/kalastusviesti\\\/\"},{\"@type\":\"ListItem\",\"position\":2,\"name\":\"Perhokalastuksen MM-kilpailu Pudasj\u00e4rvell\u00e4 peruutettiin Kollaja-p\u00e4\u00e4t\u00f6ksen vuoksi\"}]},{\"@type\":\"WebSite\",\"@id\":\"https:\\\/\\\/www.victoriamedia.org\\\/kalastusviesti\\\/#website\",\"url\":\"https:\\\/\\\/www.victoriamedia.org\\\/kalastusviesti\\\/\",\"name\":\"KALASTUSVIESTI\",\"description\":\"\",\"potentialAction\":[{\"@type\":\"SearchAction\",\"target\":{\"@type\":\"EntryPoint\",\"urlTemplate\":\"https:\\\/\\\/www.victoriamedia.org\\\/kalastusviesti\\\/?s={search_term_string}\"},\"query-input\":{\"@type\":\"PropertyValueSpecification\",\"valueRequired\":true,\"valueName\":\"search_term_string\"}}],\"inLanguage\":\"en-US\"},{\"@type\":\"Person\",\"@id\":\"https:\\\/\\\/www.victoriamedia.org\\\/kalastusviesti\\\/#\\\/schema\\\/person\\\/df29131d02ead3f61cdeeef5d30a6771\",\"name\":\"kerttuvali\",\"image\":{\"@type\":\"ImageObject\",\"inLanguage\":\"en-US\",\"@id\":\"https:\\\/\\\/secure.gravatar.com\\\/avatar\\\/62dbe1a847f655ad987c59fece23f885c4b0e7b06595c36d9597003852972217?s=96&d=mm&r=g\",\"url\":\"https:\\\/\\\/secure.gravatar.com\\\/avatar\\\/62dbe1a847f655ad987c59fece23f885c4b0e7b06595c36d9597003852972217?s=96&d=mm&r=g\",\"contentUrl\":\"https:\\\/\\\/secure.gravatar.com\\\/avatar\\\/62dbe1a847f655ad987c59fece23f885c4b0e7b06595c36d9597003852972217?s=96&d=mm&r=g\",\"caption\":\"kerttuvali\"},\"url\":\"https:\\\/\\\/www.victoriamedia.org\\\/kalastusviesti\\\/author\\\/kerttuvali\\\/\"}]}<\/script>\n<!-- \/ Yoast SEO plugin. -->","yoast_head_json":{"title":"Perhokalastuksen MM-kilpailu Pudasj\u00e4rvell\u00e4 peruutettiin Kollaja-p\u00e4\u00e4t\u00f6ksen vuoksi - KALASTUSVIESTI","robots":{"index":"index","follow":"follow","max-snippet":"max-snippet:-1","max-image-preview":"max-image-preview:large","max-video-preview":"max-video-preview:-1"},"canonical":"https:\/\/www.victoriamedia.org\/kalastusviesti\/perhokalastuksen-mm-kilpailu-pudasjarvella-peruutettiin-kollaja-paatoksen-vuoksi\/","og_locale":"en_US","og_type":"article","og_title":"Perhokalastuksen MM-kilpailu Pudasj\u00e4rvell\u00e4 peruutettiin Kollaja-p\u00e4\u00e4t\u00f6ksen vuoksi - KALASTUSVIESTI","og_description":"Suomen Vapaa-ajankalastajien Keskusj\u00e4rjest\u00f6 (SVK) on p\u00e4\u00e4tt\u00e4nyt, ett\u00e4 se ei j\u00e4rjest\u00e4 perhokalastuksen MM-kilpailua Pudasj\u00e4rvell\u00e4 vuonna 2017.\u00a0 Keskusj\u00e4rjest\u00f6 katsoo, ett\u00e4 sill\u00e4 ei ole en\u00e4\u00e4 Pudasj\u00e4rven kaupunginvaltuuston Kollajan tekoallasta tukevan p\u00e4\u00e4t\u00f6ksen j\u00e4lkeen edellytyksi\u00e4 perhokalastuksen MM -kilpailujen j\u00e4rjest\u00e4miselle alueella. P\u00e4\u00e4t\u00f6s on keskusj\u00e4rjest\u00f6n toimintatavoitteiden vastainen ja vaarantaa vakavasti Iijoen vesist\u00f6n tulevaisuuden merkitt\u00e4v\u00e4n\u00e4 vaelluskalavesist\u00f6n\u00e4. Vapaa-ajankalastajat pyrkiv\u00e4t toiminnassaan vaelluskalojen elinolosuhteiden ja lis\u00e4\u00e4ntymisedellytysten [&hellip;]","og_url":"https:\/\/www.victoriamedia.org\/kalastusviesti\/perhokalastuksen-mm-kilpailu-pudasjarvella-peruutettiin-kollaja-paatoksen-vuoksi\/","og_site_name":"KALASTUSVIESTI","article_publisher":"https:\/\/www.facebook.com\/Kalastusviesti","article_published_time":"2015-03-31T09:13:32+00:00","author":"kerttuvali","twitter_card":"summary_large_image","twitter_creator":"@kalastusuutiset","twitter_site":"@kalastusuutiset","twitter_misc":{"Written by":"kerttuvali","Est. reading time":"1 minute"},"schema":{"@context":"https:\/\/schema.org","@graph":[{"@type":"Article","@id":"https:\/\/www.victoriamedia.org\/kalastusviesti\/perhokalastuksen-mm-kilpailu-pudasjarvella-peruutettiin-kollaja-paatoksen-vuoksi\/#article","isPartOf":{"@id":"https:\/\/www.victoriamedia.org\/kalastusviesti\/perhokalastuksen-mm-kilpailu-pudasjarvella-peruutettiin-kollaja-paatoksen-vuoksi\/"},"author":{"name":"kerttuvali","@id":"https:\/\/www.victoriamedia.org\/kalastusviesti\/#\/schema\/person\/df29131d02ead3f61cdeeef5d30a6771"},"headline":"Perhokalastuksen MM-kilpailu Pudasj\u00e4rvell\u00e4 peruutettiin Kollaja-p\u00e4\u00e4t\u00f6ksen vuoksi","datePublished":"2015-03-31T09:13:32+00:00","mainEntityOfPage":{"@id":"https:\/\/www.victoriamedia.org\/kalastusviesti\/perhokalastuksen-mm-kilpailu-pudasjarvella-peruutettiin-kollaja-paatoksen-vuoksi\/"},"wordCount":238,"articleSection":["Perhokalastus","Suomen Vapaa-ajankalastajien Keskusj\u00e4rjest\u00f6"],"inLanguage":"en-US"},{"@type":"WebPage","@id":"https:\/\/www.victoriamedia.org\/kalastusviesti\/perhokalastuksen-mm-kilpailu-pudasjarvella-peruutettiin-kollaja-paatoksen-vuoksi\/","url":"https:\/\/www.victoriamedia.org\/kalastusviesti\/perhokalastuksen-mm-kilpailu-pudasjarvella-peruutettiin-kollaja-paatoksen-vuoksi\/","name":"Perhokalastuksen MM-kilpailu Pudasj\u00e4rvell\u00e4 peruutettiin Kollaja-p\u00e4\u00e4t\u00f6ksen vuoksi - KALASTUSVIESTI","isPartOf":{"@id":"https:\/\/www.victoriamedia.org\/kalastusviesti\/#website"},"datePublished":"2015-03-31T09:13:32+00:00","author":{"@id":"https:\/\/www.victoriamedia.org\/kalastusviesti\/#\/schema\/person\/df29131d02ead3f61cdeeef5d30a6771"},"breadcrumb":{"@id":"https:\/\/www.victoriamedia.org\/kalastusviesti\/perhokalastuksen-mm-kilpailu-pudasjarvella-peruutettiin-kollaja-paatoksen-vuoksi\/#breadcrumb"},"inLanguage":"en-US","potentialAction":[{"@type":"ReadAction","target":["https:\/\/www.victoriamedia.org\/kalastusviesti\/perhokalastuksen-mm-kilpailu-pudasjarvella-peruutettiin-kollaja-paatoksen-vuoksi\/"]}]},{"@type":"BreadcrumbList","@id":"https:\/\/www.victoriamedia.org\/kalastusviesti\/perhokalastuksen-mm-kilpailu-pudasjarvella-peruutettiin-kollaja-paatoksen-vuoksi\/#breadcrumb","itemListElement":[{"@type":"ListItem","position":1,"name":"Home","item":"https:\/\/www.victoriamedia.org\/kalastusviesti\/"},{"@type":"ListItem","position":2,"name":"Perhokalastuksen MM-kilpailu Pudasj\u00e4rvell\u00e4 peruutettiin Kollaja-p\u00e4\u00e4t\u00f6ksen vuoksi"}]},{"@type":"WebSite","@id":"https:\/\/www.victoriamedia.org\/kalastusviesti\/#website","url":"https:\/\/www.victoriamedia.org\/kalastusviesti\/","name":"KALASTUSVIESTI","description":"","potentialAction":[{"@type":"SearchAction","target":{"@type":"EntryPoint","urlTemplate":"https:\/\/www.victoriamedia.org\/kalastusviesti\/?s={search_term_string}"},"query-input":{"@type":"PropertyValueSpecification","valueRequired":true,"valueName":"search_term_string"}}],"inLanguage":"en-US"},{"@type":"Person","@id":"https:\/\/www.victoriamedia.org\/kalastusviesti\/#\/schema\/person\/df29131d02ead3f61cdeeef5d30a6771","name":"kerttuvali","image":{"@type":"ImageObject","inLanguage":"en-US","@id":"https:\/\/secure.gravatar.com\/avatar\/62dbe1a847f655ad987c59fece23f885c4b0e7b06595c36d9597003852972217?s=96&d=mm&r=g","url":"https:\/\/secure.gravatar.com\/avatar\/62dbe1a847f655ad987c59fece23f885c4b0e7b06595c36d9597003852972217?s=96&d=mm&r=g","contentUrl":"https:\/\/secure.gravatar.com\/avatar\/62dbe1a847f655ad987c59fece23f885c4b0e7b06595c36d9597003852972217?s=96&d=mm&r=g","caption":"kerttuvali"},"url":"https:\/\/www.victoriamedia.org\/kalastusviesti\/author\/kerttuvali\/"}]}},"_links":{"self":[{"href":"https:\/\/www.victoriamedia.org\/kalastusviesti\/wp-json\/wp\/v2\/posts\/617","targetHints":{"allow":["GET"]}}],"collection":[{"href":"https:\/\/www.victoriamedia.org\/kalastusviesti\/wp-json\/wp\/v2\/posts"}],"about":[{"href":"https:\/\/www.victoriamedia.org\/kalastusviesti\/wp-json\/wp\/v2\/types\/post"}],"author":[{"embeddable":true,"href":"https:\/\/www.victoriamedia.org\/kalastusviesti\/wp-json\/wp\/v2\/users\/1"}],"replies":[{"embeddable":true,"href":"https:\/\/www.victoriamedia.org\/kalastusviesti\/wp-json\/wp\/v2\/comments?post=617"}],"version-history":[{"count":1,"href":"https:\/\/www.victoriamedia.org\/kalastusviesti\/wp-json\/wp\/v2\/posts\/617\/revisions"}],"predecessor-version":[{"id":618,"href":"https:\/\/www.victoriamedia.org\/kalastusviesti\/wp-json\/wp\/v2\/posts\/617\/revisions\/618"}],"wp:attachment":[{"href":"https:\/\/www.victoriamedia.org\/kalastusviesti\/wp-json\/wp\/v2\/media?parent=617"}],"wp:term":[{"taxonomy":"category","embeddable":true,"href":"https:\/\/www.victoriamedia.org\/kalastusviesti\/wp-json\/wp\/v2\/categories?post=617"},{"taxonomy":"post_tag","embeddable":true,"href":"https:\/\/www.victoriamedia.org\/kalastusviesti\/wp-json\/wp\/v2\/tags?post=617"}],"curies":[{"name":"wp","href":"https:\/\/api.w.org\/{rel}","templated":true}]}}