{"id":597,"date":"2015-03-13T14:54:56","date_gmt":"2015-03-13T14:54:56","guid":{"rendered":"http:\/\/www.victoriamedia.org\/kalastusviesti\/?p=597"},"modified":"2015-03-13T14:54:56","modified_gmt":"2015-03-13T14:54:56","slug":"venajan-tuontikiellosta-karsineet-kalanjalostajat-voivat-hakea-valtiontukea-31-3-mennessa","status":"publish","type":"post","link":"https:\/\/www.victoriamedia.org\/kalastusviesti\/venajan-tuontikiellosta-karsineet-kalanjalostajat-voivat-hakea-valtiontukea-31-3-mennessa\/","title":{"rendered":"Ven\u00e4j\u00e4n tuontikiellosta k\u00e4rsineet kalanjalostajat voivat hakea valtiontukea 31.3. menness\u00e4"},"content":{"rendered":"<p>Ven\u00e4j\u00e4n kalantuontikielto on aiheuttanut taloudellisia menetyksi\u00e4 silakan ja kilohailin jalostusyrityksille sek\u00e4 ammattikalastajille. Hallitus on varannut 600 000 euroa tukirahaa kiellosta k\u00e4rsineille yritt\u00e4jille. Tukirahaa voi hakea Varsinais-Suomen ELY-keskukselta 31.3.2015 klo 16.15 menness\u00e4.<\/p>\n<div class=\"content\">\n<div class=\"wrapper content-wrapper\">\n<div class=\"left-col\">\n<div class=\"white-box\">\n<div class=\"text-section wide\">\n<div class=\"separator-box\">\n<p>Euroopan komissio arvioi tukea parhaillaan. Ennen komission hyv\u00e4ksynt\u00e4\u00e4 tukia ei voida my\u00f6nt\u00e4\u00e4. Maa- ja mets\u00e4talousministeri\u00f6 ja Varsinais-Suomen ELY-keskus p\u00e4\u00e4ttiv\u00e4t kuitenkin k\u00e4ynnist\u00e4\u00e4 haun jo nyt, jotta tuen my\u00f6nt\u00e4mist\u00e4 ja maksamista voitaisiin jouduttaa. Ven\u00e4j\u00e4 asetti kalantuontikiellon 7.8.2014<\/p>\n<\/div>\n<\/div>\n<\/div>\n<\/div>\n<\/div>\n<\/div>\n","protected":false},"excerpt":{"rendered":"<p>Ven\u00e4j\u00e4n kalantuontikielto on aiheuttanut taloudellisia menetyksi\u00e4 silakan ja kilohailin jalostusyrityksille sek\u00e4 ammattikalastajille. Hallitus on varannut 600 000 euroa tukirahaa kiellosta k\u00e4rsineille yritt\u00e4jille. Tukirahaa voi hakea Varsinais-Suomen ELY-keskukselta 31.3.2015 klo 16.15 menness\u00e4. Euroopan komissio arvioi tukea parhaillaan. Ennen komission hyv\u00e4ksynt\u00e4\u00e4 tukia ei voida my\u00f6nt\u00e4\u00e4. Maa- ja mets\u00e4talousministeri\u00f6 ja Varsinais-Suomen ELY-keskus p\u00e4\u00e4ttiv\u00e4t kuitenkin k\u00e4ynnist\u00e4\u00e4 haun jo nyt, [&hellip;]<\/p>\n","protected":false},"author":1,"featured_media":0,"comment_status":"closed","ping_status":"closed","sticky":false,"template":"","format":"standard","meta":{"footnotes":""},"categories":[57],"tags":[],"class_list":["post-597","post","type-post","status-publish","format-standard","hentry","category-yleiset-uutiset","eq-blocks"],"yoast_head":"<!-- This site is optimized with the Yoast SEO plugin v27.5 - https:\/\/yoast.com\/product\/yoast-seo-wordpress\/ -->\n<title>Ven\u00e4j\u00e4n tuontikiellosta k\u00e4rsineet kalanjalostajat voivat hakea valtiontukea 31.3. menness\u00e4 - KALASTUSVIESTI<\/title>\n<meta name=\"robots\" content=\"index, follow, max-snippet:-1, max-image-preview:large, max-video-preview:-1\" \/>\n<link rel=\"canonical\" href=\"https:\/\/www.victoriamedia.org\/kalastusviesti\/venajan-tuontikiellosta-karsineet-kalanjalostajat-voivat-hakea-valtiontukea-31-3-mennessa\/\" \/>\n<meta property=\"og:locale\" content=\"en_US\" \/>\n<meta property=\"og:type\" content=\"article\" \/>\n<meta property=\"og:title\" content=\"Ven\u00e4j\u00e4n tuontikiellosta k\u00e4rsineet kalanjalostajat voivat hakea valtiontukea 31.3. menness\u00e4 - KALASTUSVIESTI\" \/>\n<meta property=\"og:description\" content=\"Ven\u00e4j\u00e4n kalantuontikielto on aiheuttanut taloudellisia menetyksi\u00e4 silakan ja kilohailin jalostusyrityksille sek\u00e4 ammattikalastajille. Hallitus on varannut 600 000 euroa tukirahaa kiellosta k\u00e4rsineille yritt\u00e4jille. Tukirahaa voi hakea Varsinais-Suomen ELY-keskukselta 31.3.2015 klo 16.15 menness\u00e4. Euroopan komissio arvioi tukea parhaillaan. Ennen komission hyv\u00e4ksynt\u00e4\u00e4 tukia ei voida my\u00f6nt\u00e4\u00e4. Maa- ja mets\u00e4talousministeri\u00f6 ja Varsinais-Suomen ELY-keskus p\u00e4\u00e4ttiv\u00e4t kuitenkin k\u00e4ynnist\u00e4\u00e4 haun jo nyt, [&hellip;]\" \/>\n<meta property=\"og:url\" content=\"https:\/\/www.victoriamedia.org\/kalastusviesti\/venajan-tuontikiellosta-karsineet-kalanjalostajat-voivat-hakea-valtiontukea-31-3-mennessa\/\" \/>\n<meta property=\"og:site_name\" content=\"KALASTUSVIESTI\" \/>\n<meta property=\"article:publisher\" content=\"https:\/\/www.facebook.com\/Kalastusviesti\" \/>\n<meta property=\"article:published_time\" content=\"2015-03-13T14:54:56+00:00\" \/>\n<meta name=\"author\" content=\"kerttuvali\" \/>\n<meta name=\"twitter:card\" content=\"summary_large_image\" \/>\n<meta name=\"twitter:creator\" content=\"@kalastusuutiset\" \/>\n<meta name=\"twitter:site\" content=\"@kalastusuutiset\" \/>\n<meta name=\"twitter:label1\" content=\"Written by\" \/>\n\t<meta name=\"twitter:data1\" content=\"kerttuvali\" \/>\n<script type=\"application\/ld+json\" class=\"yoast-schema-graph\">{\"@context\":\"https:\\\/\\\/schema.org\",\"@graph\":[{\"@type\":\"Article\",\"@id\":\"https:\\\/\\\/www.victoriamedia.org\\\/kalastusviesti\\\/venajan-tuontikiellosta-karsineet-kalanjalostajat-voivat-hakea-valtiontukea-31-3-mennessa\\\/#article\",\"isPartOf\":{\"@id\":\"https:\\\/\\\/www.victoriamedia.org\\\/kalastusviesti\\\/venajan-tuontikiellosta-karsineet-kalanjalostajat-voivat-hakea-valtiontukea-31-3-mennessa\\\/\"},\"author\":{\"name\":\"kerttuvali\",\"@id\":\"https:\\\/\\\/www.victoriamedia.org\\\/kalastusviesti\\\/#\\\/schema\\\/person\\\/df29131d02ead3f61cdeeef5d30a6771\"},\"headline\":\"Ven\u00e4j\u00e4n tuontikiellosta k\u00e4rsineet kalanjalostajat voivat hakea valtiontukea 31.3. menness\u00e4\",\"datePublished\":\"2015-03-13T14:54:56+00:00\",\"mainEntityOfPage\":{\"@id\":\"https:\\\/\\\/www.victoriamedia.org\\\/kalastusviesti\\\/venajan-tuontikiellosta-karsineet-kalanjalostajat-voivat-hakea-valtiontukea-31-3-mennessa\\\/\"},\"wordCount\":85,\"articleSection\":[\"Yleiset Uutiset\"],\"inLanguage\":\"en-US\"},{\"@type\":\"WebPage\",\"@id\":\"https:\\\/\\\/www.victoriamedia.org\\\/kalastusviesti\\\/venajan-tuontikiellosta-karsineet-kalanjalostajat-voivat-hakea-valtiontukea-31-3-mennessa\\\/\",\"url\":\"https:\\\/\\\/www.victoriamedia.org\\\/kalastusviesti\\\/venajan-tuontikiellosta-karsineet-kalanjalostajat-voivat-hakea-valtiontukea-31-3-mennessa\\\/\",\"name\":\"Ven\u00e4j\u00e4n tuontikiellosta k\u00e4rsineet kalanjalostajat voivat hakea valtiontukea 31.3. menness\u00e4 - KALASTUSVIESTI\",\"isPartOf\":{\"@id\":\"https:\\\/\\\/www.victoriamedia.org\\\/kalastusviesti\\\/#website\"},\"datePublished\":\"2015-03-13T14:54:56+00:00\",\"author\":{\"@id\":\"https:\\\/\\\/www.victoriamedia.org\\\/kalastusviesti\\\/#\\\/schema\\\/person\\\/df29131d02ead3f61cdeeef5d30a6771\"},\"breadcrumb\":{\"@id\":\"https:\\\/\\\/www.victoriamedia.org\\\/kalastusviesti\\\/venajan-tuontikiellosta-karsineet-kalanjalostajat-voivat-hakea-valtiontukea-31-3-mennessa\\\/#breadcrumb\"},\"inLanguage\":\"en-US\",\"potentialAction\":[{\"@type\":\"ReadAction\",\"target\":[\"https:\\\/\\\/www.victoriamedia.org\\\/kalastusviesti\\\/venajan-tuontikiellosta-karsineet-kalanjalostajat-voivat-hakea-valtiontukea-31-3-mennessa\\\/\"]}]},{\"@type\":\"BreadcrumbList\",\"@id\":\"https:\\\/\\\/www.victoriamedia.org\\\/kalastusviesti\\\/venajan-tuontikiellosta-karsineet-kalanjalostajat-voivat-hakea-valtiontukea-31-3-mennessa\\\/#breadcrumb\",\"itemListElement\":[{\"@type\":\"ListItem\",\"position\":1,\"name\":\"Home\",\"item\":\"https:\\\/\\\/www.victoriamedia.org\\\/kalastusviesti\\\/\"},{\"@type\":\"ListItem\",\"position\":2,\"name\":\"Ven\u00e4j\u00e4n tuontikiellosta k\u00e4rsineet kalanjalostajat voivat hakea valtiontukea 31.3. menness\u00e4\"}]},{\"@type\":\"WebSite\",\"@id\":\"https:\\\/\\\/www.victoriamedia.org\\\/kalastusviesti\\\/#website\",\"url\":\"https:\\\/\\\/www.victoriamedia.org\\\/kalastusviesti\\\/\",\"name\":\"KALASTUSVIESTI\",\"description\":\"\",\"potentialAction\":[{\"@type\":\"SearchAction\",\"target\":{\"@type\":\"EntryPoint\",\"urlTemplate\":\"https:\\\/\\\/www.victoriamedia.org\\\/kalastusviesti\\\/?s={search_term_string}\"},\"query-input\":{\"@type\":\"PropertyValueSpecification\",\"valueRequired\":true,\"valueName\":\"search_term_string\"}}],\"inLanguage\":\"en-US\"},{\"@type\":\"Person\",\"@id\":\"https:\\\/\\\/www.victoriamedia.org\\\/kalastusviesti\\\/#\\\/schema\\\/person\\\/df29131d02ead3f61cdeeef5d30a6771\",\"name\":\"kerttuvali\",\"image\":{\"@type\":\"ImageObject\",\"inLanguage\":\"en-US\",\"@id\":\"https:\\\/\\\/secure.gravatar.com\\\/avatar\\\/62dbe1a847f655ad987c59fece23f885c4b0e7b06595c36d9597003852972217?s=96&d=mm&r=g\",\"url\":\"https:\\\/\\\/secure.gravatar.com\\\/avatar\\\/62dbe1a847f655ad987c59fece23f885c4b0e7b06595c36d9597003852972217?s=96&d=mm&r=g\",\"contentUrl\":\"https:\\\/\\\/secure.gravatar.com\\\/avatar\\\/62dbe1a847f655ad987c59fece23f885c4b0e7b06595c36d9597003852972217?s=96&d=mm&r=g\",\"caption\":\"kerttuvali\"},\"url\":\"https:\\\/\\\/www.victoriamedia.org\\\/kalastusviesti\\\/author\\\/kerttuvali\\\/\"}]}<\/script>\n<!-- \/ Yoast SEO plugin. -->","yoast_head_json":{"title":"Ven\u00e4j\u00e4n tuontikiellosta k\u00e4rsineet kalanjalostajat voivat hakea valtiontukea 31.3. menness\u00e4 - KALASTUSVIESTI","robots":{"index":"index","follow":"follow","max-snippet":"max-snippet:-1","max-image-preview":"max-image-preview:large","max-video-preview":"max-video-preview:-1"},"canonical":"https:\/\/www.victoriamedia.org\/kalastusviesti\/venajan-tuontikiellosta-karsineet-kalanjalostajat-voivat-hakea-valtiontukea-31-3-mennessa\/","og_locale":"en_US","og_type":"article","og_title":"Ven\u00e4j\u00e4n tuontikiellosta k\u00e4rsineet kalanjalostajat voivat hakea valtiontukea 31.3. menness\u00e4 - KALASTUSVIESTI","og_description":"Ven\u00e4j\u00e4n kalantuontikielto on aiheuttanut taloudellisia menetyksi\u00e4 silakan ja kilohailin jalostusyrityksille sek\u00e4 ammattikalastajille. Hallitus on varannut 600 000 euroa tukirahaa kiellosta k\u00e4rsineille yritt\u00e4jille. Tukirahaa voi hakea Varsinais-Suomen ELY-keskukselta 31.3.2015 klo 16.15 menness\u00e4. Euroopan komissio arvioi tukea parhaillaan. Ennen komission hyv\u00e4ksynt\u00e4\u00e4 tukia ei voida my\u00f6nt\u00e4\u00e4. Maa- ja mets\u00e4talousministeri\u00f6 ja Varsinais-Suomen ELY-keskus p\u00e4\u00e4ttiv\u00e4t kuitenkin k\u00e4ynnist\u00e4\u00e4 haun jo nyt, [&hellip;]","og_url":"https:\/\/www.victoriamedia.org\/kalastusviesti\/venajan-tuontikiellosta-karsineet-kalanjalostajat-voivat-hakea-valtiontukea-31-3-mennessa\/","og_site_name":"KALASTUSVIESTI","article_publisher":"https:\/\/www.facebook.com\/Kalastusviesti","article_published_time":"2015-03-13T14:54:56+00:00","author":"kerttuvali","twitter_card":"summary_large_image","twitter_creator":"@kalastusuutiset","twitter_site":"@kalastusuutiset","twitter_misc":{"Written by":"kerttuvali"},"schema":{"@context":"https:\/\/schema.org","@graph":[{"@type":"Article","@id":"https:\/\/www.victoriamedia.org\/kalastusviesti\/venajan-tuontikiellosta-karsineet-kalanjalostajat-voivat-hakea-valtiontukea-31-3-mennessa\/#article","isPartOf":{"@id":"https:\/\/www.victoriamedia.org\/kalastusviesti\/venajan-tuontikiellosta-karsineet-kalanjalostajat-voivat-hakea-valtiontukea-31-3-mennessa\/"},"author":{"name":"kerttuvali","@id":"https:\/\/www.victoriamedia.org\/kalastusviesti\/#\/schema\/person\/df29131d02ead3f61cdeeef5d30a6771"},"headline":"Ven\u00e4j\u00e4n tuontikiellosta k\u00e4rsineet kalanjalostajat voivat hakea valtiontukea 31.3. menness\u00e4","datePublished":"2015-03-13T14:54:56+00:00","mainEntityOfPage":{"@id":"https:\/\/www.victoriamedia.org\/kalastusviesti\/venajan-tuontikiellosta-karsineet-kalanjalostajat-voivat-hakea-valtiontukea-31-3-mennessa\/"},"wordCount":85,"articleSection":["Yleiset Uutiset"],"inLanguage":"en-US"},{"@type":"WebPage","@id":"https:\/\/www.victoriamedia.org\/kalastusviesti\/venajan-tuontikiellosta-karsineet-kalanjalostajat-voivat-hakea-valtiontukea-31-3-mennessa\/","url":"https:\/\/www.victoriamedia.org\/kalastusviesti\/venajan-tuontikiellosta-karsineet-kalanjalostajat-voivat-hakea-valtiontukea-31-3-mennessa\/","name":"Ven\u00e4j\u00e4n tuontikiellosta k\u00e4rsineet kalanjalostajat voivat hakea valtiontukea 31.3. menness\u00e4 - KALASTUSVIESTI","isPartOf":{"@id":"https:\/\/www.victoriamedia.org\/kalastusviesti\/#website"},"datePublished":"2015-03-13T14:54:56+00:00","author":{"@id":"https:\/\/www.victoriamedia.org\/kalastusviesti\/#\/schema\/person\/df29131d02ead3f61cdeeef5d30a6771"},"breadcrumb":{"@id":"https:\/\/www.victoriamedia.org\/kalastusviesti\/venajan-tuontikiellosta-karsineet-kalanjalostajat-voivat-hakea-valtiontukea-31-3-mennessa\/#breadcrumb"},"inLanguage":"en-US","potentialAction":[{"@type":"ReadAction","target":["https:\/\/www.victoriamedia.org\/kalastusviesti\/venajan-tuontikiellosta-karsineet-kalanjalostajat-voivat-hakea-valtiontukea-31-3-mennessa\/"]}]},{"@type":"BreadcrumbList","@id":"https:\/\/www.victoriamedia.org\/kalastusviesti\/venajan-tuontikiellosta-karsineet-kalanjalostajat-voivat-hakea-valtiontukea-31-3-mennessa\/#breadcrumb","itemListElement":[{"@type":"ListItem","position":1,"name":"Home","item":"https:\/\/www.victoriamedia.org\/kalastusviesti\/"},{"@type":"ListItem","position":2,"name":"Ven\u00e4j\u00e4n tuontikiellosta k\u00e4rsineet kalanjalostajat voivat hakea valtiontukea 31.3. menness\u00e4"}]},{"@type":"WebSite","@id":"https:\/\/www.victoriamedia.org\/kalastusviesti\/#website","url":"https:\/\/www.victoriamedia.org\/kalastusviesti\/","name":"KALASTUSVIESTI","description":"","potentialAction":[{"@type":"SearchAction","target":{"@type":"EntryPoint","urlTemplate":"https:\/\/www.victoriamedia.org\/kalastusviesti\/?s={search_term_string}"},"query-input":{"@type":"PropertyValueSpecification","valueRequired":true,"valueName":"search_term_string"}}],"inLanguage":"en-US"},{"@type":"Person","@id":"https:\/\/www.victoriamedia.org\/kalastusviesti\/#\/schema\/person\/df29131d02ead3f61cdeeef5d30a6771","name":"kerttuvali","image":{"@type":"ImageObject","inLanguage":"en-US","@id":"https:\/\/secure.gravatar.com\/avatar\/62dbe1a847f655ad987c59fece23f885c4b0e7b06595c36d9597003852972217?s=96&d=mm&r=g","url":"https:\/\/secure.gravatar.com\/avatar\/62dbe1a847f655ad987c59fece23f885c4b0e7b06595c36d9597003852972217?s=96&d=mm&r=g","contentUrl":"https:\/\/secure.gravatar.com\/avatar\/62dbe1a847f655ad987c59fece23f885c4b0e7b06595c36d9597003852972217?s=96&d=mm&r=g","caption":"kerttuvali"},"url":"https:\/\/www.victoriamedia.org\/kalastusviesti\/author\/kerttuvali\/"}]}},"_links":{"self":[{"href":"https:\/\/www.victoriamedia.org\/kalastusviesti\/wp-json\/wp\/v2\/posts\/597","targetHints":{"allow":["GET"]}}],"collection":[{"href":"https:\/\/www.victoriamedia.org\/kalastusviesti\/wp-json\/wp\/v2\/posts"}],"about":[{"href":"https:\/\/www.victoriamedia.org\/kalastusviesti\/wp-json\/wp\/v2\/types\/post"}],"author":[{"embeddable":true,"href":"https:\/\/www.victoriamedia.org\/kalastusviesti\/wp-json\/wp\/v2\/users\/1"}],"replies":[{"embeddable":true,"href":"https:\/\/www.victoriamedia.org\/kalastusviesti\/wp-json\/wp\/v2\/comments?post=597"}],"version-history":[{"count":1,"href":"https:\/\/www.victoriamedia.org\/kalastusviesti\/wp-json\/wp\/v2\/posts\/597\/revisions"}],"predecessor-version":[{"id":598,"href":"https:\/\/www.victoriamedia.org\/kalastusviesti\/wp-json\/wp\/v2\/posts\/597\/revisions\/598"}],"wp:attachment":[{"href":"https:\/\/www.victoriamedia.org\/kalastusviesti\/wp-json\/wp\/v2\/media?parent=597"}],"wp:term":[{"taxonomy":"category","embeddable":true,"href":"https:\/\/www.victoriamedia.org\/kalastusviesti\/wp-json\/wp\/v2\/categories?post=597"},{"taxonomy":"post_tag","embeddable":true,"href":"https:\/\/www.victoriamedia.org\/kalastusviesti\/wp-json\/wp\/v2\/tags?post=597"}],"curies":[{"name":"wp","href":"https:\/\/api.w.org\/{rel}","templated":true}]}}