{"id":521,"date":"2015-01-16T12:10:33","date_gmt":"2015-01-16T12:10:33","guid":{"rendered":"http:\/\/www.victoriamedia.org\/kalastusviesti\/?p=521"},"modified":"2015-01-16T12:10:33","modified_gmt":"2015-01-16T12:10:33","slug":"suomen-vapaa-ajankalastajien-keskusjarjesto-pilkkikausi-alkaa-jarkea-jaalle","status":"publish","type":"post","link":"https:\/\/www.victoriamedia.org\/kalastusviesti\/suomen-vapaa-ajankalastajien-keskusjarjesto-pilkkikausi-alkaa-jarkea-jaalle\/","title":{"rendered":"Suomen Vapaa-ajankalastajien Keskusj\u00e4rjest\u00f6: PILKKIKAUSI ALKAA, J\u00c4RKE\u00c4 J\u00c4\u00c4LLE!"},"content":{"rendered":"<p><a href=\"https:\/\/www.victoriamedia.org\/kalastusviesti\/wp-content\/uploads\/2015\/01\/2015-01-16-14_09_20-Fishing-Expert-Parkano-AKARA-pilkkivapa-korkkikahvalla-19_16-cm-50-mm-vihre.png\"><img loading=\"lazy\" decoding=\"async\" class=\"alignnone size-full wp-image-522\" src=\"https:\/\/www.victoriamedia.org\/kalastusviesti\/wp-content\/uploads\/2015\/01\/2015-01-16-14_09_20-Fishing-Expert-Parkano-AKARA-pilkkivapa-korkkikahvalla-19_16-cm-50-mm-vihre.png\" alt=\"2015-01-16 14_09_20-Fishing Expert Parkano - AKARA pilkkivapa korkkikahvalla (19_16 cm, 50 mm, vihre\" width=\"386\" height=\"339\" srcset=\"https:\/\/www.victoriamedia.org\/kalastusviesti\/wp-content\/uploads\/2015\/01\/2015-01-16-14_09_20-Fishing-Expert-Parkano-AKARA-pilkkivapa-korkkikahvalla-19_16-cm-50-mm-vihre.png 386w, https:\/\/www.victoriamedia.org\/kalastusviesti\/wp-content\/uploads\/2015\/01\/2015-01-16-14_09_20-Fishing-Expert-Parkano-AKARA-pilkkivapa-korkkikahvalla-19_16-cm-50-mm-vihre-300x263.png 300w\" sizes=\"auto, (max-width: 386px) 100vw, 386px\" \/><\/a><\/p>\n<p><strong>Pohjois-Suomessa on pilkkikausi monesti jo avattu, kun Etel\u00e4-Suomessa edelleen odotetaan kunnon pilkkij\u00e4it\u00e4. Pilkkiminen sopii koko perheen harrastukseksi asuttiin sitten miss\u00e4 p\u00e4in Suomea tahansa, ja se on samalla mit\u00e4 mainiointa liikuntaa. Myytti pilkkikalastuksesta yhdell\u00e4 ja samalla rei\u00e4ll\u00e4 kukkumisena on murtumassa ja moni tiet\u00e4\u00e4 jo, ett\u00e4 kyseess\u00e4 on aktiivinen kalastusmuoto, jossa kierret\u00e4\u00e4n ahkerasti paikkoja reiki\u00e4 kairaten.<\/strong><\/p>\n<p>Pilkkimiseen ei tarvita erillist\u00e4 kalastuslupaa, vaan se kuuluu jokamiehen oikeuksiin. Ainoastaan erityisalueilla, kuten esimerkiksi kirjolohilammikolla, vaaditaan erikseen lunastettava lupa. Aloitteleva pilkkij\u00e4 tarvitsee varusteita varsin v\u00e4h\u00e4n. Pilkkiminen onkin suhteellisen halpa kalastusmuoto. Reppuun pakataan pilkkivapa, muutamia pilkkej\u00e4, sy\u00f6ttej\u00e4 ja ev\u00e4spussi. Lis\u00e4ksi tarvitaan kaira. Talvioloihin sopiva vaatetus takaa l\u00e4mpim\u00e4n ja mukavan kalastusp\u00e4iv\u00e4n.<\/p>\n<p>Talvikalastuksen saalislajien k\u00e4rjess\u00e4 on ahven. Ahven on l\u00e4mpim\u00e4n veden kala, joka ei talvisaikaan paljon liikuskele. Liikkumattomuuden takia kalaa ei j\u00e4\u00e4d\u00e4 rei\u00e4lle odottamaan, vaan pilkkij\u00e4n on etsitt\u00e4v\u00e4 kalaparvea. Pilkkiminen voidaan aloittaa melko matalalta, josta siirryt\u00e4\u00e4n yh\u00e4 syvemm\u00e4lle, kunnes ahventa alkaa l\u00f6yty\u00e4. Kalastus aloitetaan pohjan tuntumasta, yleens\u00e4 noin 10-20 senttimetri\u00e4 sen yl\u00e4puolelta. Koukkuun tarttunut kala nostetaan ripe\u00e4sti yl\u00f6s, irroitetaan koukusta ja pilkki lasketaan saman tien takaisin avantoon. Ahven viihtyy lajitoverinsa kanssa kimpassa. Kun yhden saa houkuteltua tarttumaan, on todenn\u00e4k\u00f6ist\u00e4, ett\u00e4 avannon m\u00e4remm\u00e4lt\u00e4 puolelta l\u00f6ytyy lis\u00e4\u00e4 raitapaitoja. Kokenut pilkkij\u00e4 voi saada hyv\u00e4n saaliin jo yhdest\u00e4 rei\u00e4st\u00e4.<\/p>\n<p>J\u00e4\u00e4ll\u00e4 liikkuessa on turvallisuus t\u00e4rkeint\u00e4. J\u00e4\u00e4naskaleita myyd\u00e4\u00e4n kaikissa hyvin varustetuissa kalastusv\u00e4lineliikkeiss\u00e4 ja tavarataloissa. Ne on halpa ja hyv\u00e4 henkivakuutus. Naskalit tulee j\u00e4\u00e4ll\u00e4 roikkua k\u00e4sien ulottuvilla kaulassa, eik\u00e4 maata repun pohjalla tai takin taskussa. My\u00f6s heittok\u00f6ysi on hyv\u00e4 pit\u00e4\u00e4 mukana.<br \/>\nTuntemattomille j\u00e4ille menn\u00e4\u00e4n aina kaverin kanssa. Silloinkaan ei menn\u00e4 rinta rinnan, vaan liikutaan jonossa. Et\u00e4isyytt\u00e4 kalakaveriin saa olla joitakin metrej\u00e4. Jos joku tippuu j\u00e4ihin, pysyv\u00e4t muut kuivina ja pystyv\u00e4t auttamaan. J\u00e4rke\u00e4 j\u00e4ille siis!<\/p>\n","protected":false},"excerpt":{"rendered":"<p>Pohjois-Suomessa on pilkkikausi monesti jo avattu, kun Etel\u00e4-Suomessa edelleen odotetaan kunnon pilkkij\u00e4it\u00e4. Pilkkiminen sopii koko perheen harrastukseksi asuttiin sitten miss\u00e4 p\u00e4in Suomea tahansa, ja se on samalla mit\u00e4 mainiointa liikuntaa. Myytti pilkkikalastuksesta yhdell\u00e4 ja samalla rei\u00e4ll\u00e4 kukkumisena on murtumassa ja moni tiet\u00e4\u00e4 jo, ett\u00e4 kyseess\u00e4 on aktiivinen kalastusmuoto, jossa kierret\u00e4\u00e4n ahkerasti paikkoja reiki\u00e4 kairaten. Pilkkimiseen [&hellip;]<\/p>\n","protected":false},"author":1,"featured_media":0,"comment_status":"closed","ping_status":"closed","sticky":false,"template":"","format":"standard","meta":{"footnotes":""},"categories":[68,8],"tags":[],"class_list":["post-521","post","type-post","status-publish","format-standard","hentry","category-pilkkionginta","category-suomen-vapaa-ajankalastajien-keskusjarjesto","eq-blocks"],"yoast_head":"<!-- This site is optimized with the Yoast SEO plugin v27.5 - https:\/\/yoast.com\/product\/yoast-seo-wordpress\/ -->\n<title>Suomen Vapaa-ajankalastajien Keskusj\u00e4rjest\u00f6: PILKKIKAUSI ALKAA, J\u00c4RKE\u00c4 J\u00c4\u00c4LLE! - KALASTUSVIESTI<\/title>\n<meta name=\"robots\" content=\"index, follow, max-snippet:-1, max-image-preview:large, max-video-preview:-1\" \/>\n<link rel=\"canonical\" href=\"https:\/\/www.victoriamedia.org\/kalastusviesti\/suomen-vapaa-ajankalastajien-keskusjarjesto-pilkkikausi-alkaa-jarkea-jaalle\/\" \/>\n<meta property=\"og:locale\" content=\"en_US\" \/>\n<meta property=\"og:type\" content=\"article\" \/>\n<meta property=\"og:title\" content=\"Suomen Vapaa-ajankalastajien Keskusj\u00e4rjest\u00f6: PILKKIKAUSI ALKAA, J\u00c4RKE\u00c4 J\u00c4\u00c4LLE! - KALASTUSVIESTI\" \/>\n<meta property=\"og:description\" content=\"Pohjois-Suomessa on pilkkikausi monesti jo avattu, kun Etel\u00e4-Suomessa edelleen odotetaan kunnon pilkkij\u00e4it\u00e4. Pilkkiminen sopii koko perheen harrastukseksi asuttiin sitten miss\u00e4 p\u00e4in Suomea tahansa, ja se on samalla mit\u00e4 mainiointa liikuntaa. Myytti pilkkikalastuksesta yhdell\u00e4 ja samalla rei\u00e4ll\u00e4 kukkumisena on murtumassa ja moni tiet\u00e4\u00e4 jo, ett\u00e4 kyseess\u00e4 on aktiivinen kalastusmuoto, jossa kierret\u00e4\u00e4n ahkerasti paikkoja reiki\u00e4 kairaten. Pilkkimiseen [&hellip;]\" \/>\n<meta property=\"og:url\" content=\"https:\/\/www.victoriamedia.org\/kalastusviesti\/suomen-vapaa-ajankalastajien-keskusjarjesto-pilkkikausi-alkaa-jarkea-jaalle\/\" \/>\n<meta property=\"og:site_name\" content=\"KALASTUSVIESTI\" \/>\n<meta property=\"article:publisher\" content=\"https:\/\/www.facebook.com\/Kalastusviesti\" \/>\n<meta property=\"article:published_time\" content=\"2015-01-16T12:10:33+00:00\" \/>\n<meta property=\"og:image\" content=\"http:\/\/www.victoriamedia.org\/kalastusviesti\/wp-content\/uploads\/2015\/01\/2015-01-16-14_09_20-Fishing-Expert-Parkano-AKARA-pilkkivapa-korkkikahvalla-19_16-cm-50-mm-vihre.png\" \/>\n<meta name=\"author\" content=\"kerttuvali\" \/>\n<meta name=\"twitter:card\" content=\"summary_large_image\" \/>\n<meta name=\"twitter:creator\" content=\"@kalastusuutiset\" \/>\n<meta name=\"twitter:site\" content=\"@kalastusuutiset\" \/>\n<meta name=\"twitter:label1\" content=\"Written by\" \/>\n\t<meta name=\"twitter:data1\" content=\"kerttuvali\" \/>\n\t<meta name=\"twitter:label2\" content=\"Est. reading time\" \/>\n\t<meta name=\"twitter:data2\" content=\"2 minutes\" \/>\n<script type=\"application\/ld+json\" class=\"yoast-schema-graph\">{\"@context\":\"https:\\\/\\\/schema.org\",\"@graph\":[{\"@type\":\"Article\",\"@id\":\"https:\\\/\\\/www.victoriamedia.org\\\/kalastusviesti\\\/suomen-vapaa-ajankalastajien-keskusjarjesto-pilkkikausi-alkaa-jarkea-jaalle\\\/#article\",\"isPartOf\":{\"@id\":\"https:\\\/\\\/www.victoriamedia.org\\\/kalastusviesti\\\/suomen-vapaa-ajankalastajien-keskusjarjesto-pilkkikausi-alkaa-jarkea-jaalle\\\/\"},\"author\":{\"name\":\"kerttuvali\",\"@id\":\"https:\\\/\\\/www.victoriamedia.org\\\/kalastusviesti\\\/#\\\/schema\\\/person\\\/df29131d02ead3f61cdeeef5d30a6771\"},\"headline\":\"Suomen Vapaa-ajankalastajien Keskusj\u00e4rjest\u00f6: PILKKIKAUSI ALKAA, J\u00c4RKE\u00c4 J\u00c4\u00c4LLE!\",\"datePublished\":\"2015-01-16T12:10:33+00:00\",\"mainEntityOfPage\":{\"@id\":\"https:\\\/\\\/www.victoriamedia.org\\\/kalastusviesti\\\/suomen-vapaa-ajankalastajien-keskusjarjesto-pilkkikausi-alkaa-jarkea-jaalle\\\/\"},\"wordCount\":329,\"image\":{\"@id\":\"https:\\\/\\\/www.victoriamedia.org\\\/kalastusviesti\\\/suomen-vapaa-ajankalastajien-keskusjarjesto-pilkkikausi-alkaa-jarkea-jaalle\\\/#primaryimage\"},\"thumbnailUrl\":\"http:\\\/\\\/www.victoriamedia.org\\\/kalastusviesti\\\/wp-content\\\/uploads\\\/2015\\\/01\\\/2015-01-16-14_09_20-Fishing-Expert-Parkano-AKARA-pilkkivapa-korkkikahvalla-19_16-cm-50-mm-vihre.png\",\"articleSection\":[\"Pilkkionginta\",\"Suomen Vapaa-ajankalastajien Keskusj\u00e4rjest\u00f6\"],\"inLanguage\":\"en-US\"},{\"@type\":\"WebPage\",\"@id\":\"https:\\\/\\\/www.victoriamedia.org\\\/kalastusviesti\\\/suomen-vapaa-ajankalastajien-keskusjarjesto-pilkkikausi-alkaa-jarkea-jaalle\\\/\",\"url\":\"https:\\\/\\\/www.victoriamedia.org\\\/kalastusviesti\\\/suomen-vapaa-ajankalastajien-keskusjarjesto-pilkkikausi-alkaa-jarkea-jaalle\\\/\",\"name\":\"Suomen Vapaa-ajankalastajien Keskusj\u00e4rjest\u00f6: PILKKIKAUSI ALKAA, J\u00c4RKE\u00c4 J\u00c4\u00c4LLE! - KALASTUSVIESTI\",\"isPartOf\":{\"@id\":\"https:\\\/\\\/www.victoriamedia.org\\\/kalastusviesti\\\/#website\"},\"primaryImageOfPage\":{\"@id\":\"https:\\\/\\\/www.victoriamedia.org\\\/kalastusviesti\\\/suomen-vapaa-ajankalastajien-keskusjarjesto-pilkkikausi-alkaa-jarkea-jaalle\\\/#primaryimage\"},\"image\":{\"@id\":\"https:\\\/\\\/www.victoriamedia.org\\\/kalastusviesti\\\/suomen-vapaa-ajankalastajien-keskusjarjesto-pilkkikausi-alkaa-jarkea-jaalle\\\/#primaryimage\"},\"thumbnailUrl\":\"http:\\\/\\\/www.victoriamedia.org\\\/kalastusviesti\\\/wp-content\\\/uploads\\\/2015\\\/01\\\/2015-01-16-14_09_20-Fishing-Expert-Parkano-AKARA-pilkkivapa-korkkikahvalla-19_16-cm-50-mm-vihre.png\",\"datePublished\":\"2015-01-16T12:10:33+00:00\",\"author\":{\"@id\":\"https:\\\/\\\/www.victoriamedia.org\\\/kalastusviesti\\\/#\\\/schema\\\/person\\\/df29131d02ead3f61cdeeef5d30a6771\"},\"breadcrumb\":{\"@id\":\"https:\\\/\\\/www.victoriamedia.org\\\/kalastusviesti\\\/suomen-vapaa-ajankalastajien-keskusjarjesto-pilkkikausi-alkaa-jarkea-jaalle\\\/#breadcrumb\"},\"inLanguage\":\"en-US\",\"potentialAction\":[{\"@type\":\"ReadAction\",\"target\":[\"https:\\\/\\\/www.victoriamedia.org\\\/kalastusviesti\\\/suomen-vapaa-ajankalastajien-keskusjarjesto-pilkkikausi-alkaa-jarkea-jaalle\\\/\"]}]},{\"@type\":\"ImageObject\",\"inLanguage\":\"en-US\",\"@id\":\"https:\\\/\\\/www.victoriamedia.org\\\/kalastusviesti\\\/suomen-vapaa-ajankalastajien-keskusjarjesto-pilkkikausi-alkaa-jarkea-jaalle\\\/#primaryimage\",\"url\":\"https:\\\/\\\/www.victoriamedia.org\\\/kalastusviesti\\\/wp-content\\\/uploads\\\/2015\\\/01\\\/2015-01-16-14_09_20-Fishing-Expert-Parkano-AKARA-pilkkivapa-korkkikahvalla-19_16-cm-50-mm-vihre.png\",\"contentUrl\":\"https:\\\/\\\/www.victoriamedia.org\\\/kalastusviesti\\\/wp-content\\\/uploads\\\/2015\\\/01\\\/2015-01-16-14_09_20-Fishing-Expert-Parkano-AKARA-pilkkivapa-korkkikahvalla-19_16-cm-50-mm-vihre.png\",\"width\":386,\"height\":339},{\"@type\":\"BreadcrumbList\",\"@id\":\"https:\\\/\\\/www.victoriamedia.org\\\/kalastusviesti\\\/suomen-vapaa-ajankalastajien-keskusjarjesto-pilkkikausi-alkaa-jarkea-jaalle\\\/#breadcrumb\",\"itemListElement\":[{\"@type\":\"ListItem\",\"position\":1,\"name\":\"Home\",\"item\":\"https:\\\/\\\/www.victoriamedia.org\\\/kalastusviesti\\\/\"},{\"@type\":\"ListItem\",\"position\":2,\"name\":\"Suomen Vapaa-ajankalastajien Keskusj\u00e4rjest\u00f6: PILKKIKAUSI ALKAA, J\u00c4RKE\u00c4 J\u00c4\u00c4LLE!\"}]},{\"@type\":\"WebSite\",\"@id\":\"https:\\\/\\\/www.victoriamedia.org\\\/kalastusviesti\\\/#website\",\"url\":\"https:\\\/\\\/www.victoriamedia.org\\\/kalastusviesti\\\/\",\"name\":\"KALASTUSVIESTI\",\"description\":\"\",\"potentialAction\":[{\"@type\":\"SearchAction\",\"target\":{\"@type\":\"EntryPoint\",\"urlTemplate\":\"https:\\\/\\\/www.victoriamedia.org\\\/kalastusviesti\\\/?s={search_term_string}\"},\"query-input\":{\"@type\":\"PropertyValueSpecification\",\"valueRequired\":true,\"valueName\":\"search_term_string\"}}],\"inLanguage\":\"en-US\"},{\"@type\":\"Person\",\"@id\":\"https:\\\/\\\/www.victoriamedia.org\\\/kalastusviesti\\\/#\\\/schema\\\/person\\\/df29131d02ead3f61cdeeef5d30a6771\",\"name\":\"kerttuvali\",\"image\":{\"@type\":\"ImageObject\",\"inLanguage\":\"en-US\",\"@id\":\"https:\\\/\\\/secure.gravatar.com\\\/avatar\\\/62dbe1a847f655ad987c59fece23f885c4b0e7b06595c36d9597003852972217?s=96&d=mm&r=g\",\"url\":\"https:\\\/\\\/secure.gravatar.com\\\/avatar\\\/62dbe1a847f655ad987c59fece23f885c4b0e7b06595c36d9597003852972217?s=96&d=mm&r=g\",\"contentUrl\":\"https:\\\/\\\/secure.gravatar.com\\\/avatar\\\/62dbe1a847f655ad987c59fece23f885c4b0e7b06595c36d9597003852972217?s=96&d=mm&r=g\",\"caption\":\"kerttuvali\"},\"url\":\"https:\\\/\\\/www.victoriamedia.org\\\/kalastusviesti\\\/author\\\/kerttuvali\\\/\"}]}<\/script>\n<!-- \/ Yoast SEO plugin. -->","yoast_head_json":{"title":"Suomen Vapaa-ajankalastajien Keskusj\u00e4rjest\u00f6: PILKKIKAUSI ALKAA, J\u00c4RKE\u00c4 J\u00c4\u00c4LLE! - KALASTUSVIESTI","robots":{"index":"index","follow":"follow","max-snippet":"max-snippet:-1","max-image-preview":"max-image-preview:large","max-video-preview":"max-video-preview:-1"},"canonical":"https:\/\/www.victoriamedia.org\/kalastusviesti\/suomen-vapaa-ajankalastajien-keskusjarjesto-pilkkikausi-alkaa-jarkea-jaalle\/","og_locale":"en_US","og_type":"article","og_title":"Suomen Vapaa-ajankalastajien Keskusj\u00e4rjest\u00f6: PILKKIKAUSI ALKAA, J\u00c4RKE\u00c4 J\u00c4\u00c4LLE! - KALASTUSVIESTI","og_description":"Pohjois-Suomessa on pilkkikausi monesti jo avattu, kun Etel\u00e4-Suomessa edelleen odotetaan kunnon pilkkij\u00e4it\u00e4. Pilkkiminen sopii koko perheen harrastukseksi asuttiin sitten miss\u00e4 p\u00e4in Suomea tahansa, ja se on samalla mit\u00e4 mainiointa liikuntaa. Myytti pilkkikalastuksesta yhdell\u00e4 ja samalla rei\u00e4ll\u00e4 kukkumisena on murtumassa ja moni tiet\u00e4\u00e4 jo, ett\u00e4 kyseess\u00e4 on aktiivinen kalastusmuoto, jossa kierret\u00e4\u00e4n ahkerasti paikkoja reiki\u00e4 kairaten. Pilkkimiseen [&hellip;]","og_url":"https:\/\/www.victoriamedia.org\/kalastusviesti\/suomen-vapaa-ajankalastajien-keskusjarjesto-pilkkikausi-alkaa-jarkea-jaalle\/","og_site_name":"KALASTUSVIESTI","article_publisher":"https:\/\/www.facebook.com\/Kalastusviesti","article_published_time":"2015-01-16T12:10:33+00:00","og_image":[{"url":"http:\/\/www.victoriamedia.org\/kalastusviesti\/wp-content\/uploads\/2015\/01\/2015-01-16-14_09_20-Fishing-Expert-Parkano-AKARA-pilkkivapa-korkkikahvalla-19_16-cm-50-mm-vihre.png","type":"","width":"","height":""}],"author":"kerttuvali","twitter_card":"summary_large_image","twitter_creator":"@kalastusuutiset","twitter_site":"@kalastusuutiset","twitter_misc":{"Written by":"kerttuvali","Est. reading time":"2 minutes"},"schema":{"@context":"https:\/\/schema.org","@graph":[{"@type":"Article","@id":"https:\/\/www.victoriamedia.org\/kalastusviesti\/suomen-vapaa-ajankalastajien-keskusjarjesto-pilkkikausi-alkaa-jarkea-jaalle\/#article","isPartOf":{"@id":"https:\/\/www.victoriamedia.org\/kalastusviesti\/suomen-vapaa-ajankalastajien-keskusjarjesto-pilkkikausi-alkaa-jarkea-jaalle\/"},"author":{"name":"kerttuvali","@id":"https:\/\/www.victoriamedia.org\/kalastusviesti\/#\/schema\/person\/df29131d02ead3f61cdeeef5d30a6771"},"headline":"Suomen Vapaa-ajankalastajien Keskusj\u00e4rjest\u00f6: PILKKIKAUSI ALKAA, J\u00c4RKE\u00c4 J\u00c4\u00c4LLE!","datePublished":"2015-01-16T12:10:33+00:00","mainEntityOfPage":{"@id":"https:\/\/www.victoriamedia.org\/kalastusviesti\/suomen-vapaa-ajankalastajien-keskusjarjesto-pilkkikausi-alkaa-jarkea-jaalle\/"},"wordCount":329,"image":{"@id":"https:\/\/www.victoriamedia.org\/kalastusviesti\/suomen-vapaa-ajankalastajien-keskusjarjesto-pilkkikausi-alkaa-jarkea-jaalle\/#primaryimage"},"thumbnailUrl":"http:\/\/www.victoriamedia.org\/kalastusviesti\/wp-content\/uploads\/2015\/01\/2015-01-16-14_09_20-Fishing-Expert-Parkano-AKARA-pilkkivapa-korkkikahvalla-19_16-cm-50-mm-vihre.png","articleSection":["Pilkkionginta","Suomen Vapaa-ajankalastajien Keskusj\u00e4rjest\u00f6"],"inLanguage":"en-US"},{"@type":"WebPage","@id":"https:\/\/www.victoriamedia.org\/kalastusviesti\/suomen-vapaa-ajankalastajien-keskusjarjesto-pilkkikausi-alkaa-jarkea-jaalle\/","url":"https:\/\/www.victoriamedia.org\/kalastusviesti\/suomen-vapaa-ajankalastajien-keskusjarjesto-pilkkikausi-alkaa-jarkea-jaalle\/","name":"Suomen Vapaa-ajankalastajien Keskusj\u00e4rjest\u00f6: PILKKIKAUSI ALKAA, J\u00c4RKE\u00c4 J\u00c4\u00c4LLE! - KALASTUSVIESTI","isPartOf":{"@id":"https:\/\/www.victoriamedia.org\/kalastusviesti\/#website"},"primaryImageOfPage":{"@id":"https:\/\/www.victoriamedia.org\/kalastusviesti\/suomen-vapaa-ajankalastajien-keskusjarjesto-pilkkikausi-alkaa-jarkea-jaalle\/#primaryimage"},"image":{"@id":"https:\/\/www.victoriamedia.org\/kalastusviesti\/suomen-vapaa-ajankalastajien-keskusjarjesto-pilkkikausi-alkaa-jarkea-jaalle\/#primaryimage"},"thumbnailUrl":"http:\/\/www.victoriamedia.org\/kalastusviesti\/wp-content\/uploads\/2015\/01\/2015-01-16-14_09_20-Fishing-Expert-Parkano-AKARA-pilkkivapa-korkkikahvalla-19_16-cm-50-mm-vihre.png","datePublished":"2015-01-16T12:10:33+00:00","author":{"@id":"https:\/\/www.victoriamedia.org\/kalastusviesti\/#\/schema\/person\/df29131d02ead3f61cdeeef5d30a6771"},"breadcrumb":{"@id":"https:\/\/www.victoriamedia.org\/kalastusviesti\/suomen-vapaa-ajankalastajien-keskusjarjesto-pilkkikausi-alkaa-jarkea-jaalle\/#breadcrumb"},"inLanguage":"en-US","potentialAction":[{"@type":"ReadAction","target":["https:\/\/www.victoriamedia.org\/kalastusviesti\/suomen-vapaa-ajankalastajien-keskusjarjesto-pilkkikausi-alkaa-jarkea-jaalle\/"]}]},{"@type":"ImageObject","inLanguage":"en-US","@id":"https:\/\/www.victoriamedia.org\/kalastusviesti\/suomen-vapaa-ajankalastajien-keskusjarjesto-pilkkikausi-alkaa-jarkea-jaalle\/#primaryimage","url":"https:\/\/www.victoriamedia.org\/kalastusviesti\/wp-content\/uploads\/2015\/01\/2015-01-16-14_09_20-Fishing-Expert-Parkano-AKARA-pilkkivapa-korkkikahvalla-19_16-cm-50-mm-vihre.png","contentUrl":"https:\/\/www.victoriamedia.org\/kalastusviesti\/wp-content\/uploads\/2015\/01\/2015-01-16-14_09_20-Fishing-Expert-Parkano-AKARA-pilkkivapa-korkkikahvalla-19_16-cm-50-mm-vihre.png","width":386,"height":339},{"@type":"BreadcrumbList","@id":"https:\/\/www.victoriamedia.org\/kalastusviesti\/suomen-vapaa-ajankalastajien-keskusjarjesto-pilkkikausi-alkaa-jarkea-jaalle\/#breadcrumb","itemListElement":[{"@type":"ListItem","position":1,"name":"Home","item":"https:\/\/www.victoriamedia.org\/kalastusviesti\/"},{"@type":"ListItem","position":2,"name":"Suomen Vapaa-ajankalastajien Keskusj\u00e4rjest\u00f6: PILKKIKAUSI ALKAA, J\u00c4RKE\u00c4 J\u00c4\u00c4LLE!"}]},{"@type":"WebSite","@id":"https:\/\/www.victoriamedia.org\/kalastusviesti\/#website","url":"https:\/\/www.victoriamedia.org\/kalastusviesti\/","name":"KALASTUSVIESTI","description":"","potentialAction":[{"@type":"SearchAction","target":{"@type":"EntryPoint","urlTemplate":"https:\/\/www.victoriamedia.org\/kalastusviesti\/?s={search_term_string}"},"query-input":{"@type":"PropertyValueSpecification","valueRequired":true,"valueName":"search_term_string"}}],"inLanguage":"en-US"},{"@type":"Person","@id":"https:\/\/www.victoriamedia.org\/kalastusviesti\/#\/schema\/person\/df29131d02ead3f61cdeeef5d30a6771","name":"kerttuvali","image":{"@type":"ImageObject","inLanguage":"en-US","@id":"https:\/\/secure.gravatar.com\/avatar\/62dbe1a847f655ad987c59fece23f885c4b0e7b06595c36d9597003852972217?s=96&d=mm&r=g","url":"https:\/\/secure.gravatar.com\/avatar\/62dbe1a847f655ad987c59fece23f885c4b0e7b06595c36d9597003852972217?s=96&d=mm&r=g","contentUrl":"https:\/\/secure.gravatar.com\/avatar\/62dbe1a847f655ad987c59fece23f885c4b0e7b06595c36d9597003852972217?s=96&d=mm&r=g","caption":"kerttuvali"},"url":"https:\/\/www.victoriamedia.org\/kalastusviesti\/author\/kerttuvali\/"}]}},"_links":{"self":[{"href":"https:\/\/www.victoriamedia.org\/kalastusviesti\/wp-json\/wp\/v2\/posts\/521","targetHints":{"allow":["GET"]}}],"collection":[{"href":"https:\/\/www.victoriamedia.org\/kalastusviesti\/wp-json\/wp\/v2\/posts"}],"about":[{"href":"https:\/\/www.victoriamedia.org\/kalastusviesti\/wp-json\/wp\/v2\/types\/post"}],"author":[{"embeddable":true,"href":"https:\/\/www.victoriamedia.org\/kalastusviesti\/wp-json\/wp\/v2\/users\/1"}],"replies":[{"embeddable":true,"href":"https:\/\/www.victoriamedia.org\/kalastusviesti\/wp-json\/wp\/v2\/comments?post=521"}],"version-history":[{"count":1,"href":"https:\/\/www.victoriamedia.org\/kalastusviesti\/wp-json\/wp\/v2\/posts\/521\/revisions"}],"predecessor-version":[{"id":523,"href":"https:\/\/www.victoriamedia.org\/kalastusviesti\/wp-json\/wp\/v2\/posts\/521\/revisions\/523"}],"wp:attachment":[{"href":"https:\/\/www.victoriamedia.org\/kalastusviesti\/wp-json\/wp\/v2\/media?parent=521"}],"wp:term":[{"taxonomy":"category","embeddable":true,"href":"https:\/\/www.victoriamedia.org\/kalastusviesti\/wp-json\/wp\/v2\/categories?post=521"},{"taxonomy":"post_tag","embeddable":true,"href":"https:\/\/www.victoriamedia.org\/kalastusviesti\/wp-json\/wp\/v2\/tags?post=521"}],"curies":[{"name":"wp","href":"https:\/\/api.w.org\/{rel}","templated":true}]}}