{"id":507,"date":"2014-12-18T12:43:58","date_gmt":"2014-12-18T12:43:58","guid":{"rendered":"http:\/\/www.victoriamedia.org\/kalastusviesti\/?p=507"},"modified":"2014-12-18T12:43:58","modified_gmt":"2014-12-18T12:43:58","slug":"eun-kalastusministerit-paattivat-150-kalakannann-saalistuskiintiosta","status":"publish","type":"post","link":"https:\/\/www.victoriamedia.org\/kalastusviesti\/eun-kalastusministerit-paattivat-150-kalakannann-saalistuskiintiosta\/","title":{"rendered":"EU:n kalastusministerit p\u00e4\u00e4ttiv\u00e4t 150 kalakannann saalistuskiinti\u00f6st\u00e4"},"content":{"rendered":"<p>Joulukuun maatalous- ja kalastusneuvoston kokouksessa p\u00e4\u00e4tettiin laajasta kalastuspaketista. Jokavuotiseen tapaan siin\u00e4 sovittiin ensi vuoden kalastusmahdollisuuksista ja maakohtaisista kiinti\u00f6ist\u00e4 EU:n vesialueilla ja laajoilla EU:n ulkopuolisilla valtamerialueilla, joita koskevia sopimuksia EU:lla on kolmansien maiden kanssa. Jo aiemmin syksyll\u00e4 on sovittu vastaavista kiinti\u00f6ist\u00e4 It\u00e4merell\u00e4 ja syv\u00e4nmerenkalastuksessa. Mustanmeren kalastusta koskeva p\u00e4\u00e4t\u00f6s tehtiin t\u00e4ss\u00e4 kokouksessa erillisell\u00e4 asetuksella.<\/p>\n<div id=\"wrapper\">\n<div id=\"contentfloatholder\">\n<div id=\"centerwrap\">\n<div id=\"center\">\n<div class=\"center_bg\">\n<div class=\"text\">\n<p>Kiinti\u00f6paketti koskee yli 150 kalakantaa. Yleisen\u00e4 huomiona on, ett\u00e4 onnistuneen politiikan my\u00f6t\u00e4 useiden kalakantojen tila on kohentunut. Liikakalastetuiksi luokiteltujen kalakantojen osuus on puolittunut kymmeness\u00e4 vuodessa. Heikossa kunnossa olevia kalakantoja on silti my\u00f6s useita viel\u00e4. Uudistetun kalastuspolitiikan p\u00e4\u00e4tavoitteena on saavuttaa kalastuksen kest\u00e4v\u00e4 taso vuonna 2015 tai asteittain viimeist\u00e4\u00e4n vuoteen 2020 menness\u00e4.<\/p>\n<p>Ongelmallisimpia t\u00e4ll\u00e4kin kertaa olivat er\u00e4\u00e4t keskisen Atlantin, Kelttien meren, Kanaalin ja Pohjanmeren vesialueet, ja kalalajeista useat turskakalat ja kampelat. Loppuratkaisussa otettiin huomioon my\u00f6s kalastuselinkeinon taloudellisen kest\u00e4vyyden turvaaminen, totesi puheenjohtajamaa Italian ministeri. Paketti koskettaa Suomeakin silt\u00e4 osin, ett\u00e4 Suomella on 73 tonnin sillikiinti\u00f6 pohjoisella Atlantilla. Viime vuosina sillikiinti\u00f6 on vaihdettu Ruotsin kanssa It\u00e4meren kilohailiin.<\/p>\n<\/div>\n<\/div>\n<\/div>\n<\/div>\n<\/div>\n<\/div>\n","protected":false},"excerpt":{"rendered":"<p>Joulukuun maatalous- ja kalastusneuvoston kokouksessa p\u00e4\u00e4tettiin laajasta kalastuspaketista. Jokavuotiseen tapaan siin\u00e4 sovittiin ensi vuoden kalastusmahdollisuuksista ja maakohtaisista kiinti\u00f6ist\u00e4 EU:n vesialueilla ja laajoilla EU:n ulkopuolisilla valtamerialueilla, joita koskevia sopimuksia EU:lla on kolmansien maiden kanssa. Jo aiemmin syksyll\u00e4 on sovittu vastaavista kiinti\u00f6ist\u00e4 It\u00e4merell\u00e4 ja syv\u00e4nmerenkalastuksessa. Mustanmeren kalastusta koskeva p\u00e4\u00e4t\u00f6s tehtiin t\u00e4ss\u00e4 kokouksessa erillisell\u00e4 asetuksella. Kiinti\u00f6paketti koskee yli [&hellip;]<\/p>\n","protected":false},"author":1,"featured_media":0,"comment_status":"closed","ping_status":"closed","sticky":false,"template":"","format":"standard","meta":{"footnotes":""},"categories":[18,57],"tags":[],"class_list":["post-507","post","type-post","status-publish","format-standard","hentry","category-kalastus","category-yleiset-uutiset","eq-blocks"],"yoast_head":"<!-- This site is optimized with the Yoast SEO plugin v27.5 - https:\/\/yoast.com\/product\/yoast-seo-wordpress\/ -->\n<title>EU:n kalastusministerit p\u00e4\u00e4ttiv\u00e4t 150 kalakannann saalistuskiinti\u00f6st\u00e4 - KALASTUSVIESTI<\/title>\n<meta name=\"robots\" content=\"index, follow, max-snippet:-1, max-image-preview:large, max-video-preview:-1\" \/>\n<link rel=\"canonical\" href=\"https:\/\/www.victoriamedia.org\/kalastusviesti\/eun-kalastusministerit-paattivat-150-kalakannann-saalistuskiintiosta\/\" \/>\n<meta property=\"og:locale\" content=\"en_US\" \/>\n<meta property=\"og:type\" content=\"article\" \/>\n<meta property=\"og:title\" content=\"EU:n kalastusministerit p\u00e4\u00e4ttiv\u00e4t 150 kalakannann saalistuskiinti\u00f6st\u00e4 - KALASTUSVIESTI\" \/>\n<meta property=\"og:description\" content=\"Joulukuun maatalous- ja kalastusneuvoston kokouksessa p\u00e4\u00e4tettiin laajasta kalastuspaketista. Jokavuotiseen tapaan siin\u00e4 sovittiin ensi vuoden kalastusmahdollisuuksista ja maakohtaisista kiinti\u00f6ist\u00e4 EU:n vesialueilla ja laajoilla EU:n ulkopuolisilla valtamerialueilla, joita koskevia sopimuksia EU:lla on kolmansien maiden kanssa. Jo aiemmin syksyll\u00e4 on sovittu vastaavista kiinti\u00f6ist\u00e4 It\u00e4merell\u00e4 ja syv\u00e4nmerenkalastuksessa. Mustanmeren kalastusta koskeva p\u00e4\u00e4t\u00f6s tehtiin t\u00e4ss\u00e4 kokouksessa erillisell\u00e4 asetuksella. Kiinti\u00f6paketti koskee yli [&hellip;]\" \/>\n<meta property=\"og:url\" content=\"https:\/\/www.victoriamedia.org\/kalastusviesti\/eun-kalastusministerit-paattivat-150-kalakannann-saalistuskiintiosta\/\" \/>\n<meta property=\"og:site_name\" content=\"KALASTUSVIESTI\" \/>\n<meta property=\"article:publisher\" content=\"https:\/\/www.facebook.com\/Kalastusviesti\" \/>\n<meta property=\"article:published_time\" content=\"2014-12-18T12:43:58+00:00\" \/>\n<meta name=\"author\" content=\"kerttuvali\" \/>\n<meta name=\"twitter:card\" content=\"summary_large_image\" \/>\n<meta name=\"twitter:creator\" content=\"@kalastusuutiset\" \/>\n<meta name=\"twitter:site\" content=\"@kalastusuutiset\" \/>\n<meta name=\"twitter:label1\" content=\"Written by\" \/>\n\t<meta name=\"twitter:data1\" content=\"kerttuvali\" \/>\n\t<meta name=\"twitter:label2\" content=\"Est. reading time\" \/>\n\t<meta name=\"twitter:data2\" content=\"1 minute\" \/>\n<script type=\"application\/ld+json\" class=\"yoast-schema-graph\">{\"@context\":\"https:\\\/\\\/schema.org\",\"@graph\":[{\"@type\":\"Article\",\"@id\":\"https:\\\/\\\/www.victoriamedia.org\\\/kalastusviesti\\\/eun-kalastusministerit-paattivat-150-kalakannann-saalistuskiintiosta\\\/#article\",\"isPartOf\":{\"@id\":\"https:\\\/\\\/www.victoriamedia.org\\\/kalastusviesti\\\/eun-kalastusministerit-paattivat-150-kalakannann-saalistuskiintiosta\\\/\"},\"author\":{\"name\":\"kerttuvali\",\"@id\":\"https:\\\/\\\/www.victoriamedia.org\\\/kalastusviesti\\\/#\\\/schema\\\/person\\\/df29131d02ead3f61cdeeef5d30a6771\"},\"headline\":\"EU:n kalastusministerit p\u00e4\u00e4ttiv\u00e4t 150 kalakannann saalistuskiinti\u00f6st\u00e4\",\"datePublished\":\"2014-12-18T12:43:58+00:00\",\"mainEntityOfPage\":{\"@id\":\"https:\\\/\\\/www.victoriamedia.org\\\/kalastusviesti\\\/eun-kalastusministerit-paattivat-150-kalakannann-saalistuskiintiosta\\\/\"},\"wordCount\":183,\"articleSection\":[\"Kalastus\",\"Yleiset Uutiset\"],\"inLanguage\":\"en-US\"},{\"@type\":\"WebPage\",\"@id\":\"https:\\\/\\\/www.victoriamedia.org\\\/kalastusviesti\\\/eun-kalastusministerit-paattivat-150-kalakannann-saalistuskiintiosta\\\/\",\"url\":\"https:\\\/\\\/www.victoriamedia.org\\\/kalastusviesti\\\/eun-kalastusministerit-paattivat-150-kalakannann-saalistuskiintiosta\\\/\",\"name\":\"EU:n kalastusministerit p\u00e4\u00e4ttiv\u00e4t 150 kalakannann saalistuskiinti\u00f6st\u00e4 - KALASTUSVIESTI\",\"isPartOf\":{\"@id\":\"https:\\\/\\\/www.victoriamedia.org\\\/kalastusviesti\\\/#website\"},\"datePublished\":\"2014-12-18T12:43:58+00:00\",\"author\":{\"@id\":\"https:\\\/\\\/www.victoriamedia.org\\\/kalastusviesti\\\/#\\\/schema\\\/person\\\/df29131d02ead3f61cdeeef5d30a6771\"},\"breadcrumb\":{\"@id\":\"https:\\\/\\\/www.victoriamedia.org\\\/kalastusviesti\\\/eun-kalastusministerit-paattivat-150-kalakannann-saalistuskiintiosta\\\/#breadcrumb\"},\"inLanguage\":\"en-US\",\"potentialAction\":[{\"@type\":\"ReadAction\",\"target\":[\"https:\\\/\\\/www.victoriamedia.org\\\/kalastusviesti\\\/eun-kalastusministerit-paattivat-150-kalakannann-saalistuskiintiosta\\\/\"]}]},{\"@type\":\"BreadcrumbList\",\"@id\":\"https:\\\/\\\/www.victoriamedia.org\\\/kalastusviesti\\\/eun-kalastusministerit-paattivat-150-kalakannann-saalistuskiintiosta\\\/#breadcrumb\",\"itemListElement\":[{\"@type\":\"ListItem\",\"position\":1,\"name\":\"Home\",\"item\":\"https:\\\/\\\/www.victoriamedia.org\\\/kalastusviesti\\\/\"},{\"@type\":\"ListItem\",\"position\":2,\"name\":\"EU:n kalastusministerit p\u00e4\u00e4ttiv\u00e4t 150 kalakannann saalistuskiinti\u00f6st\u00e4\"}]},{\"@type\":\"WebSite\",\"@id\":\"https:\\\/\\\/www.victoriamedia.org\\\/kalastusviesti\\\/#website\",\"url\":\"https:\\\/\\\/www.victoriamedia.org\\\/kalastusviesti\\\/\",\"name\":\"KALASTUSVIESTI\",\"description\":\"\",\"potentialAction\":[{\"@type\":\"SearchAction\",\"target\":{\"@type\":\"EntryPoint\",\"urlTemplate\":\"https:\\\/\\\/www.victoriamedia.org\\\/kalastusviesti\\\/?s={search_term_string}\"},\"query-input\":{\"@type\":\"PropertyValueSpecification\",\"valueRequired\":true,\"valueName\":\"search_term_string\"}}],\"inLanguage\":\"en-US\"},{\"@type\":\"Person\",\"@id\":\"https:\\\/\\\/www.victoriamedia.org\\\/kalastusviesti\\\/#\\\/schema\\\/person\\\/df29131d02ead3f61cdeeef5d30a6771\",\"name\":\"kerttuvali\",\"image\":{\"@type\":\"ImageObject\",\"inLanguage\":\"en-US\",\"@id\":\"https:\\\/\\\/secure.gravatar.com\\\/avatar\\\/62dbe1a847f655ad987c59fece23f885c4b0e7b06595c36d9597003852972217?s=96&d=mm&r=g\",\"url\":\"https:\\\/\\\/secure.gravatar.com\\\/avatar\\\/62dbe1a847f655ad987c59fece23f885c4b0e7b06595c36d9597003852972217?s=96&d=mm&r=g\",\"contentUrl\":\"https:\\\/\\\/secure.gravatar.com\\\/avatar\\\/62dbe1a847f655ad987c59fece23f885c4b0e7b06595c36d9597003852972217?s=96&d=mm&r=g\",\"caption\":\"kerttuvali\"},\"url\":\"https:\\\/\\\/www.victoriamedia.org\\\/kalastusviesti\\\/author\\\/kerttuvali\\\/\"}]}<\/script>\n<!-- \/ Yoast SEO plugin. -->","yoast_head_json":{"title":"EU:n kalastusministerit p\u00e4\u00e4ttiv\u00e4t 150 kalakannann saalistuskiinti\u00f6st\u00e4 - KALASTUSVIESTI","robots":{"index":"index","follow":"follow","max-snippet":"max-snippet:-1","max-image-preview":"max-image-preview:large","max-video-preview":"max-video-preview:-1"},"canonical":"https:\/\/www.victoriamedia.org\/kalastusviesti\/eun-kalastusministerit-paattivat-150-kalakannann-saalistuskiintiosta\/","og_locale":"en_US","og_type":"article","og_title":"EU:n kalastusministerit p\u00e4\u00e4ttiv\u00e4t 150 kalakannann saalistuskiinti\u00f6st\u00e4 - KALASTUSVIESTI","og_description":"Joulukuun maatalous- ja kalastusneuvoston kokouksessa p\u00e4\u00e4tettiin laajasta kalastuspaketista. Jokavuotiseen tapaan siin\u00e4 sovittiin ensi vuoden kalastusmahdollisuuksista ja maakohtaisista kiinti\u00f6ist\u00e4 EU:n vesialueilla ja laajoilla EU:n ulkopuolisilla valtamerialueilla, joita koskevia sopimuksia EU:lla on kolmansien maiden kanssa. Jo aiemmin syksyll\u00e4 on sovittu vastaavista kiinti\u00f6ist\u00e4 It\u00e4merell\u00e4 ja syv\u00e4nmerenkalastuksessa. Mustanmeren kalastusta koskeva p\u00e4\u00e4t\u00f6s tehtiin t\u00e4ss\u00e4 kokouksessa erillisell\u00e4 asetuksella. Kiinti\u00f6paketti koskee yli [&hellip;]","og_url":"https:\/\/www.victoriamedia.org\/kalastusviesti\/eun-kalastusministerit-paattivat-150-kalakannann-saalistuskiintiosta\/","og_site_name":"KALASTUSVIESTI","article_publisher":"https:\/\/www.facebook.com\/Kalastusviesti","article_published_time":"2014-12-18T12:43:58+00:00","author":"kerttuvali","twitter_card":"summary_large_image","twitter_creator":"@kalastusuutiset","twitter_site":"@kalastusuutiset","twitter_misc":{"Written by":"kerttuvali","Est. reading time":"1 minute"},"schema":{"@context":"https:\/\/schema.org","@graph":[{"@type":"Article","@id":"https:\/\/www.victoriamedia.org\/kalastusviesti\/eun-kalastusministerit-paattivat-150-kalakannann-saalistuskiintiosta\/#article","isPartOf":{"@id":"https:\/\/www.victoriamedia.org\/kalastusviesti\/eun-kalastusministerit-paattivat-150-kalakannann-saalistuskiintiosta\/"},"author":{"name":"kerttuvali","@id":"https:\/\/www.victoriamedia.org\/kalastusviesti\/#\/schema\/person\/df29131d02ead3f61cdeeef5d30a6771"},"headline":"EU:n kalastusministerit p\u00e4\u00e4ttiv\u00e4t 150 kalakannann saalistuskiinti\u00f6st\u00e4","datePublished":"2014-12-18T12:43:58+00:00","mainEntityOfPage":{"@id":"https:\/\/www.victoriamedia.org\/kalastusviesti\/eun-kalastusministerit-paattivat-150-kalakannann-saalistuskiintiosta\/"},"wordCount":183,"articleSection":["Kalastus","Yleiset Uutiset"],"inLanguage":"en-US"},{"@type":"WebPage","@id":"https:\/\/www.victoriamedia.org\/kalastusviesti\/eun-kalastusministerit-paattivat-150-kalakannann-saalistuskiintiosta\/","url":"https:\/\/www.victoriamedia.org\/kalastusviesti\/eun-kalastusministerit-paattivat-150-kalakannann-saalistuskiintiosta\/","name":"EU:n kalastusministerit p\u00e4\u00e4ttiv\u00e4t 150 kalakannann saalistuskiinti\u00f6st\u00e4 - KALASTUSVIESTI","isPartOf":{"@id":"https:\/\/www.victoriamedia.org\/kalastusviesti\/#website"},"datePublished":"2014-12-18T12:43:58+00:00","author":{"@id":"https:\/\/www.victoriamedia.org\/kalastusviesti\/#\/schema\/person\/df29131d02ead3f61cdeeef5d30a6771"},"breadcrumb":{"@id":"https:\/\/www.victoriamedia.org\/kalastusviesti\/eun-kalastusministerit-paattivat-150-kalakannann-saalistuskiintiosta\/#breadcrumb"},"inLanguage":"en-US","potentialAction":[{"@type":"ReadAction","target":["https:\/\/www.victoriamedia.org\/kalastusviesti\/eun-kalastusministerit-paattivat-150-kalakannann-saalistuskiintiosta\/"]}]},{"@type":"BreadcrumbList","@id":"https:\/\/www.victoriamedia.org\/kalastusviesti\/eun-kalastusministerit-paattivat-150-kalakannann-saalistuskiintiosta\/#breadcrumb","itemListElement":[{"@type":"ListItem","position":1,"name":"Home","item":"https:\/\/www.victoriamedia.org\/kalastusviesti\/"},{"@type":"ListItem","position":2,"name":"EU:n kalastusministerit p\u00e4\u00e4ttiv\u00e4t 150 kalakannann saalistuskiinti\u00f6st\u00e4"}]},{"@type":"WebSite","@id":"https:\/\/www.victoriamedia.org\/kalastusviesti\/#website","url":"https:\/\/www.victoriamedia.org\/kalastusviesti\/","name":"KALASTUSVIESTI","description":"","potentialAction":[{"@type":"SearchAction","target":{"@type":"EntryPoint","urlTemplate":"https:\/\/www.victoriamedia.org\/kalastusviesti\/?s={search_term_string}"},"query-input":{"@type":"PropertyValueSpecification","valueRequired":true,"valueName":"search_term_string"}}],"inLanguage":"en-US"},{"@type":"Person","@id":"https:\/\/www.victoriamedia.org\/kalastusviesti\/#\/schema\/person\/df29131d02ead3f61cdeeef5d30a6771","name":"kerttuvali","image":{"@type":"ImageObject","inLanguage":"en-US","@id":"https:\/\/secure.gravatar.com\/avatar\/62dbe1a847f655ad987c59fece23f885c4b0e7b06595c36d9597003852972217?s=96&d=mm&r=g","url":"https:\/\/secure.gravatar.com\/avatar\/62dbe1a847f655ad987c59fece23f885c4b0e7b06595c36d9597003852972217?s=96&d=mm&r=g","contentUrl":"https:\/\/secure.gravatar.com\/avatar\/62dbe1a847f655ad987c59fece23f885c4b0e7b06595c36d9597003852972217?s=96&d=mm&r=g","caption":"kerttuvali"},"url":"https:\/\/www.victoriamedia.org\/kalastusviesti\/author\/kerttuvali\/"}]}},"_links":{"self":[{"href":"https:\/\/www.victoriamedia.org\/kalastusviesti\/wp-json\/wp\/v2\/posts\/507","targetHints":{"allow":["GET"]}}],"collection":[{"href":"https:\/\/www.victoriamedia.org\/kalastusviesti\/wp-json\/wp\/v2\/posts"}],"about":[{"href":"https:\/\/www.victoriamedia.org\/kalastusviesti\/wp-json\/wp\/v2\/types\/post"}],"author":[{"embeddable":true,"href":"https:\/\/www.victoriamedia.org\/kalastusviesti\/wp-json\/wp\/v2\/users\/1"}],"replies":[{"embeddable":true,"href":"https:\/\/www.victoriamedia.org\/kalastusviesti\/wp-json\/wp\/v2\/comments?post=507"}],"version-history":[{"count":1,"href":"https:\/\/www.victoriamedia.org\/kalastusviesti\/wp-json\/wp\/v2\/posts\/507\/revisions"}],"predecessor-version":[{"id":508,"href":"https:\/\/www.victoriamedia.org\/kalastusviesti\/wp-json\/wp\/v2\/posts\/507\/revisions\/508"}],"wp:attachment":[{"href":"https:\/\/www.victoriamedia.org\/kalastusviesti\/wp-json\/wp\/v2\/media?parent=507"}],"wp:term":[{"taxonomy":"category","embeddable":true,"href":"https:\/\/www.victoriamedia.org\/kalastusviesti\/wp-json\/wp\/v2\/categories?post=507"},{"taxonomy":"post_tag","embeddable":true,"href":"https:\/\/www.victoriamedia.org\/kalastusviesti\/wp-json\/wp\/v2\/tags?post=507"}],"curies":[{"name":"wp","href":"https:\/\/api.w.org\/{rel}","templated":true}]}}