{"id":479,"date":"2014-11-04T12:54:23","date_gmt":"2014-11-04T12:54:23","guid":{"rendered":"http:\/\/www.victoriamedia.org\/kalastusviesti\/?p=479"},"modified":"2014-11-04T12:54:23","modified_gmt":"2014-11-04T12:54:23","slug":"meritaimenen-kalastuskausi-parhaimmillaan-suomenlahdella","status":"publish","type":"post","link":"https:\/\/www.victoriamedia.org\/kalastusviesti\/meritaimenen-kalastuskausi-parhaimmillaan-suomenlahdella\/","title":{"rendered":"Meritaimenen kalastuskausi parhaimmillaan Suomenlahdella"},"content":{"rendered":"<p style=\"color: #373737;\"><a href=\"https:\/\/www.victoriamedia.org\/kalastusviesti\/wp-content\/uploads\/2014\/11\/image2479939002965469768.jpeg\"><img loading=\"lazy\" decoding=\"async\" class=\"alignnone size-full wp-image-480\" src=\"https:\/\/www.victoriamedia.org\/kalastusviesti\/wp-content\/uploads\/2014\/11\/image2479939002965469768.jpeg\" alt=\"O\" width=\"307\" height=\"103\" srcset=\"https:\/\/www.victoriamedia.org\/kalastusviesti\/wp-content\/uploads\/2014\/11\/image2479939002965469768.jpeg 307w, https:\/\/www.victoriamedia.org\/kalastusviesti\/wp-content\/uploads\/2014\/11\/image2479939002965469768-300x100.jpeg 300w\" sizes=\"auto, (max-width: 307px) 100vw, 307px\" \/><\/a><\/p>\n<p style=\"color: #373737;\"><strong style=\"font-weight: bold;\">Vesien viilennytty\u00e4 on syksyinen meritaimenen kalastuskausi k\u00e4ynnistynyt merell\u00e4. Valtaosa meritaimenista saadaan saaliiksi loka-, marras- ja joulukuussa. Kaakkois-Suomen ELY-keskus muistuttaa kalastajia vastuullisesta kalastuksesta ja kehottaa noudattamaan kalastuss\u00e4\u00e4d\u00f6ksi\u00e4. S\u00e4\u00e4d\u00f6sten avulla pyrit\u00e4\u00e4n turvaamaan sek\u00e4 luontaisten meritaimenkantojen elpymist\u00e4 ett\u00e4 kalastusta varten tehtyjen meritaimenistutusten tuottavuutta.<\/strong><\/p>\n<p style=\"color: #373737;\">Kalastusasetus m\u00e4\u00e4rittelee meritaimenen alamitaksi 60 senttimetri\u00e4 ja verkon pienimm\u00e4ksi sallituksi silm\u00e4kooksi 157 mm (eli verkon solmuv\u00e4li 80 mm), kun pyydet\u00e4\u00e4n merilohta ja meritaimenta pintaan tai pinnan l\u00e4heisyyteen ulottuvassa verkossa. Pinnan l\u00e4heisyyteen ulottuvana verkkona pidet\u00e4\u00e4n verkkoa, jonka jokin osa ulottuu l\u00e4hemm\u00e4ksi kuin 3 metri\u00e4 pinnasta. T\u00e4ll\u00f6in esimerkiksi nelj\u00e4n metrin syvyyteen pohjaan laskettua normaalia 1,8 metrin korkuista verkkoa pidet\u00e4\u00e4n kalastusasetuksen mukaan pintaverkkona. Kalastusasetuksen s\u00e4\u00e4d\u00f6kset ovat voimassa kaikilla vesialueilla.<\/p>\n<p style=\"color: #373737;\">Suomenlahden meritaimenkannat ovat p\u00e4\u00e4osin eritt\u00e4in heikossa tilassa. T\u00e4st\u00e4 johtuen Kaakkois-Suomen ja Uudenmaan ELY-keskukset ovat asettaneet kalastusasetusta tiukempia rajoituksia valtion yleisvedell\u00e4 tapahtuvalle meritaimenen pyynnille: rasvaev\u00e4lliset taimenet on aina vapautettava, rasvaev\u00e4leikatun taimenen alamitta on 65 senttimetri\u00e4, meritaimenen kalastuksessa k\u00e4ytett\u00e4vien pohjaverkkojen minimisolmuv\u00e4li on 80 millimetri\u00e4 ja kaikkien alle 80 millimetrin solmuv\u00e4listen verkkojen langan on oltava yksikuituista tai yksilankaista ja langan suurin sallittu paksuus on 0,20 millimetri\u00e4. Valtion yleisvedell\u00e4 pintaverkkopyydysten enimm\u00e4ism\u00e4\u00e4r\u00e4 pyyntikuntaa kohden on 180 metri\u00e4.<\/p>\n<p style=\"color: #373737;\">Meritaimenen kalastusta on rajoitettu kalastusasetusta tiukemmin my\u00f6s Pyht\u00e4\u00e4n kalastusalueen vesill\u00e4. Kalastusalue on kev\u00e4\u00e4ll\u00e4 2014 tehnyt p\u00e4\u00e4t\u00f6ksen, jolla kalastus kiellet\u00e4\u00e4n solmuv\u00e4lilt\u00e4\u00e4n alle 80 millimetrin verkoilla 3 metri\u00e4 matalammassa vedess\u00e4 1.11. &#8211; 15.5. v\u00e4lisen\u00e4 aikana. Kielto ei koske toukokuista ahvenen kalastusta verkoilla, joiden solmuv\u00e4li on alle 46 millimetri\u00e4.<\/p>\n<p style=\"color: #373737;\">Kalastusalueiden ja vesialueiden omistajien asettamat kalastuksenvalvojat sek\u00e4 ELY-keskus, Merivartiosto ja Mets\u00e4hallitus valvovat kalastuss\u00e4\u00e4d\u00f6sten noudattamista merialueella.<\/p>\n","protected":false},"excerpt":{"rendered":"<p>Vesien viilennytty\u00e4 on syksyinen meritaimenen kalastuskausi k\u00e4ynnistynyt merell\u00e4. Valtaosa meritaimenista saadaan saaliiksi loka-, marras- ja joulukuussa. Kaakkois-Suomen ELY-keskus muistuttaa kalastajia vastuullisesta kalastuksesta ja kehottaa noudattamaan kalastuss\u00e4\u00e4d\u00f6ksi\u00e4. S\u00e4\u00e4d\u00f6sten avulla pyrit\u00e4\u00e4n turvaamaan sek\u00e4 luontaisten meritaimenkantojen elpymist\u00e4 ett\u00e4 kalastusta varten tehtyjen meritaimenistutusten tuottavuutta. Kalastusasetus m\u00e4\u00e4rittelee meritaimenen alamitaksi 60 senttimetri\u00e4 ja verkon pienimm\u00e4ksi sallituksi silm\u00e4kooksi 157 mm (eli verkon [&hellip;]<\/p>\n","protected":false},"author":1,"featured_media":0,"comment_status":"closed","ping_status":"closed","sticky":false,"template":"","format":"standard","meta":{"footnotes":""},"categories":[60],"tags":[],"class_list":["post-479","post","type-post","status-publish","format-standard","hentry","category-meritaimen","eq-blocks"],"yoast_head":"<!-- This site is optimized with the Yoast SEO plugin v27.5 - https:\/\/yoast.com\/product\/yoast-seo-wordpress\/ -->\n<title>Meritaimenen kalastuskausi parhaimmillaan Suomenlahdella  - KALASTUSVIESTI<\/title>\n<meta name=\"robots\" content=\"index, follow, max-snippet:-1, max-image-preview:large, max-video-preview:-1\" \/>\n<link rel=\"canonical\" href=\"https:\/\/www.victoriamedia.org\/kalastusviesti\/meritaimenen-kalastuskausi-parhaimmillaan-suomenlahdella\/\" \/>\n<meta property=\"og:locale\" content=\"en_US\" \/>\n<meta property=\"og:type\" content=\"article\" \/>\n<meta property=\"og:title\" content=\"Meritaimenen kalastuskausi parhaimmillaan Suomenlahdella  - KALASTUSVIESTI\" \/>\n<meta property=\"og:description\" content=\"Vesien viilennytty\u00e4 on syksyinen meritaimenen kalastuskausi k\u00e4ynnistynyt merell\u00e4. Valtaosa meritaimenista saadaan saaliiksi loka-, marras- ja joulukuussa. Kaakkois-Suomen ELY-keskus muistuttaa kalastajia vastuullisesta kalastuksesta ja kehottaa noudattamaan kalastuss\u00e4\u00e4d\u00f6ksi\u00e4. S\u00e4\u00e4d\u00f6sten avulla pyrit\u00e4\u00e4n turvaamaan sek\u00e4 luontaisten meritaimenkantojen elpymist\u00e4 ett\u00e4 kalastusta varten tehtyjen meritaimenistutusten tuottavuutta. Kalastusasetus m\u00e4\u00e4rittelee meritaimenen alamitaksi 60 senttimetri\u00e4 ja verkon pienimm\u00e4ksi sallituksi silm\u00e4kooksi 157 mm (eli verkon [&hellip;]\" \/>\n<meta property=\"og:url\" content=\"https:\/\/www.victoriamedia.org\/kalastusviesti\/meritaimenen-kalastuskausi-parhaimmillaan-suomenlahdella\/\" \/>\n<meta property=\"og:site_name\" content=\"KALASTUSVIESTI\" \/>\n<meta property=\"article:publisher\" content=\"https:\/\/www.facebook.com\/Kalastusviesti\" \/>\n<meta property=\"article:published_time\" content=\"2014-11-04T12:54:23+00:00\" \/>\n<meta property=\"og:image\" content=\"http:\/\/www.victoriamedia.org\/kalastusviesti\/wp-content\/uploads\/2014\/11\/image2479939002965469768.jpeg\" \/>\n<meta name=\"author\" content=\"kerttuvali\" \/>\n<meta name=\"twitter:card\" content=\"summary_large_image\" \/>\n<meta name=\"twitter:creator\" content=\"@kalastusuutiset\" \/>\n<meta name=\"twitter:site\" content=\"@kalastusuutiset\" \/>\n<meta name=\"twitter:label1\" content=\"Written by\" \/>\n\t<meta name=\"twitter:data1\" content=\"kerttuvali\" \/>\n\t<meta name=\"twitter:label2\" content=\"Est. reading time\" \/>\n\t<meta name=\"twitter:data2\" content=\"1 minute\" \/>\n<script type=\"application\/ld+json\" class=\"yoast-schema-graph\">{\"@context\":\"https:\\\/\\\/schema.org\",\"@graph\":[{\"@type\":\"Article\",\"@id\":\"https:\\\/\\\/www.victoriamedia.org\\\/kalastusviesti\\\/meritaimenen-kalastuskausi-parhaimmillaan-suomenlahdella\\\/#article\",\"isPartOf\":{\"@id\":\"https:\\\/\\\/www.victoriamedia.org\\\/kalastusviesti\\\/meritaimenen-kalastuskausi-parhaimmillaan-suomenlahdella\\\/\"},\"author\":{\"name\":\"kerttuvali\",\"@id\":\"https:\\\/\\\/www.victoriamedia.org\\\/kalastusviesti\\\/#\\\/schema\\\/person\\\/df29131d02ead3f61cdeeef5d30a6771\"},\"headline\":\"Meritaimenen kalastuskausi parhaimmillaan Suomenlahdella\",\"datePublished\":\"2014-11-04T12:54:23+00:00\",\"mainEntityOfPage\":{\"@id\":\"https:\\\/\\\/www.victoriamedia.org\\\/kalastusviesti\\\/meritaimenen-kalastuskausi-parhaimmillaan-suomenlahdella\\\/\"},\"wordCount\":273,\"image\":{\"@id\":\"https:\\\/\\\/www.victoriamedia.org\\\/kalastusviesti\\\/meritaimenen-kalastuskausi-parhaimmillaan-suomenlahdella\\\/#primaryimage\"},\"thumbnailUrl\":\"http:\\\/\\\/www.victoriamedia.org\\\/kalastusviesti\\\/wp-content\\\/uploads\\\/2014\\\/11\\\/image2479939002965469768.jpeg\",\"articleSection\":[\"Meritaimen\"],\"inLanguage\":\"en-US\"},{\"@type\":\"WebPage\",\"@id\":\"https:\\\/\\\/www.victoriamedia.org\\\/kalastusviesti\\\/meritaimenen-kalastuskausi-parhaimmillaan-suomenlahdella\\\/\",\"url\":\"https:\\\/\\\/www.victoriamedia.org\\\/kalastusviesti\\\/meritaimenen-kalastuskausi-parhaimmillaan-suomenlahdella\\\/\",\"name\":\"Meritaimenen kalastuskausi parhaimmillaan Suomenlahdella - KALASTUSVIESTI\",\"isPartOf\":{\"@id\":\"https:\\\/\\\/www.victoriamedia.org\\\/kalastusviesti\\\/#website\"},\"primaryImageOfPage\":{\"@id\":\"https:\\\/\\\/www.victoriamedia.org\\\/kalastusviesti\\\/meritaimenen-kalastuskausi-parhaimmillaan-suomenlahdella\\\/#primaryimage\"},\"image\":{\"@id\":\"https:\\\/\\\/www.victoriamedia.org\\\/kalastusviesti\\\/meritaimenen-kalastuskausi-parhaimmillaan-suomenlahdella\\\/#primaryimage\"},\"thumbnailUrl\":\"http:\\\/\\\/www.victoriamedia.org\\\/kalastusviesti\\\/wp-content\\\/uploads\\\/2014\\\/11\\\/image2479939002965469768.jpeg\",\"datePublished\":\"2014-11-04T12:54:23+00:00\",\"author\":{\"@id\":\"https:\\\/\\\/www.victoriamedia.org\\\/kalastusviesti\\\/#\\\/schema\\\/person\\\/df29131d02ead3f61cdeeef5d30a6771\"},\"breadcrumb\":{\"@id\":\"https:\\\/\\\/www.victoriamedia.org\\\/kalastusviesti\\\/meritaimenen-kalastuskausi-parhaimmillaan-suomenlahdella\\\/#breadcrumb\"},\"inLanguage\":\"en-US\",\"potentialAction\":[{\"@type\":\"ReadAction\",\"target\":[\"https:\\\/\\\/www.victoriamedia.org\\\/kalastusviesti\\\/meritaimenen-kalastuskausi-parhaimmillaan-suomenlahdella\\\/\"]}]},{\"@type\":\"ImageObject\",\"inLanguage\":\"en-US\",\"@id\":\"https:\\\/\\\/www.victoriamedia.org\\\/kalastusviesti\\\/meritaimenen-kalastuskausi-parhaimmillaan-suomenlahdella\\\/#primaryimage\",\"url\":\"https:\\\/\\\/www.victoriamedia.org\\\/kalastusviesti\\\/wp-content\\\/uploads\\\/2014\\\/11\\\/image2479939002965469768.jpeg\",\"contentUrl\":\"https:\\\/\\\/www.victoriamedia.org\\\/kalastusviesti\\\/wp-content\\\/uploads\\\/2014\\\/11\\\/image2479939002965469768.jpeg\",\"width\":307,\"height\":103},{\"@type\":\"BreadcrumbList\",\"@id\":\"https:\\\/\\\/www.victoriamedia.org\\\/kalastusviesti\\\/meritaimenen-kalastuskausi-parhaimmillaan-suomenlahdella\\\/#breadcrumb\",\"itemListElement\":[{\"@type\":\"ListItem\",\"position\":1,\"name\":\"Home\",\"item\":\"https:\\\/\\\/www.victoriamedia.org\\\/kalastusviesti\\\/\"},{\"@type\":\"ListItem\",\"position\":2,\"name\":\"Meritaimenen kalastuskausi parhaimmillaan Suomenlahdella\"}]},{\"@type\":\"WebSite\",\"@id\":\"https:\\\/\\\/www.victoriamedia.org\\\/kalastusviesti\\\/#website\",\"url\":\"https:\\\/\\\/www.victoriamedia.org\\\/kalastusviesti\\\/\",\"name\":\"KALASTUSVIESTI\",\"description\":\"\",\"potentialAction\":[{\"@type\":\"SearchAction\",\"target\":{\"@type\":\"EntryPoint\",\"urlTemplate\":\"https:\\\/\\\/www.victoriamedia.org\\\/kalastusviesti\\\/?s={search_term_string}\"},\"query-input\":{\"@type\":\"PropertyValueSpecification\",\"valueRequired\":true,\"valueName\":\"search_term_string\"}}],\"inLanguage\":\"en-US\"},{\"@type\":\"Person\",\"@id\":\"https:\\\/\\\/www.victoriamedia.org\\\/kalastusviesti\\\/#\\\/schema\\\/person\\\/df29131d02ead3f61cdeeef5d30a6771\",\"name\":\"kerttuvali\",\"image\":{\"@type\":\"ImageObject\",\"inLanguage\":\"en-US\",\"@id\":\"https:\\\/\\\/secure.gravatar.com\\\/avatar\\\/62dbe1a847f655ad987c59fece23f885c4b0e7b06595c36d9597003852972217?s=96&d=mm&r=g\",\"url\":\"https:\\\/\\\/secure.gravatar.com\\\/avatar\\\/62dbe1a847f655ad987c59fece23f885c4b0e7b06595c36d9597003852972217?s=96&d=mm&r=g\",\"contentUrl\":\"https:\\\/\\\/secure.gravatar.com\\\/avatar\\\/62dbe1a847f655ad987c59fece23f885c4b0e7b06595c36d9597003852972217?s=96&d=mm&r=g\",\"caption\":\"kerttuvali\"},\"url\":\"https:\\\/\\\/www.victoriamedia.org\\\/kalastusviesti\\\/author\\\/kerttuvali\\\/\"}]}<\/script>\n<!-- \/ Yoast SEO plugin. -->","yoast_head_json":{"title":"Meritaimenen kalastuskausi parhaimmillaan Suomenlahdella  - KALASTUSVIESTI","robots":{"index":"index","follow":"follow","max-snippet":"max-snippet:-1","max-image-preview":"max-image-preview:large","max-video-preview":"max-video-preview:-1"},"canonical":"https:\/\/www.victoriamedia.org\/kalastusviesti\/meritaimenen-kalastuskausi-parhaimmillaan-suomenlahdella\/","og_locale":"en_US","og_type":"article","og_title":"Meritaimenen kalastuskausi parhaimmillaan Suomenlahdella  - KALASTUSVIESTI","og_description":"Vesien viilennytty\u00e4 on syksyinen meritaimenen kalastuskausi k\u00e4ynnistynyt merell\u00e4. Valtaosa meritaimenista saadaan saaliiksi loka-, marras- ja joulukuussa. Kaakkois-Suomen ELY-keskus muistuttaa kalastajia vastuullisesta kalastuksesta ja kehottaa noudattamaan kalastuss\u00e4\u00e4d\u00f6ksi\u00e4. S\u00e4\u00e4d\u00f6sten avulla pyrit\u00e4\u00e4n turvaamaan sek\u00e4 luontaisten meritaimenkantojen elpymist\u00e4 ett\u00e4 kalastusta varten tehtyjen meritaimenistutusten tuottavuutta. Kalastusasetus m\u00e4\u00e4rittelee meritaimenen alamitaksi 60 senttimetri\u00e4 ja verkon pienimm\u00e4ksi sallituksi silm\u00e4kooksi 157 mm (eli verkon [&hellip;]","og_url":"https:\/\/www.victoriamedia.org\/kalastusviesti\/meritaimenen-kalastuskausi-parhaimmillaan-suomenlahdella\/","og_site_name":"KALASTUSVIESTI","article_publisher":"https:\/\/www.facebook.com\/Kalastusviesti","article_published_time":"2014-11-04T12:54:23+00:00","og_image":[{"url":"http:\/\/www.victoriamedia.org\/kalastusviesti\/wp-content\/uploads\/2014\/11\/image2479939002965469768.jpeg","type":"","width":"","height":""}],"author":"kerttuvali","twitter_card":"summary_large_image","twitter_creator":"@kalastusuutiset","twitter_site":"@kalastusuutiset","twitter_misc":{"Written by":"kerttuvali","Est. reading time":"1 minute"},"schema":{"@context":"https:\/\/schema.org","@graph":[{"@type":"Article","@id":"https:\/\/www.victoriamedia.org\/kalastusviesti\/meritaimenen-kalastuskausi-parhaimmillaan-suomenlahdella\/#article","isPartOf":{"@id":"https:\/\/www.victoriamedia.org\/kalastusviesti\/meritaimenen-kalastuskausi-parhaimmillaan-suomenlahdella\/"},"author":{"name":"kerttuvali","@id":"https:\/\/www.victoriamedia.org\/kalastusviesti\/#\/schema\/person\/df29131d02ead3f61cdeeef5d30a6771"},"headline":"Meritaimenen kalastuskausi parhaimmillaan Suomenlahdella","datePublished":"2014-11-04T12:54:23+00:00","mainEntityOfPage":{"@id":"https:\/\/www.victoriamedia.org\/kalastusviesti\/meritaimenen-kalastuskausi-parhaimmillaan-suomenlahdella\/"},"wordCount":273,"image":{"@id":"https:\/\/www.victoriamedia.org\/kalastusviesti\/meritaimenen-kalastuskausi-parhaimmillaan-suomenlahdella\/#primaryimage"},"thumbnailUrl":"http:\/\/www.victoriamedia.org\/kalastusviesti\/wp-content\/uploads\/2014\/11\/image2479939002965469768.jpeg","articleSection":["Meritaimen"],"inLanguage":"en-US"},{"@type":"WebPage","@id":"https:\/\/www.victoriamedia.org\/kalastusviesti\/meritaimenen-kalastuskausi-parhaimmillaan-suomenlahdella\/","url":"https:\/\/www.victoriamedia.org\/kalastusviesti\/meritaimenen-kalastuskausi-parhaimmillaan-suomenlahdella\/","name":"Meritaimenen kalastuskausi parhaimmillaan Suomenlahdella - KALASTUSVIESTI","isPartOf":{"@id":"https:\/\/www.victoriamedia.org\/kalastusviesti\/#website"},"primaryImageOfPage":{"@id":"https:\/\/www.victoriamedia.org\/kalastusviesti\/meritaimenen-kalastuskausi-parhaimmillaan-suomenlahdella\/#primaryimage"},"image":{"@id":"https:\/\/www.victoriamedia.org\/kalastusviesti\/meritaimenen-kalastuskausi-parhaimmillaan-suomenlahdella\/#primaryimage"},"thumbnailUrl":"http:\/\/www.victoriamedia.org\/kalastusviesti\/wp-content\/uploads\/2014\/11\/image2479939002965469768.jpeg","datePublished":"2014-11-04T12:54:23+00:00","author":{"@id":"https:\/\/www.victoriamedia.org\/kalastusviesti\/#\/schema\/person\/df29131d02ead3f61cdeeef5d30a6771"},"breadcrumb":{"@id":"https:\/\/www.victoriamedia.org\/kalastusviesti\/meritaimenen-kalastuskausi-parhaimmillaan-suomenlahdella\/#breadcrumb"},"inLanguage":"en-US","potentialAction":[{"@type":"ReadAction","target":["https:\/\/www.victoriamedia.org\/kalastusviesti\/meritaimenen-kalastuskausi-parhaimmillaan-suomenlahdella\/"]}]},{"@type":"ImageObject","inLanguage":"en-US","@id":"https:\/\/www.victoriamedia.org\/kalastusviesti\/meritaimenen-kalastuskausi-parhaimmillaan-suomenlahdella\/#primaryimage","url":"https:\/\/www.victoriamedia.org\/kalastusviesti\/wp-content\/uploads\/2014\/11\/image2479939002965469768.jpeg","contentUrl":"https:\/\/www.victoriamedia.org\/kalastusviesti\/wp-content\/uploads\/2014\/11\/image2479939002965469768.jpeg","width":307,"height":103},{"@type":"BreadcrumbList","@id":"https:\/\/www.victoriamedia.org\/kalastusviesti\/meritaimenen-kalastuskausi-parhaimmillaan-suomenlahdella\/#breadcrumb","itemListElement":[{"@type":"ListItem","position":1,"name":"Home","item":"https:\/\/www.victoriamedia.org\/kalastusviesti\/"},{"@type":"ListItem","position":2,"name":"Meritaimenen kalastuskausi parhaimmillaan Suomenlahdella"}]},{"@type":"WebSite","@id":"https:\/\/www.victoriamedia.org\/kalastusviesti\/#website","url":"https:\/\/www.victoriamedia.org\/kalastusviesti\/","name":"KALASTUSVIESTI","description":"","potentialAction":[{"@type":"SearchAction","target":{"@type":"EntryPoint","urlTemplate":"https:\/\/www.victoriamedia.org\/kalastusviesti\/?s={search_term_string}"},"query-input":{"@type":"PropertyValueSpecification","valueRequired":true,"valueName":"search_term_string"}}],"inLanguage":"en-US"},{"@type":"Person","@id":"https:\/\/www.victoriamedia.org\/kalastusviesti\/#\/schema\/person\/df29131d02ead3f61cdeeef5d30a6771","name":"kerttuvali","image":{"@type":"ImageObject","inLanguage":"en-US","@id":"https:\/\/secure.gravatar.com\/avatar\/62dbe1a847f655ad987c59fece23f885c4b0e7b06595c36d9597003852972217?s=96&d=mm&r=g","url":"https:\/\/secure.gravatar.com\/avatar\/62dbe1a847f655ad987c59fece23f885c4b0e7b06595c36d9597003852972217?s=96&d=mm&r=g","contentUrl":"https:\/\/secure.gravatar.com\/avatar\/62dbe1a847f655ad987c59fece23f885c4b0e7b06595c36d9597003852972217?s=96&d=mm&r=g","caption":"kerttuvali"},"url":"https:\/\/www.victoriamedia.org\/kalastusviesti\/author\/kerttuvali\/"}]}},"_links":{"self":[{"href":"https:\/\/www.victoriamedia.org\/kalastusviesti\/wp-json\/wp\/v2\/posts\/479","targetHints":{"allow":["GET"]}}],"collection":[{"href":"https:\/\/www.victoriamedia.org\/kalastusviesti\/wp-json\/wp\/v2\/posts"}],"about":[{"href":"https:\/\/www.victoriamedia.org\/kalastusviesti\/wp-json\/wp\/v2\/types\/post"}],"author":[{"embeddable":true,"href":"https:\/\/www.victoriamedia.org\/kalastusviesti\/wp-json\/wp\/v2\/users\/1"}],"replies":[{"embeddable":true,"href":"https:\/\/www.victoriamedia.org\/kalastusviesti\/wp-json\/wp\/v2\/comments?post=479"}],"version-history":[{"count":1,"href":"https:\/\/www.victoriamedia.org\/kalastusviesti\/wp-json\/wp\/v2\/posts\/479\/revisions"}],"predecessor-version":[{"id":481,"href":"https:\/\/www.victoriamedia.org\/kalastusviesti\/wp-json\/wp\/v2\/posts\/479\/revisions\/481"}],"wp:attachment":[{"href":"https:\/\/www.victoriamedia.org\/kalastusviesti\/wp-json\/wp\/v2\/media?parent=479"}],"wp:term":[{"taxonomy":"category","embeddable":true,"href":"https:\/\/www.victoriamedia.org\/kalastusviesti\/wp-json\/wp\/v2\/categories?post=479"},{"taxonomy":"post_tag","embeddable":true,"href":"https:\/\/www.victoriamedia.org\/kalastusviesti\/wp-json\/wp\/v2\/tags?post=479"}],"curies":[{"name":"wp","href":"https:\/\/api.w.org\/{rel}","templated":true}]}}