{"id":431,"date":"2014-09-21T15:18:50","date_gmt":"2014-09-21T15:18:50","guid":{"rendered":"http:\/\/www.victoriamedia.org\/kalastusviesti\/?p=431"},"modified":"2014-09-21T15:18:50","modified_gmt":"2014-09-21T15:18:50","slug":"suomen-ammattikalastajaliitto-lausui-kalastusmahdollisuuksista-2015","status":"publish","type":"post","link":"https:\/\/www.victoriamedia.org\/kalastusviesti\/suomen-ammattikalastajaliitto-lausui-kalastusmahdollisuuksista-2015\/","title":{"rendered":"Suomen Ammattikalastajaliitto lausui kalastusmahdollisuuksista 2015"},"content":{"rendered":"<p><span style=\"color: #000000;\">SAKL on 19.9 antanut lausuntonsa eduskunnan maa- ja mets\u00e4talousvaliokunnalle ja ymp\u00e4rist\u00f6valiokunnalle EU-komission esityksest\u00e4 kalastusmahdollisuuksista It\u00e4merell\u00e4 vuonna 2015.<\/span><\/p>\n<p><span style=\"color: #000000;\">Turskan osalta tiedeyhteis\u00f6 (ICES) ei pystynyt toimittamaan t\u00e4ydellist\u00e4 kanta-arviota it\u00e4isen turskan osalta ja komissio palaa asiaan my\u00f6hemmin syyskuussa. Liiton mielest\u00e4 syyt turskakannan tilaan olisi selvitett\u00e4v\u00e4 perusteellisesti ja otettava my\u00f6s tarkastettavaksi kalastuss\u00e4\u00e4d\u00f6kset (esim. alamitta) sek\u00e4 turskan monivuotisen hoitosuunnitelman toimivuus. Kiinti\u00f6n olennainen pienent\u00e4minen ei v\u00e4ltt\u00e4m\u00e4tt\u00e4 paranna turskakannan tilannetta.<\/span><\/p>\n<p><span style=\"color: #000000;\">Silakan osalta komission kiinti\u00f6esitykset ovat suhteellisen korkealla tasolla ja SAKL on etenkin Pohjanlahden silakan osalta esitt\u00e4nyt maltillisempaa linjaa (+15 %, komissio +35 %). My\u00f6s p\u00e4\u00e4altaan, Suomenlahden ja Saaristomeren silakkakiinti\u00f6n osalta liitolla on samansuuntainen l\u00e4hestymistapa (+25 %, komissio +51 %). Pieni kilohailikiinti\u00f6 hankaloittaa my\u00f6s silakkakiinti\u00f6n hy\u00f6dynt\u00e4mist\u00e4 ja asettaa haasteita kalastuksen j\u00e4rjest\u00e4miselle ensi vuoden aikana. Liiton mielest\u00e4 kilohailikiinti\u00f6n tulisi olla jonkin verran suurempi (-10 %) kuin komission esitys (-17 %).<\/span><\/p>\n<p><span style=\"color: #000000;\">Tilanne lohen osalta ei ole muuttunut, ja koska ammattikalastuksen aiheuttama kalastuspaine nyky\u00e4\u00e4n on alhainen, SAKL esitt\u00e4\u00e4 (EU) kiinti\u00f6n asettamista tasolle, joka on v\u00e4hint\u00e4\u00e4n t\u00e4m\u00e4n vuoden (EU) kiinti\u00f6n mukainen, kuitenkin huomioiden poisheittokiellon vaikutukset (lis\u00e4\u00e4v\u00e4 vaikutus kiinti\u00f6\u00f6n). Kanta on samansuuntainen sek\u00e4 p\u00e4\u00e4altaan ja Pohjanlahden ett\u00e4 Suomenlahden osalta.<\/span><\/p>\n<p><span style=\"color: #000000;\">ICES:n neuvonannossa ei ollut suurta muutosta viime vuoden tilanteeseen verrattuna. Smolttituotanto on pitk\u00e4ll\u00e4 aikav\u00e4lill\u00e4 kasvanut kaikilla alueilla. Rannikkokalastuksen tehokkuus on laskenut ja oli seuranta-aikana alimmillaan viime vuonna (2013). Samoin j\u00e4ljell\u00e4 oleva avomerikalastus etel\u00e4isell\u00e4 It\u00e4merell\u00e4 on jo pienempi kuin 2008 ajoverkkokalastuskiellon j\u00e4lkeen. Kaupallinen kalastus nykytasolla ei ole este sille, ett\u00e4 lohikannat edelleen vahvistuvat.<\/span><\/p>\n<p><span style=\"color: #000000;\">Lohen nousu Tornionjokeen oli enn\u00e4tysm\u00e4inen ja 100 000 kappaleen haamuraja ylitettiin. On paikallaan huomioida, ett\u00e4 kiinti\u00f6t ja kalastuksen volyymi 2007-2009 ovat antaneet pohjan t\u00e4m\u00e4n vuoden hyv\u00e4lle nousulle jokiin. Kudulle nousseet kalat (1-3 merivuoden ik\u00e4isi\u00e4) ovat vuosina 2007-2009 kuteneiden kalojen j\u00e4lkel\u00e4isi\u00e4. Merivaelluksensa kalat aloittivat vuosina 2010-2012. Vuosien 2007-2009 kalastuksenm\u00e4\u00e4r\u00e4 on vaikuttanut nyt kudulle tulleiden kalojen m\u00e4\u00e4r\u00e4\u00e4n. Raportoitu saalis n\u00e4in\u00e4 vuosina oli noin 200 000 yksil\u00f6\u00e4 vuodessa.<\/span><\/p>\n<p><span style=\"color: #000000;\">Komission esitys merkitsisi, ett\u00e4 Suomen kiinti\u00f6 olisi noin 4 000 kappaletta pienempi kuin t\u00e4m\u00e4n vuoden toteutunut rannikkokalastus, vaikka saalis rannikolla oli heikohko nousun ajoittumisen ja luonnonolosuhteitten johdosta. On mahdotonta hyv\u00e4ksy\u00e4 tilanne, jossa kaupallisen kalastuksen kiinti\u00f6 edelleen leikataan, vaikka lohikannat ovat yh\u00e4 vahvemmat.<\/span><\/p>\n","protected":false},"excerpt":{"rendered":"<p>SAKL on 19.9 antanut lausuntonsa eduskunnan maa- ja mets\u00e4talousvaliokunnalle ja ymp\u00e4rist\u00f6valiokunnalle EU-komission esityksest\u00e4 kalastusmahdollisuuksista It\u00e4merell\u00e4 vuonna 2015. Turskan osalta tiedeyhteis\u00f6 (ICES) ei pystynyt toimittamaan t\u00e4ydellist\u00e4 kanta-arviota it\u00e4isen turskan osalta ja komissio palaa asiaan my\u00f6hemmin syyskuussa. Liiton mielest\u00e4 syyt turskakannan tilaan olisi selvitett\u00e4v\u00e4 perusteellisesti ja otettava my\u00f6s tarkastettavaksi kalastuss\u00e4\u00e4d\u00f6kset (esim. alamitta) sek\u00e4 turskan monivuotisen hoitosuunnitelman toimivuus. [&hellip;]<\/p>\n","protected":false},"author":1,"featured_media":0,"comment_status":"closed","ping_status":"closed","sticky":false,"template":"","format":"standard","meta":{"footnotes":""},"categories":[45],"tags":[],"class_list":["post-431","post","type-post","status-publish","format-standard","hentry","category-suomen-ammattikalastajaliitto-r-y","eq-blocks"],"yoast_head":"<!-- This site is optimized with the Yoast SEO plugin v27.5 - https:\/\/yoast.com\/product\/yoast-seo-wordpress\/ -->\n<title>Suomen Ammattikalastajaliitto lausui kalastusmahdollisuuksista 2015 - KALASTUSVIESTI<\/title>\n<meta name=\"robots\" content=\"index, follow, max-snippet:-1, max-image-preview:large, max-video-preview:-1\" \/>\n<link rel=\"canonical\" href=\"https:\/\/www.victoriamedia.org\/kalastusviesti\/suomen-ammattikalastajaliitto-lausui-kalastusmahdollisuuksista-2015\/\" \/>\n<meta property=\"og:locale\" content=\"en_US\" \/>\n<meta property=\"og:type\" content=\"article\" \/>\n<meta property=\"og:title\" content=\"Suomen Ammattikalastajaliitto lausui kalastusmahdollisuuksista 2015 - KALASTUSVIESTI\" \/>\n<meta property=\"og:description\" content=\"SAKL on 19.9 antanut lausuntonsa eduskunnan maa- ja mets\u00e4talousvaliokunnalle ja ymp\u00e4rist\u00f6valiokunnalle EU-komission esityksest\u00e4 kalastusmahdollisuuksista It\u00e4merell\u00e4 vuonna 2015. Turskan osalta tiedeyhteis\u00f6 (ICES) ei pystynyt toimittamaan t\u00e4ydellist\u00e4 kanta-arviota it\u00e4isen turskan osalta ja komissio palaa asiaan my\u00f6hemmin syyskuussa. Liiton mielest\u00e4 syyt turskakannan tilaan olisi selvitett\u00e4v\u00e4 perusteellisesti ja otettava my\u00f6s tarkastettavaksi kalastuss\u00e4\u00e4d\u00f6kset (esim. alamitta) sek\u00e4 turskan monivuotisen hoitosuunnitelman toimivuus. [&hellip;]\" \/>\n<meta property=\"og:url\" content=\"https:\/\/www.victoriamedia.org\/kalastusviesti\/suomen-ammattikalastajaliitto-lausui-kalastusmahdollisuuksista-2015\/\" \/>\n<meta property=\"og:site_name\" content=\"KALASTUSVIESTI\" \/>\n<meta property=\"article:publisher\" content=\"https:\/\/www.facebook.com\/Kalastusviesti\" \/>\n<meta property=\"article:published_time\" content=\"2014-09-21T15:18:50+00:00\" \/>\n<meta name=\"author\" content=\"kerttuvali\" \/>\n<meta name=\"twitter:card\" content=\"summary_large_image\" \/>\n<meta name=\"twitter:creator\" content=\"@kalastusuutiset\" \/>\n<meta name=\"twitter:site\" content=\"@kalastusuutiset\" \/>\n<meta name=\"twitter:label1\" content=\"Written by\" \/>\n\t<meta name=\"twitter:data1\" content=\"kerttuvali\" \/>\n\t<meta name=\"twitter:label2\" content=\"Est. reading time\" \/>\n\t<meta name=\"twitter:data2\" content=\"2 minutes\" \/>\n<script type=\"application\/ld+json\" class=\"yoast-schema-graph\">{\"@context\":\"https:\\\/\\\/schema.org\",\"@graph\":[{\"@type\":\"Article\",\"@id\":\"https:\\\/\\\/www.victoriamedia.org\\\/kalastusviesti\\\/suomen-ammattikalastajaliitto-lausui-kalastusmahdollisuuksista-2015\\\/#article\",\"isPartOf\":{\"@id\":\"https:\\\/\\\/www.victoriamedia.org\\\/kalastusviesti\\\/suomen-ammattikalastajaliitto-lausui-kalastusmahdollisuuksista-2015\\\/\"},\"author\":{\"name\":\"kerttuvali\",\"@id\":\"https:\\\/\\\/www.victoriamedia.org\\\/kalastusviesti\\\/#\\\/schema\\\/person\\\/df29131d02ead3f61cdeeef5d30a6771\"},\"headline\":\"Suomen Ammattikalastajaliitto lausui kalastusmahdollisuuksista 2015\",\"datePublished\":\"2014-09-21T15:18:50+00:00\",\"mainEntityOfPage\":{\"@id\":\"https:\\\/\\\/www.victoriamedia.org\\\/kalastusviesti\\\/suomen-ammattikalastajaliitto-lausui-kalastusmahdollisuuksista-2015\\\/\"},\"wordCount\":381,\"articleSection\":[\"Suomen Ammattikalastajaliitto r.y\"],\"inLanguage\":\"en-US\"},{\"@type\":\"WebPage\",\"@id\":\"https:\\\/\\\/www.victoriamedia.org\\\/kalastusviesti\\\/suomen-ammattikalastajaliitto-lausui-kalastusmahdollisuuksista-2015\\\/\",\"url\":\"https:\\\/\\\/www.victoriamedia.org\\\/kalastusviesti\\\/suomen-ammattikalastajaliitto-lausui-kalastusmahdollisuuksista-2015\\\/\",\"name\":\"Suomen Ammattikalastajaliitto lausui kalastusmahdollisuuksista 2015 - KALASTUSVIESTI\",\"isPartOf\":{\"@id\":\"https:\\\/\\\/www.victoriamedia.org\\\/kalastusviesti\\\/#website\"},\"datePublished\":\"2014-09-21T15:18:50+00:00\",\"author\":{\"@id\":\"https:\\\/\\\/www.victoriamedia.org\\\/kalastusviesti\\\/#\\\/schema\\\/person\\\/df29131d02ead3f61cdeeef5d30a6771\"},\"breadcrumb\":{\"@id\":\"https:\\\/\\\/www.victoriamedia.org\\\/kalastusviesti\\\/suomen-ammattikalastajaliitto-lausui-kalastusmahdollisuuksista-2015\\\/#breadcrumb\"},\"inLanguage\":\"en-US\",\"potentialAction\":[{\"@type\":\"ReadAction\",\"target\":[\"https:\\\/\\\/www.victoriamedia.org\\\/kalastusviesti\\\/suomen-ammattikalastajaliitto-lausui-kalastusmahdollisuuksista-2015\\\/\"]}]},{\"@type\":\"BreadcrumbList\",\"@id\":\"https:\\\/\\\/www.victoriamedia.org\\\/kalastusviesti\\\/suomen-ammattikalastajaliitto-lausui-kalastusmahdollisuuksista-2015\\\/#breadcrumb\",\"itemListElement\":[{\"@type\":\"ListItem\",\"position\":1,\"name\":\"Home\",\"item\":\"https:\\\/\\\/www.victoriamedia.org\\\/kalastusviesti\\\/\"},{\"@type\":\"ListItem\",\"position\":2,\"name\":\"Suomen Ammattikalastajaliitto lausui kalastusmahdollisuuksista 2015\"}]},{\"@type\":\"WebSite\",\"@id\":\"https:\\\/\\\/www.victoriamedia.org\\\/kalastusviesti\\\/#website\",\"url\":\"https:\\\/\\\/www.victoriamedia.org\\\/kalastusviesti\\\/\",\"name\":\"KALASTUSVIESTI\",\"description\":\"\",\"potentialAction\":[{\"@type\":\"SearchAction\",\"target\":{\"@type\":\"EntryPoint\",\"urlTemplate\":\"https:\\\/\\\/www.victoriamedia.org\\\/kalastusviesti\\\/?s={search_term_string}\"},\"query-input\":{\"@type\":\"PropertyValueSpecification\",\"valueRequired\":true,\"valueName\":\"search_term_string\"}}],\"inLanguage\":\"en-US\"},{\"@type\":\"Person\",\"@id\":\"https:\\\/\\\/www.victoriamedia.org\\\/kalastusviesti\\\/#\\\/schema\\\/person\\\/df29131d02ead3f61cdeeef5d30a6771\",\"name\":\"kerttuvali\",\"image\":{\"@type\":\"ImageObject\",\"inLanguage\":\"en-US\",\"@id\":\"https:\\\/\\\/secure.gravatar.com\\\/avatar\\\/62dbe1a847f655ad987c59fece23f885c4b0e7b06595c36d9597003852972217?s=96&d=mm&r=g\",\"url\":\"https:\\\/\\\/secure.gravatar.com\\\/avatar\\\/62dbe1a847f655ad987c59fece23f885c4b0e7b06595c36d9597003852972217?s=96&d=mm&r=g\",\"contentUrl\":\"https:\\\/\\\/secure.gravatar.com\\\/avatar\\\/62dbe1a847f655ad987c59fece23f885c4b0e7b06595c36d9597003852972217?s=96&d=mm&r=g\",\"caption\":\"kerttuvali\"},\"url\":\"https:\\\/\\\/www.victoriamedia.org\\\/kalastusviesti\\\/author\\\/kerttuvali\\\/\"}]}<\/script>\n<!-- \/ Yoast SEO plugin. -->","yoast_head_json":{"title":"Suomen Ammattikalastajaliitto lausui kalastusmahdollisuuksista 2015 - KALASTUSVIESTI","robots":{"index":"index","follow":"follow","max-snippet":"max-snippet:-1","max-image-preview":"max-image-preview:large","max-video-preview":"max-video-preview:-1"},"canonical":"https:\/\/www.victoriamedia.org\/kalastusviesti\/suomen-ammattikalastajaliitto-lausui-kalastusmahdollisuuksista-2015\/","og_locale":"en_US","og_type":"article","og_title":"Suomen Ammattikalastajaliitto lausui kalastusmahdollisuuksista 2015 - KALASTUSVIESTI","og_description":"SAKL on 19.9 antanut lausuntonsa eduskunnan maa- ja mets\u00e4talousvaliokunnalle ja ymp\u00e4rist\u00f6valiokunnalle EU-komission esityksest\u00e4 kalastusmahdollisuuksista It\u00e4merell\u00e4 vuonna 2015. Turskan osalta tiedeyhteis\u00f6 (ICES) ei pystynyt toimittamaan t\u00e4ydellist\u00e4 kanta-arviota it\u00e4isen turskan osalta ja komissio palaa asiaan my\u00f6hemmin syyskuussa. Liiton mielest\u00e4 syyt turskakannan tilaan olisi selvitett\u00e4v\u00e4 perusteellisesti ja otettava my\u00f6s tarkastettavaksi kalastuss\u00e4\u00e4d\u00f6kset (esim. alamitta) sek\u00e4 turskan monivuotisen hoitosuunnitelman toimivuus. [&hellip;]","og_url":"https:\/\/www.victoriamedia.org\/kalastusviesti\/suomen-ammattikalastajaliitto-lausui-kalastusmahdollisuuksista-2015\/","og_site_name":"KALASTUSVIESTI","article_publisher":"https:\/\/www.facebook.com\/Kalastusviesti","article_published_time":"2014-09-21T15:18:50+00:00","author":"kerttuvali","twitter_card":"summary_large_image","twitter_creator":"@kalastusuutiset","twitter_site":"@kalastusuutiset","twitter_misc":{"Written by":"kerttuvali","Est. reading time":"2 minutes"},"schema":{"@context":"https:\/\/schema.org","@graph":[{"@type":"Article","@id":"https:\/\/www.victoriamedia.org\/kalastusviesti\/suomen-ammattikalastajaliitto-lausui-kalastusmahdollisuuksista-2015\/#article","isPartOf":{"@id":"https:\/\/www.victoriamedia.org\/kalastusviesti\/suomen-ammattikalastajaliitto-lausui-kalastusmahdollisuuksista-2015\/"},"author":{"name":"kerttuvali","@id":"https:\/\/www.victoriamedia.org\/kalastusviesti\/#\/schema\/person\/df29131d02ead3f61cdeeef5d30a6771"},"headline":"Suomen Ammattikalastajaliitto lausui kalastusmahdollisuuksista 2015","datePublished":"2014-09-21T15:18:50+00:00","mainEntityOfPage":{"@id":"https:\/\/www.victoriamedia.org\/kalastusviesti\/suomen-ammattikalastajaliitto-lausui-kalastusmahdollisuuksista-2015\/"},"wordCount":381,"articleSection":["Suomen Ammattikalastajaliitto r.y"],"inLanguage":"en-US"},{"@type":"WebPage","@id":"https:\/\/www.victoriamedia.org\/kalastusviesti\/suomen-ammattikalastajaliitto-lausui-kalastusmahdollisuuksista-2015\/","url":"https:\/\/www.victoriamedia.org\/kalastusviesti\/suomen-ammattikalastajaliitto-lausui-kalastusmahdollisuuksista-2015\/","name":"Suomen Ammattikalastajaliitto lausui kalastusmahdollisuuksista 2015 - KALASTUSVIESTI","isPartOf":{"@id":"https:\/\/www.victoriamedia.org\/kalastusviesti\/#website"},"datePublished":"2014-09-21T15:18:50+00:00","author":{"@id":"https:\/\/www.victoriamedia.org\/kalastusviesti\/#\/schema\/person\/df29131d02ead3f61cdeeef5d30a6771"},"breadcrumb":{"@id":"https:\/\/www.victoriamedia.org\/kalastusviesti\/suomen-ammattikalastajaliitto-lausui-kalastusmahdollisuuksista-2015\/#breadcrumb"},"inLanguage":"en-US","potentialAction":[{"@type":"ReadAction","target":["https:\/\/www.victoriamedia.org\/kalastusviesti\/suomen-ammattikalastajaliitto-lausui-kalastusmahdollisuuksista-2015\/"]}]},{"@type":"BreadcrumbList","@id":"https:\/\/www.victoriamedia.org\/kalastusviesti\/suomen-ammattikalastajaliitto-lausui-kalastusmahdollisuuksista-2015\/#breadcrumb","itemListElement":[{"@type":"ListItem","position":1,"name":"Home","item":"https:\/\/www.victoriamedia.org\/kalastusviesti\/"},{"@type":"ListItem","position":2,"name":"Suomen Ammattikalastajaliitto lausui kalastusmahdollisuuksista 2015"}]},{"@type":"WebSite","@id":"https:\/\/www.victoriamedia.org\/kalastusviesti\/#website","url":"https:\/\/www.victoriamedia.org\/kalastusviesti\/","name":"KALASTUSVIESTI","description":"","potentialAction":[{"@type":"SearchAction","target":{"@type":"EntryPoint","urlTemplate":"https:\/\/www.victoriamedia.org\/kalastusviesti\/?s={search_term_string}"},"query-input":{"@type":"PropertyValueSpecification","valueRequired":true,"valueName":"search_term_string"}}],"inLanguage":"en-US"},{"@type":"Person","@id":"https:\/\/www.victoriamedia.org\/kalastusviesti\/#\/schema\/person\/df29131d02ead3f61cdeeef5d30a6771","name":"kerttuvali","image":{"@type":"ImageObject","inLanguage":"en-US","@id":"https:\/\/secure.gravatar.com\/avatar\/62dbe1a847f655ad987c59fece23f885c4b0e7b06595c36d9597003852972217?s=96&d=mm&r=g","url":"https:\/\/secure.gravatar.com\/avatar\/62dbe1a847f655ad987c59fece23f885c4b0e7b06595c36d9597003852972217?s=96&d=mm&r=g","contentUrl":"https:\/\/secure.gravatar.com\/avatar\/62dbe1a847f655ad987c59fece23f885c4b0e7b06595c36d9597003852972217?s=96&d=mm&r=g","caption":"kerttuvali"},"url":"https:\/\/www.victoriamedia.org\/kalastusviesti\/author\/kerttuvali\/"}]}},"_links":{"self":[{"href":"https:\/\/www.victoriamedia.org\/kalastusviesti\/wp-json\/wp\/v2\/posts\/431","targetHints":{"allow":["GET"]}}],"collection":[{"href":"https:\/\/www.victoriamedia.org\/kalastusviesti\/wp-json\/wp\/v2\/posts"}],"about":[{"href":"https:\/\/www.victoriamedia.org\/kalastusviesti\/wp-json\/wp\/v2\/types\/post"}],"author":[{"embeddable":true,"href":"https:\/\/www.victoriamedia.org\/kalastusviesti\/wp-json\/wp\/v2\/users\/1"}],"replies":[{"embeddable":true,"href":"https:\/\/www.victoriamedia.org\/kalastusviesti\/wp-json\/wp\/v2\/comments?post=431"}],"version-history":[{"count":1,"href":"https:\/\/www.victoriamedia.org\/kalastusviesti\/wp-json\/wp\/v2\/posts\/431\/revisions"}],"predecessor-version":[{"id":432,"href":"https:\/\/www.victoriamedia.org\/kalastusviesti\/wp-json\/wp\/v2\/posts\/431\/revisions\/432"}],"wp:attachment":[{"href":"https:\/\/www.victoriamedia.org\/kalastusviesti\/wp-json\/wp\/v2\/media?parent=431"}],"wp:term":[{"taxonomy":"category","embeddable":true,"href":"https:\/\/www.victoriamedia.org\/kalastusviesti\/wp-json\/wp\/v2\/categories?post=431"},{"taxonomy":"post_tag","embeddable":true,"href":"https:\/\/www.victoriamedia.org\/kalastusviesti\/wp-json\/wp\/v2\/tags?post=431"}],"curies":[{"name":"wp","href":"https:\/\/api.w.org\/{rel}","templated":true}]}}