{"id":380,"date":"2014-06-04T10:04:40","date_gmt":"2014-06-04T10:04:40","guid":{"rendered":"http:\/\/www.victoriamedia.org\/kalastusviesti\/?p=380"},"modified":"2014-06-04T10:04:51","modified_gmt":"2014-06-04T10:04:51","slug":"tenon-taimen-ei-kesta-lisakalastusta","status":"publish","type":"post","link":"https:\/\/www.victoriamedia.org\/kalastusviesti\/tenon-taimen-ei-kesta-lisakalastusta\/","title":{"rendered":"Tenon taimen ei kest\u00e4 lis\u00e4kalastusta"},"content":{"rendered":"<p><a href=\"https:\/\/www.victoriamedia.org\/kalastusviesti\/wp-content\/uploads\/2014\/06\/meritaimen_panu_orell.jpg\"><img loading=\"lazy\" decoding=\"async\" class=\"alignnone size-full wp-image-381\" alt=\"meritaimen_panu_orell\" src=\"https:\/\/www.victoriamedia.org\/kalastusviesti\/wp-content\/uploads\/2014\/06\/meritaimen_panu_orell.jpg\" width=\"550\" height=\"410\" srcset=\"https:\/\/www.victoriamedia.org\/kalastusviesti\/wp-content\/uploads\/2014\/06\/meritaimen_panu_orell.jpg 550w, https:\/\/www.victoriamedia.org\/kalastusviesti\/wp-content\/uploads\/2014\/06\/meritaimen_panu_orell-300x223.jpg 300w\" sizes=\"auto, (max-width: 550px) 100vw, 550px\" \/><\/a><\/p>\n<p><em>Kuva: Panu Orell<\/em><\/p>\n<p><strong>Riista- ja kalatalouden tutkimuslaitoksen (RKTL) tuoreiden tutkimustulosten perusteella Tenojoen meritaimenen kalastuskauden jatkamiselle ei ole biologisia edellytyksi\u00e4. Kalastus verottaa jo nykyisell\u00e4\u00e4n voimakkaasti vesist\u00f6n taimenkantoja niiden elinkierron eri vaiheissa.<\/strong><\/p>\n<p>Tenojoen meritaimenen kalastuskauden jatkaminen on noussut s\u00e4\u00e4nn\u00f6llisesti esille vesist\u00f6n kalakantojen hy\u00f6dynt\u00e4mist\u00e4 ja hoitoa suunniteltaessa, sill\u00e4 osa meritaimenista nousee Tenoon vasta kalastuskauden p\u00e4\u00e4ttymisen (31.8.) j\u00e4lkeen. Kalastuskauden jatkamisen mahdollisuuksien arvioimiseksi RKTL toteutti Tenojoella laajan meritaimenien radiotelemetriatutkimuksen vuosina 2011\u20132013.<\/p>\n<p>Telemetriatutkimuksen perusteella Tenojoen meritaimenella havaittiin kaksi erilaista nousuvaellusmallia, joita olivat ei-sukukyps\u00e4t talvehtijat ja kutuvaeltajat. Ei-sukukyps\u00e4t taimenet nousevat hein\u00e4-elokuulta alkaen Tenojoen suun sy\u00f6nn\u00f6salueelta Tenojoen alaosalle talvehtimaan ja palaavat seuraavana kes\u00e4n\u00e4 uudelle sy\u00f6nn\u00f6kselle jokisuuhun. N\u00e4iden kalojen talvehtimisalueet sijaitsevat suurelta osin Alak\u00f6nk\u00e4\u00e4n alapuolisella jokiosuudella.<\/p>\n<p>My\u00f6s kutuvaellukselle suuntaavat meritaimenet aloittavat nousunsa hein\u00e4-elokuussa ja p\u00e4\u00e4osa niist\u00e4 talvehtii Tenojoen p\u00e4\u00e4uomassa. Seuraavana kev\u00e4\u00e4n\u00e4, touko-kes\u00e4kuussa, ne kuitenkin jatkavat kaksivuotista kutuvaellustaan yl\u00e4virtaan. Meritaimenen lis\u00e4\u00e4ntymisalueet sijoittuvat l\u00e4hes kokonaisuudessaan Tenon ja sen isojen latvahaarojen sivujokiin. Sivujokien taimenkannat ovat kooltaan pieni\u00e4, tavallisesti vain murto-osa lohikantoihin verrattuna.<\/p>\n<p>Tenojoen meritaimenkantaan, erityisesti kutuvaelluksella oleviin yksil\u00f6ihin ja toisaalta kuteneisiin talvikoihin, kohdistuu jo nykytilassa voimakas kalastuspaine. Tenon meritaimenen kaksivuotinen kutuvaellus altistaa ne kalastukselle syyskes\u00e4ll\u00e4 niiden ensimm\u00e4isen\u00e4 nousuvuotena ja lis\u00e4ksi talvehtimisen j\u00e4lkeisen\u00e4 kes\u00e4n\u00e4 toisena nousuvuotena. Tenojoen nykyisen kalastuss\u00e4\u00e4nn\u00f6n alamitan (25 cm) takia kalastus kohdistuu my\u00f6s pieniin ei-sukukypsiin taimeniin, p\u00e4\u00e4osin joen Norjan puoleisella alajuoksulla. Biologisesti perusteltu meritaimenen alamitta Tenojoen vesist\u00f6ss\u00e4 olisi noin 45\u201350 cm, sill\u00e4 vasta t\u00e4ss\u00e4 koossa meritaimen alkaa saavuttaa sukukypsyyden. Isompi alamitta mahdollistaisi my\u00f6s meritaimenen kasvupotentiaalin paremman hy\u00f6dynt\u00e4misen ja nostaisi siten kalastuksen laatua kalojen keskikoon kasvaessa.<\/p>\n<p>Tenon taimenpopulaatioiden hoito on periaatteessa kohtalaisen helppo j\u00e4rjest\u00e4\u00e4, sill\u00e4 taimen vaeltaa k\u00e4yt\u00e4nn\u00f6ss\u00e4 vain Tenojoessa, sen isoissa latvahaaroissa ja Tenojokisuun alueella, eik\u00e4 hoitotoimenpiteit\u00e4 suunniteltaessa tarvitse huomioida esimerkiksi merialueen kalastusta.<\/p>\n<p>Lue lis\u00e4\u00e4 julkaisusta:<br \/>\n<a href=\"http:\/\/www.rktl.fi\/julkaisut\/j\/699.html\">http:\/\/www.rktl.fi\/julkaisut\/j\/699.html<\/a><\/p>\n","protected":false},"excerpt":{"rendered":"<p>Kuva: Panu Orell Riista- ja kalatalouden tutkimuslaitoksen (RKTL) tuoreiden tutkimustulosten perusteella Tenojoen meritaimenen kalastuskauden jatkamiselle ei ole biologisia edellytyksi\u00e4. Kalastus verottaa jo nykyisell\u00e4\u00e4n voimakkaasti vesist\u00f6n taimenkantoja niiden elinkierron eri vaiheissa. Tenojoen meritaimenen kalastuskauden jatkaminen on noussut s\u00e4\u00e4nn\u00f6llisesti esille vesist\u00f6n kalakantojen hy\u00f6dynt\u00e4mist\u00e4 ja hoitoa suunniteltaessa, sill\u00e4 osa meritaimenista nousee Tenoon vasta kalastuskauden p\u00e4\u00e4ttymisen (31.8.) j\u00e4lkeen. Kalastuskauden [&hellip;]<\/p>\n","protected":false},"author":1,"featured_media":0,"comment_status":"closed","ping_status":"closed","sticky":false,"template":"","format":"standard","meta":{"footnotes":""},"categories":[60,2],"tags":[],"class_list":["post-380","post","type-post","status-publish","format-standard","hentry","category-meritaimen","category-rktl","eq-blocks"],"yoast_head":"<!-- This site is optimized with the Yoast SEO plugin v27.5 - https:\/\/yoast.com\/product\/yoast-seo-wordpress\/ -->\n<title>Tenon taimen ei kest\u00e4 lis\u00e4kalastusta - KALASTUSVIESTI<\/title>\n<meta name=\"robots\" content=\"index, follow, max-snippet:-1, max-image-preview:large, max-video-preview:-1\" \/>\n<link rel=\"canonical\" href=\"https:\/\/www.victoriamedia.org\/kalastusviesti\/tenon-taimen-ei-kesta-lisakalastusta\/\" \/>\n<meta property=\"og:locale\" content=\"en_US\" \/>\n<meta property=\"og:type\" content=\"article\" \/>\n<meta property=\"og:title\" content=\"Tenon taimen ei kest\u00e4 lis\u00e4kalastusta - KALASTUSVIESTI\" \/>\n<meta property=\"og:description\" content=\"Kuva: Panu Orell Riista- ja kalatalouden tutkimuslaitoksen (RKTL) tuoreiden tutkimustulosten perusteella Tenojoen meritaimenen kalastuskauden jatkamiselle ei ole biologisia edellytyksi\u00e4. Kalastus verottaa jo nykyisell\u00e4\u00e4n voimakkaasti vesist\u00f6n taimenkantoja niiden elinkierron eri vaiheissa. Tenojoen meritaimenen kalastuskauden jatkaminen on noussut s\u00e4\u00e4nn\u00f6llisesti esille vesist\u00f6n kalakantojen hy\u00f6dynt\u00e4mist\u00e4 ja hoitoa suunniteltaessa, sill\u00e4 osa meritaimenista nousee Tenoon vasta kalastuskauden p\u00e4\u00e4ttymisen (31.8.) j\u00e4lkeen. Kalastuskauden [&hellip;]\" \/>\n<meta property=\"og:url\" content=\"https:\/\/www.victoriamedia.org\/kalastusviesti\/tenon-taimen-ei-kesta-lisakalastusta\/\" \/>\n<meta property=\"og:site_name\" content=\"KALASTUSVIESTI\" \/>\n<meta property=\"article:publisher\" content=\"https:\/\/www.facebook.com\/Kalastusviesti\" \/>\n<meta property=\"article:published_time\" content=\"2014-06-04T10:04:40+00:00\" \/>\n<meta property=\"article:modified_time\" content=\"2014-06-04T10:04:51+00:00\" \/>\n<meta property=\"og:image\" content=\"http:\/\/www.victoriamedia.org\/kalastusviesti\/wp-content\/uploads\/2014\/06\/meritaimen_panu_orell.jpg\" \/>\n<meta name=\"author\" content=\"kerttuvali\" \/>\n<meta name=\"twitter:card\" content=\"summary_large_image\" \/>\n<meta name=\"twitter:creator\" content=\"@kalastusuutiset\" \/>\n<meta name=\"twitter:site\" content=\"@kalastusuutiset\" \/>\n<meta name=\"twitter:label1\" content=\"Written by\" \/>\n\t<meta name=\"twitter:data1\" content=\"kerttuvali\" \/>\n\t<meta name=\"twitter:label2\" content=\"Est. reading time\" \/>\n\t<meta name=\"twitter:data2\" content=\"2 minutes\" \/>\n<script type=\"application\/ld+json\" class=\"yoast-schema-graph\">{\"@context\":\"https:\\\/\\\/schema.org\",\"@graph\":[{\"@type\":\"Article\",\"@id\":\"https:\\\/\\\/www.victoriamedia.org\\\/kalastusviesti\\\/tenon-taimen-ei-kesta-lisakalastusta\\\/#article\",\"isPartOf\":{\"@id\":\"https:\\\/\\\/www.victoriamedia.org\\\/kalastusviesti\\\/tenon-taimen-ei-kesta-lisakalastusta\\\/\"},\"author\":{\"name\":\"kerttuvali\",\"@id\":\"https:\\\/\\\/www.victoriamedia.org\\\/kalastusviesti\\\/#\\\/schema\\\/person\\\/df29131d02ead3f61cdeeef5d30a6771\"},\"headline\":\"Tenon taimen ei kest\u00e4 lis\u00e4kalastusta\",\"datePublished\":\"2014-06-04T10:04:40+00:00\",\"dateModified\":\"2014-06-04T10:04:51+00:00\",\"mainEntityOfPage\":{\"@id\":\"https:\\\/\\\/www.victoriamedia.org\\\/kalastusviesti\\\/tenon-taimen-ei-kesta-lisakalastusta\\\/\"},\"wordCount\":323,\"image\":{\"@id\":\"https:\\\/\\\/www.victoriamedia.org\\\/kalastusviesti\\\/tenon-taimen-ei-kesta-lisakalastusta\\\/#primaryimage\"},\"thumbnailUrl\":\"http:\\\/\\\/www.victoriamedia.org\\\/kalastusviesti\\\/wp-content\\\/uploads\\\/2014\\\/06\\\/meritaimen_panu_orell.jpg\",\"articleSection\":[\"Meritaimen\",\"RKTL\"],\"inLanguage\":\"en-US\"},{\"@type\":\"WebPage\",\"@id\":\"https:\\\/\\\/www.victoriamedia.org\\\/kalastusviesti\\\/tenon-taimen-ei-kesta-lisakalastusta\\\/\",\"url\":\"https:\\\/\\\/www.victoriamedia.org\\\/kalastusviesti\\\/tenon-taimen-ei-kesta-lisakalastusta\\\/\",\"name\":\"Tenon taimen ei kest\u00e4 lis\u00e4kalastusta - KALASTUSVIESTI\",\"isPartOf\":{\"@id\":\"https:\\\/\\\/www.victoriamedia.org\\\/kalastusviesti\\\/#website\"},\"primaryImageOfPage\":{\"@id\":\"https:\\\/\\\/www.victoriamedia.org\\\/kalastusviesti\\\/tenon-taimen-ei-kesta-lisakalastusta\\\/#primaryimage\"},\"image\":{\"@id\":\"https:\\\/\\\/www.victoriamedia.org\\\/kalastusviesti\\\/tenon-taimen-ei-kesta-lisakalastusta\\\/#primaryimage\"},\"thumbnailUrl\":\"http:\\\/\\\/www.victoriamedia.org\\\/kalastusviesti\\\/wp-content\\\/uploads\\\/2014\\\/06\\\/meritaimen_panu_orell.jpg\",\"datePublished\":\"2014-06-04T10:04:40+00:00\",\"dateModified\":\"2014-06-04T10:04:51+00:00\",\"author\":{\"@id\":\"https:\\\/\\\/www.victoriamedia.org\\\/kalastusviesti\\\/#\\\/schema\\\/person\\\/df29131d02ead3f61cdeeef5d30a6771\"},\"breadcrumb\":{\"@id\":\"https:\\\/\\\/www.victoriamedia.org\\\/kalastusviesti\\\/tenon-taimen-ei-kesta-lisakalastusta\\\/#breadcrumb\"},\"inLanguage\":\"en-US\",\"potentialAction\":[{\"@type\":\"ReadAction\",\"target\":[\"https:\\\/\\\/www.victoriamedia.org\\\/kalastusviesti\\\/tenon-taimen-ei-kesta-lisakalastusta\\\/\"]}]},{\"@type\":\"ImageObject\",\"inLanguage\":\"en-US\",\"@id\":\"https:\\\/\\\/www.victoriamedia.org\\\/kalastusviesti\\\/tenon-taimen-ei-kesta-lisakalastusta\\\/#primaryimage\",\"url\":\"https:\\\/\\\/www.victoriamedia.org\\\/kalastusviesti\\\/wp-content\\\/uploads\\\/2014\\\/06\\\/meritaimen_panu_orell.jpg\",\"contentUrl\":\"https:\\\/\\\/www.victoriamedia.org\\\/kalastusviesti\\\/wp-content\\\/uploads\\\/2014\\\/06\\\/meritaimen_panu_orell.jpg\",\"width\":550,\"height\":410},{\"@type\":\"BreadcrumbList\",\"@id\":\"https:\\\/\\\/www.victoriamedia.org\\\/kalastusviesti\\\/tenon-taimen-ei-kesta-lisakalastusta\\\/#breadcrumb\",\"itemListElement\":[{\"@type\":\"ListItem\",\"position\":1,\"name\":\"Home\",\"item\":\"https:\\\/\\\/www.victoriamedia.org\\\/kalastusviesti\\\/\"},{\"@type\":\"ListItem\",\"position\":2,\"name\":\"Tenon taimen ei kest\u00e4 lis\u00e4kalastusta\"}]},{\"@type\":\"WebSite\",\"@id\":\"https:\\\/\\\/www.victoriamedia.org\\\/kalastusviesti\\\/#website\",\"url\":\"https:\\\/\\\/www.victoriamedia.org\\\/kalastusviesti\\\/\",\"name\":\"KALASTUSVIESTI\",\"description\":\"\",\"potentialAction\":[{\"@type\":\"SearchAction\",\"target\":{\"@type\":\"EntryPoint\",\"urlTemplate\":\"https:\\\/\\\/www.victoriamedia.org\\\/kalastusviesti\\\/?s={search_term_string}\"},\"query-input\":{\"@type\":\"PropertyValueSpecification\",\"valueRequired\":true,\"valueName\":\"search_term_string\"}}],\"inLanguage\":\"en-US\"},{\"@type\":\"Person\",\"@id\":\"https:\\\/\\\/www.victoriamedia.org\\\/kalastusviesti\\\/#\\\/schema\\\/person\\\/df29131d02ead3f61cdeeef5d30a6771\",\"name\":\"kerttuvali\",\"image\":{\"@type\":\"ImageObject\",\"inLanguage\":\"en-US\",\"@id\":\"https:\\\/\\\/secure.gravatar.com\\\/avatar\\\/62dbe1a847f655ad987c59fece23f885c4b0e7b06595c36d9597003852972217?s=96&d=mm&r=g\",\"url\":\"https:\\\/\\\/secure.gravatar.com\\\/avatar\\\/62dbe1a847f655ad987c59fece23f885c4b0e7b06595c36d9597003852972217?s=96&d=mm&r=g\",\"contentUrl\":\"https:\\\/\\\/secure.gravatar.com\\\/avatar\\\/62dbe1a847f655ad987c59fece23f885c4b0e7b06595c36d9597003852972217?s=96&d=mm&r=g\",\"caption\":\"kerttuvali\"},\"url\":\"https:\\\/\\\/www.victoriamedia.org\\\/kalastusviesti\\\/author\\\/kerttuvali\\\/\"}]}<\/script>\n<!-- \/ Yoast SEO plugin. -->","yoast_head_json":{"title":"Tenon taimen ei kest\u00e4 lis\u00e4kalastusta - KALASTUSVIESTI","robots":{"index":"index","follow":"follow","max-snippet":"max-snippet:-1","max-image-preview":"max-image-preview:large","max-video-preview":"max-video-preview:-1"},"canonical":"https:\/\/www.victoriamedia.org\/kalastusviesti\/tenon-taimen-ei-kesta-lisakalastusta\/","og_locale":"en_US","og_type":"article","og_title":"Tenon taimen ei kest\u00e4 lis\u00e4kalastusta - KALASTUSVIESTI","og_description":"Kuva: Panu Orell Riista- ja kalatalouden tutkimuslaitoksen (RKTL) tuoreiden tutkimustulosten perusteella Tenojoen meritaimenen kalastuskauden jatkamiselle ei ole biologisia edellytyksi\u00e4. Kalastus verottaa jo nykyisell\u00e4\u00e4n voimakkaasti vesist\u00f6n taimenkantoja niiden elinkierron eri vaiheissa. Tenojoen meritaimenen kalastuskauden jatkaminen on noussut s\u00e4\u00e4nn\u00f6llisesti esille vesist\u00f6n kalakantojen hy\u00f6dynt\u00e4mist\u00e4 ja hoitoa suunniteltaessa, sill\u00e4 osa meritaimenista nousee Tenoon vasta kalastuskauden p\u00e4\u00e4ttymisen (31.8.) j\u00e4lkeen. Kalastuskauden [&hellip;]","og_url":"https:\/\/www.victoriamedia.org\/kalastusviesti\/tenon-taimen-ei-kesta-lisakalastusta\/","og_site_name":"KALASTUSVIESTI","article_publisher":"https:\/\/www.facebook.com\/Kalastusviesti","article_published_time":"2014-06-04T10:04:40+00:00","article_modified_time":"2014-06-04T10:04:51+00:00","og_image":[{"url":"http:\/\/www.victoriamedia.org\/kalastusviesti\/wp-content\/uploads\/2014\/06\/meritaimen_panu_orell.jpg","type":"","width":"","height":""}],"author":"kerttuvali","twitter_card":"summary_large_image","twitter_creator":"@kalastusuutiset","twitter_site":"@kalastusuutiset","twitter_misc":{"Written by":"kerttuvali","Est. reading time":"2 minutes"},"schema":{"@context":"https:\/\/schema.org","@graph":[{"@type":"Article","@id":"https:\/\/www.victoriamedia.org\/kalastusviesti\/tenon-taimen-ei-kesta-lisakalastusta\/#article","isPartOf":{"@id":"https:\/\/www.victoriamedia.org\/kalastusviesti\/tenon-taimen-ei-kesta-lisakalastusta\/"},"author":{"name":"kerttuvali","@id":"https:\/\/www.victoriamedia.org\/kalastusviesti\/#\/schema\/person\/df29131d02ead3f61cdeeef5d30a6771"},"headline":"Tenon taimen ei kest\u00e4 lis\u00e4kalastusta","datePublished":"2014-06-04T10:04:40+00:00","dateModified":"2014-06-04T10:04:51+00:00","mainEntityOfPage":{"@id":"https:\/\/www.victoriamedia.org\/kalastusviesti\/tenon-taimen-ei-kesta-lisakalastusta\/"},"wordCount":323,"image":{"@id":"https:\/\/www.victoriamedia.org\/kalastusviesti\/tenon-taimen-ei-kesta-lisakalastusta\/#primaryimage"},"thumbnailUrl":"http:\/\/www.victoriamedia.org\/kalastusviesti\/wp-content\/uploads\/2014\/06\/meritaimen_panu_orell.jpg","articleSection":["Meritaimen","RKTL"],"inLanguage":"en-US"},{"@type":"WebPage","@id":"https:\/\/www.victoriamedia.org\/kalastusviesti\/tenon-taimen-ei-kesta-lisakalastusta\/","url":"https:\/\/www.victoriamedia.org\/kalastusviesti\/tenon-taimen-ei-kesta-lisakalastusta\/","name":"Tenon taimen ei kest\u00e4 lis\u00e4kalastusta - KALASTUSVIESTI","isPartOf":{"@id":"https:\/\/www.victoriamedia.org\/kalastusviesti\/#website"},"primaryImageOfPage":{"@id":"https:\/\/www.victoriamedia.org\/kalastusviesti\/tenon-taimen-ei-kesta-lisakalastusta\/#primaryimage"},"image":{"@id":"https:\/\/www.victoriamedia.org\/kalastusviesti\/tenon-taimen-ei-kesta-lisakalastusta\/#primaryimage"},"thumbnailUrl":"http:\/\/www.victoriamedia.org\/kalastusviesti\/wp-content\/uploads\/2014\/06\/meritaimen_panu_orell.jpg","datePublished":"2014-06-04T10:04:40+00:00","dateModified":"2014-06-04T10:04:51+00:00","author":{"@id":"https:\/\/www.victoriamedia.org\/kalastusviesti\/#\/schema\/person\/df29131d02ead3f61cdeeef5d30a6771"},"breadcrumb":{"@id":"https:\/\/www.victoriamedia.org\/kalastusviesti\/tenon-taimen-ei-kesta-lisakalastusta\/#breadcrumb"},"inLanguage":"en-US","potentialAction":[{"@type":"ReadAction","target":["https:\/\/www.victoriamedia.org\/kalastusviesti\/tenon-taimen-ei-kesta-lisakalastusta\/"]}]},{"@type":"ImageObject","inLanguage":"en-US","@id":"https:\/\/www.victoriamedia.org\/kalastusviesti\/tenon-taimen-ei-kesta-lisakalastusta\/#primaryimage","url":"https:\/\/www.victoriamedia.org\/kalastusviesti\/wp-content\/uploads\/2014\/06\/meritaimen_panu_orell.jpg","contentUrl":"https:\/\/www.victoriamedia.org\/kalastusviesti\/wp-content\/uploads\/2014\/06\/meritaimen_panu_orell.jpg","width":550,"height":410},{"@type":"BreadcrumbList","@id":"https:\/\/www.victoriamedia.org\/kalastusviesti\/tenon-taimen-ei-kesta-lisakalastusta\/#breadcrumb","itemListElement":[{"@type":"ListItem","position":1,"name":"Home","item":"https:\/\/www.victoriamedia.org\/kalastusviesti\/"},{"@type":"ListItem","position":2,"name":"Tenon taimen ei kest\u00e4 lis\u00e4kalastusta"}]},{"@type":"WebSite","@id":"https:\/\/www.victoriamedia.org\/kalastusviesti\/#website","url":"https:\/\/www.victoriamedia.org\/kalastusviesti\/","name":"KALASTUSVIESTI","description":"","potentialAction":[{"@type":"SearchAction","target":{"@type":"EntryPoint","urlTemplate":"https:\/\/www.victoriamedia.org\/kalastusviesti\/?s={search_term_string}"},"query-input":{"@type":"PropertyValueSpecification","valueRequired":true,"valueName":"search_term_string"}}],"inLanguage":"en-US"},{"@type":"Person","@id":"https:\/\/www.victoriamedia.org\/kalastusviesti\/#\/schema\/person\/df29131d02ead3f61cdeeef5d30a6771","name":"kerttuvali","image":{"@type":"ImageObject","inLanguage":"en-US","@id":"https:\/\/secure.gravatar.com\/avatar\/62dbe1a847f655ad987c59fece23f885c4b0e7b06595c36d9597003852972217?s=96&d=mm&r=g","url":"https:\/\/secure.gravatar.com\/avatar\/62dbe1a847f655ad987c59fece23f885c4b0e7b06595c36d9597003852972217?s=96&d=mm&r=g","contentUrl":"https:\/\/secure.gravatar.com\/avatar\/62dbe1a847f655ad987c59fece23f885c4b0e7b06595c36d9597003852972217?s=96&d=mm&r=g","caption":"kerttuvali"},"url":"https:\/\/www.victoriamedia.org\/kalastusviesti\/author\/kerttuvali\/"}]}},"_links":{"self":[{"href":"https:\/\/www.victoriamedia.org\/kalastusviesti\/wp-json\/wp\/v2\/posts\/380","targetHints":{"allow":["GET"]}}],"collection":[{"href":"https:\/\/www.victoriamedia.org\/kalastusviesti\/wp-json\/wp\/v2\/posts"}],"about":[{"href":"https:\/\/www.victoriamedia.org\/kalastusviesti\/wp-json\/wp\/v2\/types\/post"}],"author":[{"embeddable":true,"href":"https:\/\/www.victoriamedia.org\/kalastusviesti\/wp-json\/wp\/v2\/users\/1"}],"replies":[{"embeddable":true,"href":"https:\/\/www.victoriamedia.org\/kalastusviesti\/wp-json\/wp\/v2\/comments?post=380"}],"version-history":[{"count":2,"href":"https:\/\/www.victoriamedia.org\/kalastusviesti\/wp-json\/wp\/v2\/posts\/380\/revisions"}],"predecessor-version":[{"id":383,"href":"https:\/\/www.victoriamedia.org\/kalastusviesti\/wp-json\/wp\/v2\/posts\/380\/revisions\/383"}],"wp:attachment":[{"href":"https:\/\/www.victoriamedia.org\/kalastusviesti\/wp-json\/wp\/v2\/media?parent=380"}],"wp:term":[{"taxonomy":"category","embeddable":true,"href":"https:\/\/www.victoriamedia.org\/kalastusviesti\/wp-json\/wp\/v2\/categories?post=380"},{"taxonomy":"post_tag","embeddable":true,"href":"https:\/\/www.victoriamedia.org\/kalastusviesti\/wp-json\/wp\/v2\/tags?post=380"}],"curies":[{"name":"wp","href":"https:\/\/api.w.org\/{rel}","templated":true}]}}