{"id":371,"date":"2014-06-03T14:52:49","date_gmt":"2014-06-03T14:52:49","guid":{"rendered":"http:\/\/www.victoriamedia.org\/kalastusviesti\/?p=371"},"modified":"2014-06-03T14:52:49","modified_gmt":"2014-06-03T14:52:49","slug":"selkameren-silakkaa-onkin-entista-vahemman","status":"publish","type":"post","link":"https:\/\/www.victoriamedia.org\/kalastusviesti\/selkameren-silakkaa-onkin-entista-vahemman\/","title":{"rendered":"Selk\u00e4meren silakkaa onkin entist\u00e4 v\u00e4hemm\u00e4n"},"content":{"rendered":"<div><a href=\"https:\/\/www.victoriamedia.org\/kalastusviesti\/wp-content\/uploads\/2014\/06\/R\u00e4im.jpg\"><img loading=\"lazy\" decoding=\"async\" class=\"alignnone size-large wp-image-372\" alt=\"R\u00e4im\" src=\"https:\/\/www.victoriamedia.org\/kalastusviesti\/wp-content\/uploads\/2014\/06\/R\u00e4im-1024x682.jpg\" width=\"640\" height=\"426\" srcset=\"https:\/\/www.victoriamedia.org\/kalastusviesti\/wp-content\/uploads\/2014\/06\/R\u00e4im-1024x682.jpg 1024w, https:\/\/www.victoriamedia.org\/kalastusviesti\/wp-content\/uploads\/2014\/06\/R\u00e4im-300x200.jpg 300w, https:\/\/www.victoriamedia.org\/kalastusviesti\/wp-content\/uploads\/2014\/06\/R\u00e4im.jpg 1200w\" sizes=\"auto, (max-width: 640px) 100vw, 640px\" \/><\/a><\/div>\n<div><\/div>\n<div><em>Kuva:\u00a0Olev Mihkelmaa\/ Wikipedia<\/em><\/div>\n<div>Selk\u00e4meren silakkakannan biomassa on uusimpien arvioiden mukaan pienentynyt alle kolmannekseen siit\u00e4, mit\u00e4 se oli 1970-luvun lopussa.<\/div>\n<div>\n<p>Selk\u00e4meren silakkakanta on pienentynyt enemm\u00e4n kuin aiemmin on luultu. V\u00e4heneminen k\u00e4ynnistyi jo 1980-luvulla, jolloin Suomenlahden aiemmin runsaat silakkakannat heikentyiv\u00e4t ja Suomenlahden silakkalaivasto siirtyi p\u00e4\u00e4osin Selk\u00e4merelle.<\/p>\n<p>\u2013 Laivaston siirtymist\u00e4 vauhditti Suomenlahden ja It\u00e4meren p\u00e4\u00e4altaan silakan kasvun hidastuminen, jolloin fileerauskoneeseen sopivaa silakkaa l\u00f6ytyi selv\u00e4sti entist\u00e4 v\u00e4hemm\u00e4n. Kookkaan silakan saalisosuus Suomenlahdella pienenikin kymmeness\u00e4 vuodessa noin nelj\u00e4sosaan 1980-luvun lopun tasosta, toteaa kalastusbiologian professori Sakari Kuikka Helsingin yliopistosta.<\/p>\n<p>My\u00f6s silakan kilohinta putosi, mik\u00e4 edelleen heikensi kalastajien tulotasoa kalastustuntia kohden. Pudotusta kompensoitiin siirtym\u00e4ll\u00e4 Selk\u00e4merelle tihe\u00e4mpien ja kookkaampia kaloja sis\u00e4lt\u00e4vien silakkaparvien pariin. Kannattavuutta parannettiin my\u00f6s kookkaammilla trooleilla.<\/p>\n<p>\u2013 Suuri kalastustehon lis\u00e4ys pienensi silakan biomassaa Selk\u00e4merell\u00e4, eik\u00e4 uusimpien kanta-arviomalliemme mukaan kanta ole t\u00e4ysin toipunut siit\u00e4, Sakari Kuikka sanoo.<\/p>\n<p>Kanta-arviomalleissa yhdistet\u00e4\u00e4n biologista tietoa aiempaa monipuolisemmin ja realistisemmin matemaattiseen mallinnukseen. My\u00f6s monet havaintomenetelm\u00e4t, kuten kaikuluotaus, ovat kehittyneet.<\/p>\n<p><strong>Silakka ja lohi kytk\u00f6ksiss\u00e4<\/strong><\/p>\n<p>Uusimmat tulokset osoittavat, ett\u00e4 silakan poikasm\u00e4\u00e4rien ja mereen p\u00e4\u00e4tyvien lohenpoikasten eloonj\u00e4\u00e4nnin v\u00e4lill\u00e4 on yhteys.<\/p>\n<p>Silakan pienpoikasten m\u00e4\u00e4r\u00e4 m\u00e4\u00e4r\u00e4ytyy sen mukaan, kuinka paljon kannassa on kutevia emoja kev\u00e4isin. Mereen vaeltavat lohenpoikaset siirtyv\u00e4t kalanpoikasten sy\u00f6ntiin pian mereen p\u00e4\u00e4sty\u00e4\u00e4n, ja silakka muodostaa ison osan lohen ravinnosta jo niiden ensimm\u00e4isen merivuoden aikana. N\u00e4in ollen silakan kalastus ja sen s\u00e4\u00e4tely heijastuvat siihen, kuinka hyvin lohikannat elpyv\u00e4t.<\/p>\n<p>\u2013 Erityisesti pienet lohikannat, kuten Simojoen lohi, eiv\u00e4t kest\u00e4 nykyist\u00e4 suurempaa kuolleisuutta. Kuolleisuutta voivat lis\u00e4t\u00e4 ep\u00e4suotuisat muutokset meren tai jokialueen ymp\u00e4rist\u00f6ss\u00e4. N\u00e4ihin tekij\u00f6ihin ei yleens\u00e4 voida vaikuttaa, joten kantojen toipuminen edellytt\u00e4\u00e4 lohikantojen kalastuskuolevuuden pienent\u00e4mist\u00e4, Sakari Kuikka toteaa.<\/p>\n<p>Uusia malleja kalakantojen arviointiin on kehitetty Helsingin yliopiston koordinoimassa ECOKNOWS-hankkeessa, jossa on ollut mukana kolmetoista partneria kymmenest\u00e4 eri maasta. Hanke alkoi vuonna 2010 ja p\u00e4\u00e4ttyy kuluvan vuoden elokuussa. Hankkeen loppuseminaari pidet\u00e4\u00e4n\u00a0<a href=\"http:\/\/www.ices-ecoknows.eu\/\">Porvoossa 2.\u20134.6<\/a>. Hanketta rahoittaa EU:n seitsem\u00e4s puiteohjelma.<\/p>\n<\/div>\n","protected":false},"excerpt":{"rendered":"<p>Kuva:\u00a0Olev Mihkelmaa\/ Wikipedia Selk\u00e4meren silakkakannan biomassa on uusimpien arvioiden mukaan pienentynyt alle kolmannekseen siit\u00e4, mit\u00e4 se oli 1970-luvun lopussa. Selk\u00e4meren silakkakanta on pienentynyt enemm\u00e4n kuin aiemmin on luultu. V\u00e4heneminen k\u00e4ynnistyi jo 1980-luvulla, jolloin Suomenlahden aiemmin runsaat silakkakannat heikentyiv\u00e4t ja Suomenlahden silakkalaivasto siirtyi p\u00e4\u00e4osin Selk\u00e4merelle. \u2013 Laivaston siirtymist\u00e4 vauhditti Suomenlahden ja It\u00e4meren p\u00e4\u00e4altaan silakan kasvun hidastuminen, [&hellip;]<\/p>\n","protected":false},"author":1,"featured_media":0,"comment_status":"closed","ping_status":"closed","sticky":false,"template":"","format":"standard","meta":{"footnotes":""},"categories":[14],"tags":[],"class_list":["post-371","post","type-post","status-publish","format-standard","hentry","category-silakka","eq-blocks"],"yoast_head":"<!-- This site is optimized with the Yoast SEO plugin v27.5 - https:\/\/yoast.com\/product\/yoast-seo-wordpress\/ -->\n<title>Selk\u00e4meren silakkaa onkin entist\u00e4 v\u00e4hemm\u00e4n - KALASTUSVIESTI<\/title>\n<meta name=\"robots\" content=\"index, follow, max-snippet:-1, max-image-preview:large, max-video-preview:-1\" \/>\n<link rel=\"canonical\" href=\"https:\/\/www.victoriamedia.org\/kalastusviesti\/selkameren-silakkaa-onkin-entista-vahemman\/\" \/>\n<meta property=\"og:locale\" content=\"en_US\" \/>\n<meta property=\"og:type\" content=\"article\" \/>\n<meta property=\"og:title\" content=\"Selk\u00e4meren silakkaa onkin entist\u00e4 v\u00e4hemm\u00e4n - KALASTUSVIESTI\" \/>\n<meta property=\"og:description\" content=\"Kuva:\u00a0Olev Mihkelmaa\/ Wikipedia Selk\u00e4meren silakkakannan biomassa on uusimpien arvioiden mukaan pienentynyt alle kolmannekseen siit\u00e4, mit\u00e4 se oli 1970-luvun lopussa. Selk\u00e4meren silakkakanta on pienentynyt enemm\u00e4n kuin aiemmin on luultu. V\u00e4heneminen k\u00e4ynnistyi jo 1980-luvulla, jolloin Suomenlahden aiemmin runsaat silakkakannat heikentyiv\u00e4t ja Suomenlahden silakkalaivasto siirtyi p\u00e4\u00e4osin Selk\u00e4merelle. \u2013 Laivaston siirtymist\u00e4 vauhditti Suomenlahden ja It\u00e4meren p\u00e4\u00e4altaan silakan kasvun hidastuminen, [&hellip;]\" \/>\n<meta property=\"og:url\" content=\"https:\/\/www.victoriamedia.org\/kalastusviesti\/selkameren-silakkaa-onkin-entista-vahemman\/\" \/>\n<meta property=\"og:site_name\" content=\"KALASTUSVIESTI\" \/>\n<meta property=\"article:publisher\" content=\"https:\/\/www.facebook.com\/Kalastusviesti\" \/>\n<meta property=\"article:published_time\" content=\"2014-06-03T14:52:49+00:00\" \/>\n<meta name=\"author\" content=\"kerttuvali\" \/>\n<meta name=\"twitter:card\" content=\"summary_large_image\" \/>\n<meta name=\"twitter:creator\" content=\"@kalastusuutiset\" \/>\n<meta name=\"twitter:site\" content=\"@kalastusuutiset\" \/>\n<meta name=\"twitter:label1\" content=\"Written by\" \/>\n\t<meta name=\"twitter:data1\" content=\"kerttuvali\" \/>\n\t<meta name=\"twitter:label2\" content=\"Est. reading time\" \/>\n\t<meta name=\"twitter:data2\" content=\"2 minutes\" \/>\n<script type=\"application\/ld+json\" class=\"yoast-schema-graph\">{\"@context\":\"https:\\\/\\\/schema.org\",\"@graph\":[{\"@type\":\"Article\",\"@id\":\"https:\\\/\\\/www.victoriamedia.org\\\/kalastusviesti\\\/selkameren-silakkaa-onkin-entista-vahemman\\\/#article\",\"isPartOf\":{\"@id\":\"https:\\\/\\\/www.victoriamedia.org\\\/kalastusviesti\\\/selkameren-silakkaa-onkin-entista-vahemman\\\/\"},\"author\":{\"name\":\"kerttuvali\",\"@id\":\"https:\\\/\\\/www.victoriamedia.org\\\/kalastusviesti\\\/#\\\/schema\\\/person\\\/df29131d02ead3f61cdeeef5d30a6771\"},\"headline\":\"Selk\u00e4meren silakkaa onkin entist\u00e4 v\u00e4hemm\u00e4n\",\"datePublished\":\"2014-06-03T14:52:49+00:00\",\"mainEntityOfPage\":{\"@id\":\"https:\\\/\\\/www.victoriamedia.org\\\/kalastusviesti\\\/selkameren-silakkaa-onkin-entista-vahemman\\\/\"},\"wordCount\":347,\"articleSection\":[\"Silakka\"],\"inLanguage\":\"en-US\"},{\"@type\":\"WebPage\",\"@id\":\"https:\\\/\\\/www.victoriamedia.org\\\/kalastusviesti\\\/selkameren-silakkaa-onkin-entista-vahemman\\\/\",\"url\":\"https:\\\/\\\/www.victoriamedia.org\\\/kalastusviesti\\\/selkameren-silakkaa-onkin-entista-vahemman\\\/\",\"name\":\"Selk\u00e4meren silakkaa onkin entist\u00e4 v\u00e4hemm\u00e4n - KALASTUSVIESTI\",\"isPartOf\":{\"@id\":\"https:\\\/\\\/www.victoriamedia.org\\\/kalastusviesti\\\/#website\"},\"datePublished\":\"2014-06-03T14:52:49+00:00\",\"author\":{\"@id\":\"https:\\\/\\\/www.victoriamedia.org\\\/kalastusviesti\\\/#\\\/schema\\\/person\\\/df29131d02ead3f61cdeeef5d30a6771\"},\"breadcrumb\":{\"@id\":\"https:\\\/\\\/www.victoriamedia.org\\\/kalastusviesti\\\/selkameren-silakkaa-onkin-entista-vahemman\\\/#breadcrumb\"},\"inLanguage\":\"en-US\",\"potentialAction\":[{\"@type\":\"ReadAction\",\"target\":[\"https:\\\/\\\/www.victoriamedia.org\\\/kalastusviesti\\\/selkameren-silakkaa-onkin-entista-vahemman\\\/\"]}]},{\"@type\":\"BreadcrumbList\",\"@id\":\"https:\\\/\\\/www.victoriamedia.org\\\/kalastusviesti\\\/selkameren-silakkaa-onkin-entista-vahemman\\\/#breadcrumb\",\"itemListElement\":[{\"@type\":\"ListItem\",\"position\":1,\"name\":\"Home\",\"item\":\"https:\\\/\\\/www.victoriamedia.org\\\/kalastusviesti\\\/\"},{\"@type\":\"ListItem\",\"position\":2,\"name\":\"Selk\u00e4meren silakkaa onkin entist\u00e4 v\u00e4hemm\u00e4n\"}]},{\"@type\":\"WebSite\",\"@id\":\"https:\\\/\\\/www.victoriamedia.org\\\/kalastusviesti\\\/#website\",\"url\":\"https:\\\/\\\/www.victoriamedia.org\\\/kalastusviesti\\\/\",\"name\":\"KALASTUSVIESTI\",\"description\":\"\",\"potentialAction\":[{\"@type\":\"SearchAction\",\"target\":{\"@type\":\"EntryPoint\",\"urlTemplate\":\"https:\\\/\\\/www.victoriamedia.org\\\/kalastusviesti\\\/?s={search_term_string}\"},\"query-input\":{\"@type\":\"PropertyValueSpecification\",\"valueRequired\":true,\"valueName\":\"search_term_string\"}}],\"inLanguage\":\"en-US\"},{\"@type\":\"Person\",\"@id\":\"https:\\\/\\\/www.victoriamedia.org\\\/kalastusviesti\\\/#\\\/schema\\\/person\\\/df29131d02ead3f61cdeeef5d30a6771\",\"name\":\"kerttuvali\",\"image\":{\"@type\":\"ImageObject\",\"inLanguage\":\"en-US\",\"@id\":\"https:\\\/\\\/secure.gravatar.com\\\/avatar\\\/62dbe1a847f655ad987c59fece23f885c4b0e7b06595c36d9597003852972217?s=96&d=mm&r=g\",\"url\":\"https:\\\/\\\/secure.gravatar.com\\\/avatar\\\/62dbe1a847f655ad987c59fece23f885c4b0e7b06595c36d9597003852972217?s=96&d=mm&r=g\",\"contentUrl\":\"https:\\\/\\\/secure.gravatar.com\\\/avatar\\\/62dbe1a847f655ad987c59fece23f885c4b0e7b06595c36d9597003852972217?s=96&d=mm&r=g\",\"caption\":\"kerttuvali\"},\"url\":\"https:\\\/\\\/www.victoriamedia.org\\\/kalastusviesti\\\/author\\\/kerttuvali\\\/\"}]}<\/script>\n<!-- \/ Yoast SEO plugin. -->","yoast_head_json":{"title":"Selk\u00e4meren silakkaa onkin entist\u00e4 v\u00e4hemm\u00e4n - KALASTUSVIESTI","robots":{"index":"index","follow":"follow","max-snippet":"max-snippet:-1","max-image-preview":"max-image-preview:large","max-video-preview":"max-video-preview:-1"},"canonical":"https:\/\/www.victoriamedia.org\/kalastusviesti\/selkameren-silakkaa-onkin-entista-vahemman\/","og_locale":"en_US","og_type":"article","og_title":"Selk\u00e4meren silakkaa onkin entist\u00e4 v\u00e4hemm\u00e4n - KALASTUSVIESTI","og_description":"Kuva:\u00a0Olev Mihkelmaa\/ Wikipedia Selk\u00e4meren silakkakannan biomassa on uusimpien arvioiden mukaan pienentynyt alle kolmannekseen siit\u00e4, mit\u00e4 se oli 1970-luvun lopussa. Selk\u00e4meren silakkakanta on pienentynyt enemm\u00e4n kuin aiemmin on luultu. V\u00e4heneminen k\u00e4ynnistyi jo 1980-luvulla, jolloin Suomenlahden aiemmin runsaat silakkakannat heikentyiv\u00e4t ja Suomenlahden silakkalaivasto siirtyi p\u00e4\u00e4osin Selk\u00e4merelle. \u2013 Laivaston siirtymist\u00e4 vauhditti Suomenlahden ja It\u00e4meren p\u00e4\u00e4altaan silakan kasvun hidastuminen, [&hellip;]","og_url":"https:\/\/www.victoriamedia.org\/kalastusviesti\/selkameren-silakkaa-onkin-entista-vahemman\/","og_site_name":"KALASTUSVIESTI","article_publisher":"https:\/\/www.facebook.com\/Kalastusviesti","article_published_time":"2014-06-03T14:52:49+00:00","author":"kerttuvali","twitter_card":"summary_large_image","twitter_creator":"@kalastusuutiset","twitter_site":"@kalastusuutiset","twitter_misc":{"Written by":"kerttuvali","Est. reading time":"2 minutes"},"schema":{"@context":"https:\/\/schema.org","@graph":[{"@type":"Article","@id":"https:\/\/www.victoriamedia.org\/kalastusviesti\/selkameren-silakkaa-onkin-entista-vahemman\/#article","isPartOf":{"@id":"https:\/\/www.victoriamedia.org\/kalastusviesti\/selkameren-silakkaa-onkin-entista-vahemman\/"},"author":{"name":"kerttuvali","@id":"https:\/\/www.victoriamedia.org\/kalastusviesti\/#\/schema\/person\/df29131d02ead3f61cdeeef5d30a6771"},"headline":"Selk\u00e4meren silakkaa onkin entist\u00e4 v\u00e4hemm\u00e4n","datePublished":"2014-06-03T14:52:49+00:00","mainEntityOfPage":{"@id":"https:\/\/www.victoriamedia.org\/kalastusviesti\/selkameren-silakkaa-onkin-entista-vahemman\/"},"wordCount":347,"articleSection":["Silakka"],"inLanguage":"en-US"},{"@type":"WebPage","@id":"https:\/\/www.victoriamedia.org\/kalastusviesti\/selkameren-silakkaa-onkin-entista-vahemman\/","url":"https:\/\/www.victoriamedia.org\/kalastusviesti\/selkameren-silakkaa-onkin-entista-vahemman\/","name":"Selk\u00e4meren silakkaa onkin entist\u00e4 v\u00e4hemm\u00e4n - KALASTUSVIESTI","isPartOf":{"@id":"https:\/\/www.victoriamedia.org\/kalastusviesti\/#website"},"datePublished":"2014-06-03T14:52:49+00:00","author":{"@id":"https:\/\/www.victoriamedia.org\/kalastusviesti\/#\/schema\/person\/df29131d02ead3f61cdeeef5d30a6771"},"breadcrumb":{"@id":"https:\/\/www.victoriamedia.org\/kalastusviesti\/selkameren-silakkaa-onkin-entista-vahemman\/#breadcrumb"},"inLanguage":"en-US","potentialAction":[{"@type":"ReadAction","target":["https:\/\/www.victoriamedia.org\/kalastusviesti\/selkameren-silakkaa-onkin-entista-vahemman\/"]}]},{"@type":"BreadcrumbList","@id":"https:\/\/www.victoriamedia.org\/kalastusviesti\/selkameren-silakkaa-onkin-entista-vahemman\/#breadcrumb","itemListElement":[{"@type":"ListItem","position":1,"name":"Home","item":"https:\/\/www.victoriamedia.org\/kalastusviesti\/"},{"@type":"ListItem","position":2,"name":"Selk\u00e4meren silakkaa onkin entist\u00e4 v\u00e4hemm\u00e4n"}]},{"@type":"WebSite","@id":"https:\/\/www.victoriamedia.org\/kalastusviesti\/#website","url":"https:\/\/www.victoriamedia.org\/kalastusviesti\/","name":"KALASTUSVIESTI","description":"","potentialAction":[{"@type":"SearchAction","target":{"@type":"EntryPoint","urlTemplate":"https:\/\/www.victoriamedia.org\/kalastusviesti\/?s={search_term_string}"},"query-input":{"@type":"PropertyValueSpecification","valueRequired":true,"valueName":"search_term_string"}}],"inLanguage":"en-US"},{"@type":"Person","@id":"https:\/\/www.victoriamedia.org\/kalastusviesti\/#\/schema\/person\/df29131d02ead3f61cdeeef5d30a6771","name":"kerttuvali","image":{"@type":"ImageObject","inLanguage":"en-US","@id":"https:\/\/secure.gravatar.com\/avatar\/62dbe1a847f655ad987c59fece23f885c4b0e7b06595c36d9597003852972217?s=96&d=mm&r=g","url":"https:\/\/secure.gravatar.com\/avatar\/62dbe1a847f655ad987c59fece23f885c4b0e7b06595c36d9597003852972217?s=96&d=mm&r=g","contentUrl":"https:\/\/secure.gravatar.com\/avatar\/62dbe1a847f655ad987c59fece23f885c4b0e7b06595c36d9597003852972217?s=96&d=mm&r=g","caption":"kerttuvali"},"url":"https:\/\/www.victoriamedia.org\/kalastusviesti\/author\/kerttuvali\/"}]}},"_links":{"self":[{"href":"https:\/\/www.victoriamedia.org\/kalastusviesti\/wp-json\/wp\/v2\/posts\/371","targetHints":{"allow":["GET"]}}],"collection":[{"href":"https:\/\/www.victoriamedia.org\/kalastusviesti\/wp-json\/wp\/v2\/posts"}],"about":[{"href":"https:\/\/www.victoriamedia.org\/kalastusviesti\/wp-json\/wp\/v2\/types\/post"}],"author":[{"embeddable":true,"href":"https:\/\/www.victoriamedia.org\/kalastusviesti\/wp-json\/wp\/v2\/users\/1"}],"replies":[{"embeddable":true,"href":"https:\/\/www.victoriamedia.org\/kalastusviesti\/wp-json\/wp\/v2\/comments?post=371"}],"version-history":[{"count":1,"href":"https:\/\/www.victoriamedia.org\/kalastusviesti\/wp-json\/wp\/v2\/posts\/371\/revisions"}],"predecessor-version":[{"id":373,"href":"https:\/\/www.victoriamedia.org\/kalastusviesti\/wp-json\/wp\/v2\/posts\/371\/revisions\/373"}],"wp:attachment":[{"href":"https:\/\/www.victoriamedia.org\/kalastusviesti\/wp-json\/wp\/v2\/media?parent=371"}],"wp:term":[{"taxonomy":"category","embeddable":true,"href":"https:\/\/www.victoriamedia.org\/kalastusviesti\/wp-json\/wp\/v2\/categories?post=371"},{"taxonomy":"post_tag","embeddable":true,"href":"https:\/\/www.victoriamedia.org\/kalastusviesti\/wp-json\/wp\/v2\/tags?post=371"}],"curies":[{"name":"wp","href":"https:\/\/api.w.org\/{rel}","templated":true}]}}