{"id":347,"date":"2014-05-15T13:48:10","date_gmt":"2014-05-15T13:48:10","guid":{"rendered":"http:\/\/www.victoriamedia.org\/kalastusviesti\/?p=347"},"modified":"2014-05-15T13:48:10","modified_gmt":"2014-05-15T13:48:10","slug":"maa-ja-metsatalousministerio-tieto-kalan-pyyntipaivasta-nakyy-kuluttajalle-jatkossakin","status":"publish","type":"post","link":"https:\/\/www.victoriamedia.org\/kalastusviesti\/maa-ja-metsatalousministerio-tieto-kalan-pyyntipaivasta-nakyy-kuluttajalle-jatkossakin\/","title":{"rendered":"Maa- ja mets\u00e4talousministeri\u00f6: Tieto kalan pyyntip\u00e4iv\u00e4st\u00e4 n\u00e4kyy kuluttajalle jatkossakin"},"content":{"rendered":"<p><a href=\"https:\/\/www.victoriamedia.org\/kalastusviesti\/wp-content\/uploads\/2014\/05\/19000000.jpg\"><img loading=\"lazy\" decoding=\"async\" class=\"alignnone  wp-image-348\" alt=\"19000000\" src=\"https:\/\/www.victoriamedia.org\/kalastusviesti\/wp-content\/uploads\/2014\/05\/19000000.jpg\" width=\"640\" height=\"426\" srcset=\"https:\/\/www.victoriamedia.org\/kalastusviesti\/wp-content\/uploads\/2014\/05\/19000000.jpg 800w, https:\/\/www.victoriamedia.org\/kalastusviesti\/wp-content\/uploads\/2014\/05\/19000000-300x199.jpg 300w\" sizes=\"auto, (max-width: 640px) 100vw, 640px\" \/><\/a><\/p>\n<p>\u2013 Kuluttajalla on oltava oikeus saada tiet\u00e4\u00e4, miten tuoretta myynniss\u00e4 oleva kala on, sanoo maa- ja mets\u00e4talousministeri\u00f6n kansliap\u00e4\u00e4llikk\u00f6\u00a0<i>Jaana Husu-Kallio<\/i>. H\u00e4nen mukaansa tiedon saaminen voidaan varmistaa sek\u00e4 vapaaehtoiselta ett\u00e4 lains\u00e4\u00e4d\u00e4nn\u00f6n pohjalta.<\/p>\n<p>T\u00e4ll\u00e4 hetkell\u00e4 ministeri\u00f6n asetus edellytt\u00e4\u00e4, ett\u00e4 tuoreen kalan pyyntip\u00e4iv\u00e4 ilmoitetaan kaupassa. Jatkossa p\u00e4iv\u00e4ysmerkinn\u00f6ist\u00e4 s\u00e4\u00e4det\u00e4\u00e4n ensi joulukuussa voimaan tulevalla EU:n yhteisell\u00e4 elintarviketietoasetuksella ja EU:n kalastustuotteiden markkinointia koskevilla uusilla m\u00e4\u00e4r\u00e4yksill\u00e4.<\/p>\n<p>N\u00e4iden m\u00e4\u00e4r\u00e4ysten mukaan kaikkiin kalastustuotteisiin pit\u00e4\u00e4 merkit\u00e4 v\u00e4himm\u00e4iss\u00e4ilyvyysaika, mutta pyyntip\u00e4iv\u00e4n merkitseminen ei ole pakollista. EU:n m\u00e4\u00e4r\u00e4ykset sallivat vapaaehtoiset merkinn\u00e4t, joten elinkeino voi kuluttajien toiveen mukaan edelleen merkit\u00e4 pyyntip\u00e4iv\u00e4n, vaikka EU ei sit\u00e4 vaadikaan.<\/p>\n<p>Maa- ja mets\u00e4talousministeri\u00f6 aikoo nyt esitt\u00e4\u00e4 EU-asetuksen rinnalle kansallisen vaatimuksen, ett\u00e4 kalastustuotteista on edelleen ilmoitettava my\u00f6s kalan pyynti- ja nostop\u00e4iv\u00e4. Parhaillaan valmisteilla olevassa kansallisessa asetuksessa s\u00e4\u00e4det\u00e4\u00e4n, mit\u00e4 merkint\u00f6j\u00e4 pakkaamattomilta elintarvikkeilta vaaditaan.<\/p>\n<p>Ministeri\u00f6n asetusluonnos kalan pyynti- tai nostop\u00e4iv\u00e4n ilmoittamisvelvollisuudesta oli lausunnoilla viime syksyn\u00e4. Saaduissa lausunnoissa ilmoittamisvelvollisuuden poistoa sek\u00e4 kannatettiin ett\u00e4 vastustettiin ja sen mahdollisesta jatkosta keskusteltiin pari kuukautta sitten ministeri\u00f6n j\u00e4rjest\u00e4m\u00e4ss\u00e4 tilaisuudessa.<\/p>\n<p>Kansliap\u00e4\u00e4llikk\u00f6 Husu-Kallio korostaa, ett\u00e4 vastuu myyt\u00e4v\u00e4n kalan laadusta ja turvallisuudesta on aina ensisijassa elinkeinolla, jonka on varmistettava, ett\u00e4 kala on moitteetonta koko myyntiaikansa, olipa se pakattua tai irtokalaa.<\/p>\n<p>\u2013 On ilahduttavaa, ett\u00e4 kotimaisen kalakaupan toimijat n\u00e4ytt\u00e4v\u00e4t vakavasti sitoutuvan t\u00e4m\u00e4n tavoitteen saavuttamiseen, h\u00e4n toteaa.<\/p>\n","protected":false},"excerpt":{"rendered":"<p>\u2013 Kuluttajalla on oltava oikeus saada tiet\u00e4\u00e4, miten tuoretta myynniss\u00e4 oleva kala on, sanoo maa- ja mets\u00e4talousministeri\u00f6n kansliap\u00e4\u00e4llikk\u00f6\u00a0Jaana Husu-Kallio. H\u00e4nen mukaansa tiedon saaminen voidaan varmistaa sek\u00e4 vapaaehtoiselta ett\u00e4 lains\u00e4\u00e4d\u00e4nn\u00f6n pohjalta. T\u00e4ll\u00e4 hetkell\u00e4 ministeri\u00f6n asetus edellytt\u00e4\u00e4, ett\u00e4 tuoreen kalan pyyntip\u00e4iv\u00e4 ilmoitetaan kaupassa. Jatkossa p\u00e4iv\u00e4ysmerkinn\u00f6ist\u00e4 s\u00e4\u00e4det\u00e4\u00e4n ensi joulukuussa voimaan tulevalla EU:n yhteisell\u00e4 elintarviketietoasetuksella ja EU:n kalastustuotteiden markkinointia [&hellip;]<\/p>\n","protected":false},"author":1,"featured_media":0,"comment_status":"closed","ping_status":"closed","sticky":false,"template":"","format":"standard","meta":{"footnotes":""},"categories":[19],"tags":[],"class_list":["post-347","post","type-post","status-publish","format-standard","hentry","category-maa-ja-metsatalousministerio","eq-blocks"],"yoast_head":"<!-- This site is optimized with the Yoast SEO plugin v27.5 - https:\/\/yoast.com\/product\/yoast-seo-wordpress\/ -->\n<title>Maa- ja mets\u00e4talousministeri\u00f6: Tieto kalan pyyntip\u00e4iv\u00e4st\u00e4 n\u00e4kyy kuluttajalle jatkossakin - KALASTUSVIESTI<\/title>\n<meta name=\"robots\" content=\"index, follow, max-snippet:-1, max-image-preview:large, max-video-preview:-1\" \/>\n<link rel=\"canonical\" href=\"https:\/\/www.victoriamedia.org\/kalastusviesti\/maa-ja-metsatalousministerio-tieto-kalan-pyyntipaivasta-nakyy-kuluttajalle-jatkossakin\/\" \/>\n<meta property=\"og:locale\" content=\"en_US\" \/>\n<meta property=\"og:type\" content=\"article\" \/>\n<meta property=\"og:title\" content=\"Maa- ja mets\u00e4talousministeri\u00f6: Tieto kalan pyyntip\u00e4iv\u00e4st\u00e4 n\u00e4kyy kuluttajalle jatkossakin - KALASTUSVIESTI\" \/>\n<meta property=\"og:description\" content=\"\u2013 Kuluttajalla on oltava oikeus saada tiet\u00e4\u00e4, miten tuoretta myynniss\u00e4 oleva kala on, sanoo maa- ja mets\u00e4talousministeri\u00f6n kansliap\u00e4\u00e4llikk\u00f6\u00a0Jaana Husu-Kallio. H\u00e4nen mukaansa tiedon saaminen voidaan varmistaa sek\u00e4 vapaaehtoiselta ett\u00e4 lains\u00e4\u00e4d\u00e4nn\u00f6n pohjalta. T\u00e4ll\u00e4 hetkell\u00e4 ministeri\u00f6n asetus edellytt\u00e4\u00e4, ett\u00e4 tuoreen kalan pyyntip\u00e4iv\u00e4 ilmoitetaan kaupassa. Jatkossa p\u00e4iv\u00e4ysmerkinn\u00f6ist\u00e4 s\u00e4\u00e4det\u00e4\u00e4n ensi joulukuussa voimaan tulevalla EU:n yhteisell\u00e4 elintarviketietoasetuksella ja EU:n kalastustuotteiden markkinointia [&hellip;]\" \/>\n<meta property=\"og:url\" content=\"https:\/\/www.victoriamedia.org\/kalastusviesti\/maa-ja-metsatalousministerio-tieto-kalan-pyyntipaivasta-nakyy-kuluttajalle-jatkossakin\/\" \/>\n<meta property=\"og:site_name\" content=\"KALASTUSVIESTI\" \/>\n<meta property=\"article:publisher\" content=\"https:\/\/www.facebook.com\/Kalastusviesti\" \/>\n<meta property=\"article:published_time\" content=\"2014-05-15T13:48:10+00:00\" \/>\n<meta property=\"og:image\" content=\"http:\/\/www.victoriamedia.org\/kalastusviesti\/wp-content\/uploads\/2014\/05\/19000000.jpg\" \/>\n<meta name=\"author\" content=\"kerttuvali\" \/>\n<meta name=\"twitter:card\" content=\"summary_large_image\" \/>\n<meta name=\"twitter:creator\" content=\"@kalastusuutiset\" \/>\n<meta name=\"twitter:site\" content=\"@kalastusuutiset\" \/>\n<meta name=\"twitter:label1\" content=\"Written by\" \/>\n\t<meta name=\"twitter:data1\" content=\"kerttuvali\" \/>\n\t<meta name=\"twitter:label2\" content=\"Est. reading time\" \/>\n\t<meta name=\"twitter:data2\" content=\"1 minute\" \/>\n<script type=\"application\/ld+json\" class=\"yoast-schema-graph\">{\"@context\":\"https:\\\/\\\/schema.org\",\"@graph\":[{\"@type\":\"Article\",\"@id\":\"https:\\\/\\\/www.victoriamedia.org\\\/kalastusviesti\\\/maa-ja-metsatalousministerio-tieto-kalan-pyyntipaivasta-nakyy-kuluttajalle-jatkossakin\\\/#article\",\"isPartOf\":{\"@id\":\"https:\\\/\\\/www.victoriamedia.org\\\/kalastusviesti\\\/maa-ja-metsatalousministerio-tieto-kalan-pyyntipaivasta-nakyy-kuluttajalle-jatkossakin\\\/\"},\"author\":{\"name\":\"kerttuvali\",\"@id\":\"https:\\\/\\\/www.victoriamedia.org\\\/kalastusviesti\\\/#\\\/schema\\\/person\\\/df29131d02ead3f61cdeeef5d30a6771\"},\"headline\":\"Maa- ja mets\u00e4talousministeri\u00f6: Tieto kalan pyyntip\u00e4iv\u00e4st\u00e4 n\u00e4kyy kuluttajalle jatkossakin\",\"datePublished\":\"2014-05-15T13:48:10+00:00\",\"mainEntityOfPage\":{\"@id\":\"https:\\\/\\\/www.victoriamedia.org\\\/kalastusviesti\\\/maa-ja-metsatalousministerio-tieto-kalan-pyyntipaivasta-nakyy-kuluttajalle-jatkossakin\\\/\"},\"wordCount\":262,\"image\":{\"@id\":\"https:\\\/\\\/www.victoriamedia.org\\\/kalastusviesti\\\/maa-ja-metsatalousministerio-tieto-kalan-pyyntipaivasta-nakyy-kuluttajalle-jatkossakin\\\/#primaryimage\"},\"thumbnailUrl\":\"http:\\\/\\\/www.victoriamedia.org\\\/kalastusviesti\\\/wp-content\\\/uploads\\\/2014\\\/05\\\/19000000.jpg\",\"articleSection\":[\"Maa- ja mets\u00e4talousministeri\u00f6\"],\"inLanguage\":\"en-US\"},{\"@type\":\"WebPage\",\"@id\":\"https:\\\/\\\/www.victoriamedia.org\\\/kalastusviesti\\\/maa-ja-metsatalousministerio-tieto-kalan-pyyntipaivasta-nakyy-kuluttajalle-jatkossakin\\\/\",\"url\":\"https:\\\/\\\/www.victoriamedia.org\\\/kalastusviesti\\\/maa-ja-metsatalousministerio-tieto-kalan-pyyntipaivasta-nakyy-kuluttajalle-jatkossakin\\\/\",\"name\":\"Maa- ja mets\u00e4talousministeri\u00f6: Tieto kalan pyyntip\u00e4iv\u00e4st\u00e4 n\u00e4kyy kuluttajalle jatkossakin - KALASTUSVIESTI\",\"isPartOf\":{\"@id\":\"https:\\\/\\\/www.victoriamedia.org\\\/kalastusviesti\\\/#website\"},\"primaryImageOfPage\":{\"@id\":\"https:\\\/\\\/www.victoriamedia.org\\\/kalastusviesti\\\/maa-ja-metsatalousministerio-tieto-kalan-pyyntipaivasta-nakyy-kuluttajalle-jatkossakin\\\/#primaryimage\"},\"image\":{\"@id\":\"https:\\\/\\\/www.victoriamedia.org\\\/kalastusviesti\\\/maa-ja-metsatalousministerio-tieto-kalan-pyyntipaivasta-nakyy-kuluttajalle-jatkossakin\\\/#primaryimage\"},\"thumbnailUrl\":\"http:\\\/\\\/www.victoriamedia.org\\\/kalastusviesti\\\/wp-content\\\/uploads\\\/2014\\\/05\\\/19000000.jpg\",\"datePublished\":\"2014-05-15T13:48:10+00:00\",\"author\":{\"@id\":\"https:\\\/\\\/www.victoriamedia.org\\\/kalastusviesti\\\/#\\\/schema\\\/person\\\/df29131d02ead3f61cdeeef5d30a6771\"},\"breadcrumb\":{\"@id\":\"https:\\\/\\\/www.victoriamedia.org\\\/kalastusviesti\\\/maa-ja-metsatalousministerio-tieto-kalan-pyyntipaivasta-nakyy-kuluttajalle-jatkossakin\\\/#breadcrumb\"},\"inLanguage\":\"en-US\",\"potentialAction\":[{\"@type\":\"ReadAction\",\"target\":[\"https:\\\/\\\/www.victoriamedia.org\\\/kalastusviesti\\\/maa-ja-metsatalousministerio-tieto-kalan-pyyntipaivasta-nakyy-kuluttajalle-jatkossakin\\\/\"]}]},{\"@type\":\"ImageObject\",\"inLanguage\":\"en-US\",\"@id\":\"https:\\\/\\\/www.victoriamedia.org\\\/kalastusviesti\\\/maa-ja-metsatalousministerio-tieto-kalan-pyyntipaivasta-nakyy-kuluttajalle-jatkossakin\\\/#primaryimage\",\"url\":\"https:\\\/\\\/www.victoriamedia.org\\\/kalastusviesti\\\/wp-content\\\/uploads\\\/2014\\\/05\\\/19000000.jpg\",\"contentUrl\":\"https:\\\/\\\/www.victoriamedia.org\\\/kalastusviesti\\\/wp-content\\\/uploads\\\/2014\\\/05\\\/19000000.jpg\",\"width\":800,\"height\":533},{\"@type\":\"BreadcrumbList\",\"@id\":\"https:\\\/\\\/www.victoriamedia.org\\\/kalastusviesti\\\/maa-ja-metsatalousministerio-tieto-kalan-pyyntipaivasta-nakyy-kuluttajalle-jatkossakin\\\/#breadcrumb\",\"itemListElement\":[{\"@type\":\"ListItem\",\"position\":1,\"name\":\"Home\",\"item\":\"https:\\\/\\\/www.victoriamedia.org\\\/kalastusviesti\\\/\"},{\"@type\":\"ListItem\",\"position\":2,\"name\":\"Maa- ja mets\u00e4talousministeri\u00f6: Tieto kalan pyyntip\u00e4iv\u00e4st\u00e4 n\u00e4kyy kuluttajalle jatkossakin\"}]},{\"@type\":\"WebSite\",\"@id\":\"https:\\\/\\\/www.victoriamedia.org\\\/kalastusviesti\\\/#website\",\"url\":\"https:\\\/\\\/www.victoriamedia.org\\\/kalastusviesti\\\/\",\"name\":\"KALASTUSVIESTI\",\"description\":\"\",\"potentialAction\":[{\"@type\":\"SearchAction\",\"target\":{\"@type\":\"EntryPoint\",\"urlTemplate\":\"https:\\\/\\\/www.victoriamedia.org\\\/kalastusviesti\\\/?s={search_term_string}\"},\"query-input\":{\"@type\":\"PropertyValueSpecification\",\"valueRequired\":true,\"valueName\":\"search_term_string\"}}],\"inLanguage\":\"en-US\"},{\"@type\":\"Person\",\"@id\":\"https:\\\/\\\/www.victoriamedia.org\\\/kalastusviesti\\\/#\\\/schema\\\/person\\\/df29131d02ead3f61cdeeef5d30a6771\",\"name\":\"kerttuvali\",\"image\":{\"@type\":\"ImageObject\",\"inLanguage\":\"en-US\",\"@id\":\"https:\\\/\\\/secure.gravatar.com\\\/avatar\\\/62dbe1a847f655ad987c59fece23f885c4b0e7b06595c36d9597003852972217?s=96&d=mm&r=g\",\"url\":\"https:\\\/\\\/secure.gravatar.com\\\/avatar\\\/62dbe1a847f655ad987c59fece23f885c4b0e7b06595c36d9597003852972217?s=96&d=mm&r=g\",\"contentUrl\":\"https:\\\/\\\/secure.gravatar.com\\\/avatar\\\/62dbe1a847f655ad987c59fece23f885c4b0e7b06595c36d9597003852972217?s=96&d=mm&r=g\",\"caption\":\"kerttuvali\"},\"url\":\"https:\\\/\\\/www.victoriamedia.org\\\/kalastusviesti\\\/author\\\/kerttuvali\\\/\"}]}<\/script>\n<!-- \/ Yoast SEO plugin. -->","yoast_head_json":{"title":"Maa- ja mets\u00e4talousministeri\u00f6: Tieto kalan pyyntip\u00e4iv\u00e4st\u00e4 n\u00e4kyy kuluttajalle jatkossakin - KALASTUSVIESTI","robots":{"index":"index","follow":"follow","max-snippet":"max-snippet:-1","max-image-preview":"max-image-preview:large","max-video-preview":"max-video-preview:-1"},"canonical":"https:\/\/www.victoriamedia.org\/kalastusviesti\/maa-ja-metsatalousministerio-tieto-kalan-pyyntipaivasta-nakyy-kuluttajalle-jatkossakin\/","og_locale":"en_US","og_type":"article","og_title":"Maa- ja mets\u00e4talousministeri\u00f6: Tieto kalan pyyntip\u00e4iv\u00e4st\u00e4 n\u00e4kyy kuluttajalle jatkossakin - KALASTUSVIESTI","og_description":"\u2013 Kuluttajalla on oltava oikeus saada tiet\u00e4\u00e4, miten tuoretta myynniss\u00e4 oleva kala on, sanoo maa- ja mets\u00e4talousministeri\u00f6n kansliap\u00e4\u00e4llikk\u00f6\u00a0Jaana Husu-Kallio. H\u00e4nen mukaansa tiedon saaminen voidaan varmistaa sek\u00e4 vapaaehtoiselta ett\u00e4 lains\u00e4\u00e4d\u00e4nn\u00f6n pohjalta. T\u00e4ll\u00e4 hetkell\u00e4 ministeri\u00f6n asetus edellytt\u00e4\u00e4, ett\u00e4 tuoreen kalan pyyntip\u00e4iv\u00e4 ilmoitetaan kaupassa. Jatkossa p\u00e4iv\u00e4ysmerkinn\u00f6ist\u00e4 s\u00e4\u00e4det\u00e4\u00e4n ensi joulukuussa voimaan tulevalla EU:n yhteisell\u00e4 elintarviketietoasetuksella ja EU:n kalastustuotteiden markkinointia [&hellip;]","og_url":"https:\/\/www.victoriamedia.org\/kalastusviesti\/maa-ja-metsatalousministerio-tieto-kalan-pyyntipaivasta-nakyy-kuluttajalle-jatkossakin\/","og_site_name":"KALASTUSVIESTI","article_publisher":"https:\/\/www.facebook.com\/Kalastusviesti","article_published_time":"2014-05-15T13:48:10+00:00","og_image":[{"url":"http:\/\/www.victoriamedia.org\/kalastusviesti\/wp-content\/uploads\/2014\/05\/19000000.jpg","type":"","width":"","height":""}],"author":"kerttuvali","twitter_card":"summary_large_image","twitter_creator":"@kalastusuutiset","twitter_site":"@kalastusuutiset","twitter_misc":{"Written by":"kerttuvali","Est. reading time":"1 minute"},"schema":{"@context":"https:\/\/schema.org","@graph":[{"@type":"Article","@id":"https:\/\/www.victoriamedia.org\/kalastusviesti\/maa-ja-metsatalousministerio-tieto-kalan-pyyntipaivasta-nakyy-kuluttajalle-jatkossakin\/#article","isPartOf":{"@id":"https:\/\/www.victoriamedia.org\/kalastusviesti\/maa-ja-metsatalousministerio-tieto-kalan-pyyntipaivasta-nakyy-kuluttajalle-jatkossakin\/"},"author":{"name":"kerttuvali","@id":"https:\/\/www.victoriamedia.org\/kalastusviesti\/#\/schema\/person\/df29131d02ead3f61cdeeef5d30a6771"},"headline":"Maa- ja mets\u00e4talousministeri\u00f6: Tieto kalan pyyntip\u00e4iv\u00e4st\u00e4 n\u00e4kyy kuluttajalle jatkossakin","datePublished":"2014-05-15T13:48:10+00:00","mainEntityOfPage":{"@id":"https:\/\/www.victoriamedia.org\/kalastusviesti\/maa-ja-metsatalousministerio-tieto-kalan-pyyntipaivasta-nakyy-kuluttajalle-jatkossakin\/"},"wordCount":262,"image":{"@id":"https:\/\/www.victoriamedia.org\/kalastusviesti\/maa-ja-metsatalousministerio-tieto-kalan-pyyntipaivasta-nakyy-kuluttajalle-jatkossakin\/#primaryimage"},"thumbnailUrl":"http:\/\/www.victoriamedia.org\/kalastusviesti\/wp-content\/uploads\/2014\/05\/19000000.jpg","articleSection":["Maa- ja mets\u00e4talousministeri\u00f6"],"inLanguage":"en-US"},{"@type":"WebPage","@id":"https:\/\/www.victoriamedia.org\/kalastusviesti\/maa-ja-metsatalousministerio-tieto-kalan-pyyntipaivasta-nakyy-kuluttajalle-jatkossakin\/","url":"https:\/\/www.victoriamedia.org\/kalastusviesti\/maa-ja-metsatalousministerio-tieto-kalan-pyyntipaivasta-nakyy-kuluttajalle-jatkossakin\/","name":"Maa- ja mets\u00e4talousministeri\u00f6: Tieto kalan pyyntip\u00e4iv\u00e4st\u00e4 n\u00e4kyy kuluttajalle jatkossakin - KALASTUSVIESTI","isPartOf":{"@id":"https:\/\/www.victoriamedia.org\/kalastusviesti\/#website"},"primaryImageOfPage":{"@id":"https:\/\/www.victoriamedia.org\/kalastusviesti\/maa-ja-metsatalousministerio-tieto-kalan-pyyntipaivasta-nakyy-kuluttajalle-jatkossakin\/#primaryimage"},"image":{"@id":"https:\/\/www.victoriamedia.org\/kalastusviesti\/maa-ja-metsatalousministerio-tieto-kalan-pyyntipaivasta-nakyy-kuluttajalle-jatkossakin\/#primaryimage"},"thumbnailUrl":"http:\/\/www.victoriamedia.org\/kalastusviesti\/wp-content\/uploads\/2014\/05\/19000000.jpg","datePublished":"2014-05-15T13:48:10+00:00","author":{"@id":"https:\/\/www.victoriamedia.org\/kalastusviesti\/#\/schema\/person\/df29131d02ead3f61cdeeef5d30a6771"},"breadcrumb":{"@id":"https:\/\/www.victoriamedia.org\/kalastusviesti\/maa-ja-metsatalousministerio-tieto-kalan-pyyntipaivasta-nakyy-kuluttajalle-jatkossakin\/#breadcrumb"},"inLanguage":"en-US","potentialAction":[{"@type":"ReadAction","target":["https:\/\/www.victoriamedia.org\/kalastusviesti\/maa-ja-metsatalousministerio-tieto-kalan-pyyntipaivasta-nakyy-kuluttajalle-jatkossakin\/"]}]},{"@type":"ImageObject","inLanguage":"en-US","@id":"https:\/\/www.victoriamedia.org\/kalastusviesti\/maa-ja-metsatalousministerio-tieto-kalan-pyyntipaivasta-nakyy-kuluttajalle-jatkossakin\/#primaryimage","url":"https:\/\/www.victoriamedia.org\/kalastusviesti\/wp-content\/uploads\/2014\/05\/19000000.jpg","contentUrl":"https:\/\/www.victoriamedia.org\/kalastusviesti\/wp-content\/uploads\/2014\/05\/19000000.jpg","width":800,"height":533},{"@type":"BreadcrumbList","@id":"https:\/\/www.victoriamedia.org\/kalastusviesti\/maa-ja-metsatalousministerio-tieto-kalan-pyyntipaivasta-nakyy-kuluttajalle-jatkossakin\/#breadcrumb","itemListElement":[{"@type":"ListItem","position":1,"name":"Home","item":"https:\/\/www.victoriamedia.org\/kalastusviesti\/"},{"@type":"ListItem","position":2,"name":"Maa- ja mets\u00e4talousministeri\u00f6: Tieto kalan pyyntip\u00e4iv\u00e4st\u00e4 n\u00e4kyy kuluttajalle jatkossakin"}]},{"@type":"WebSite","@id":"https:\/\/www.victoriamedia.org\/kalastusviesti\/#website","url":"https:\/\/www.victoriamedia.org\/kalastusviesti\/","name":"KALASTUSVIESTI","description":"","potentialAction":[{"@type":"SearchAction","target":{"@type":"EntryPoint","urlTemplate":"https:\/\/www.victoriamedia.org\/kalastusviesti\/?s={search_term_string}"},"query-input":{"@type":"PropertyValueSpecification","valueRequired":true,"valueName":"search_term_string"}}],"inLanguage":"en-US"},{"@type":"Person","@id":"https:\/\/www.victoriamedia.org\/kalastusviesti\/#\/schema\/person\/df29131d02ead3f61cdeeef5d30a6771","name":"kerttuvali","image":{"@type":"ImageObject","inLanguage":"en-US","@id":"https:\/\/secure.gravatar.com\/avatar\/62dbe1a847f655ad987c59fece23f885c4b0e7b06595c36d9597003852972217?s=96&d=mm&r=g","url":"https:\/\/secure.gravatar.com\/avatar\/62dbe1a847f655ad987c59fece23f885c4b0e7b06595c36d9597003852972217?s=96&d=mm&r=g","contentUrl":"https:\/\/secure.gravatar.com\/avatar\/62dbe1a847f655ad987c59fece23f885c4b0e7b06595c36d9597003852972217?s=96&d=mm&r=g","caption":"kerttuvali"},"url":"https:\/\/www.victoriamedia.org\/kalastusviesti\/author\/kerttuvali\/"}]}},"_links":{"self":[{"href":"https:\/\/www.victoriamedia.org\/kalastusviesti\/wp-json\/wp\/v2\/posts\/347","targetHints":{"allow":["GET"]}}],"collection":[{"href":"https:\/\/www.victoriamedia.org\/kalastusviesti\/wp-json\/wp\/v2\/posts"}],"about":[{"href":"https:\/\/www.victoriamedia.org\/kalastusviesti\/wp-json\/wp\/v2\/types\/post"}],"author":[{"embeddable":true,"href":"https:\/\/www.victoriamedia.org\/kalastusviesti\/wp-json\/wp\/v2\/users\/1"}],"replies":[{"embeddable":true,"href":"https:\/\/www.victoriamedia.org\/kalastusviesti\/wp-json\/wp\/v2\/comments?post=347"}],"version-history":[{"count":1,"href":"https:\/\/www.victoriamedia.org\/kalastusviesti\/wp-json\/wp\/v2\/posts\/347\/revisions"}],"predecessor-version":[{"id":349,"href":"https:\/\/www.victoriamedia.org\/kalastusviesti\/wp-json\/wp\/v2\/posts\/347\/revisions\/349"}],"wp:attachment":[{"href":"https:\/\/www.victoriamedia.org\/kalastusviesti\/wp-json\/wp\/v2\/media?parent=347"}],"wp:term":[{"taxonomy":"category","embeddable":true,"href":"https:\/\/www.victoriamedia.org\/kalastusviesti\/wp-json\/wp\/v2\/categories?post=347"},{"taxonomy":"post_tag","embeddable":true,"href":"https:\/\/www.victoriamedia.org\/kalastusviesti\/wp-json\/wp\/v2\/tags?post=347"}],"curies":[{"name":"wp","href":"https:\/\/api.w.org\/{rel}","templated":true}]}}