{"id":337,"date":"2014-05-15T10:59:00","date_gmt":"2014-05-15T10:59:00","guid":{"rendered":"http:\/\/www.victoriamedia.org\/kalastusviesti\/?p=337"},"modified":"2014-05-15T10:59:00","modified_gmt":"2014-05-15T10:59:00","slug":"paivittaistavarakauppa-ry-kalan-pyyntipaivamerkinta-on-sailytettava-tieto-on-kuluttajille-tarkea","status":"publish","type":"post","link":"https:\/\/www.victoriamedia.org\/kalastusviesti\/paivittaistavarakauppa-ry-kalan-pyyntipaivamerkinta-on-sailytettava-tieto-on-kuluttajille-tarkea\/","title":{"rendered":"P\u00c4IVITT\u00c4ISTAVARAKAUPPA RY: Kalan pyyntip\u00e4iv\u00e4merkint\u00e4 on s\u00e4ilytett\u00e4v\u00e4 &#8211; tieto on kuluttajille t\u00e4rke\u00e4"},"content":{"rendered":"<p><a href=\"https:\/\/www.victoriamedia.org\/kalastusviesti\/wp-content\/uploads\/2014\/05\/kauppa_haluaa_sailyttaa_kalan_pyyntiajankohdan_ilmoittamisen_pakollisena_articleimage_2010.jpg\"><img loading=\"lazy\" decoding=\"async\" class=\"alignnone size-full wp-image-338\" alt=\"kauppa_haluaa_sailyttaa_kalan_pyyntiajankohdan_ilmoittamisen_pakollisena_articleimage_2010\" src=\"https:\/\/www.victoriamedia.org\/kalastusviesti\/wp-content\/uploads\/2014\/05\/kauppa_haluaa_sailyttaa_kalan_pyyntiajankohdan_ilmoittamisen_pakollisena_articleimage_2010.jpg\" width=\"484\" height=\"321\" srcset=\"https:\/\/www.victoriamedia.org\/kalastusviesti\/wp-content\/uploads\/2014\/05\/kauppa_haluaa_sailyttaa_kalan_pyyntiajankohdan_ilmoittamisen_pakollisena_articleimage_2010.jpg 484w, https:\/\/www.victoriamedia.org\/kalastusviesti\/wp-content\/uploads\/2014\/05\/kauppa_haluaa_sailyttaa_kalan_pyyntiajankohdan_ilmoittamisen_pakollisena_articleimage_2010-300x198.jpg 300w\" sizes=\"auto, (max-width: 484px) 100vw, 484px\" \/><\/a><\/p>\n<p>Maa- ja mets\u00e4talousministeri\u00f6 valmistelee kalan pyynti- ja nostop\u00e4iv\u00e4merkint\u00e4velvoitteen poistamista. Pyynti- ja nostop\u00e4iv\u00e4 on ollut kuluttajille t\u00e4rke\u00e4 tieto ja mahdollistanut kalan tuoreuden arvioinnin.<\/p>\n<p>Merkint\u00e4velvoitteen poistuminen ja sen korvaaminen viimeinen k\u00e4ytt\u00f6p\u00e4iv\u00e4 -merkinn\u00e4ll\u00e4 heikent\u00e4\u00e4 merkitt\u00e4v\u00e4sti kuluttajien tiedonsaantimahdollisuutta. Suomen Kalankasvattajaliitto ry:n, P\u00e4ivitt\u00e4istavarakauppa ry:n, Kalatalouden keskusliiton, Ruotsinkielisten maataloustuottajien keskusliiton, Maataloustuottajien keskusliiton ja Kuluttajaliitto ry:n yhteinen n\u00e4kemys onkin, ett\u00e4 pyynti- ja nostop\u00e4iv\u00e4merkint\u00e4velvoite kaiken myyt\u00e4v\u00e4n kalan osalta on s\u00e4ilytett\u00e4v\u00e4.<\/p>\n<p>Maa- ja mets\u00e4talousministeri\u00f6n julkisuudessa esitetyn kannan mukaan tieto tuoreen kalan viimeisest\u00e4 k\u00e4ytt\u00f6p\u00e4iv\u00e4st\u00e4 riitt\u00e4\u00e4 kuluttajille. Muutoksen my\u00f6t\u00e4 kuluttajalle ei en\u00e4\u00e4 tarvitsisi ilmoittaa milloin kala on pyydetty tai nostettu merest\u00e4, joten tieto kalan tuoreudesta h\u00e4vi\u00e4\u00e4. Ministeri\u00f6 perustelee ratkaisua sill\u00e4, ett\u00e4 tuorekalatuotteisiin merkit\u00e4\u00e4n ensivuoden alusta EU-lains\u00e4\u00e4d\u00e4nn\u00f6st\u00e4 johtuvan elintarviketietoasetuksen muutoksen my\u00f6t\u00e4 vain viimeinen k\u00e4ytt\u00f6p\u00e4iv\u00e4 tai parasta ennen -p\u00e4iv\u00e4ys.<\/p>\n<p><b>Vain pyyntip\u00e4iv\u00e4 kertoo kuluttajalle kalan tuoreudesta<\/b><\/p>\n<p>Viimeinen k\u00e4ytt\u00f6p\u00e4iv\u00e4 tai parasta ennen -p\u00e4iv\u00e4 ei kerro mit\u00e4\u00e4n kalan tuoreudesta tavalliselle kuluttajalle. Kalan matka kauppaan ja kuluttajan ruokalautaselle kest\u00e4\u00e4 joskus useita p\u00e4ivi\u00e4. Ongelmaksi muodostuu se, miten kalan s\u00e4ilyvyys m\u00e4\u00e4ritell\u00e4\u00e4n, kuka toimijoista sen tekee ja miten tieto kulkee kuluttajalle asti.<\/p>\n<p>&#8211; Kauppa vastustaa ministeri\u00f6n aikeita ilmoituspakon poistamisesta. Haluamme aina ilmoittaa pyynti- tai nostop\u00e4iv\u00e4n asiakkaillemme. Vain pyynti- tai nostop\u00e4iv\u00e4 kertoo kalan tuoreudesta. Toivomme, ett\u00e4 saamme sen tiedon lakis\u00e4\u00e4teisesti edelliselt\u00e4 portaalta, P\u00e4ivitt\u00e4istavarakauppa ry:n asiantuntija\u00a0<b>Anna Salminen<\/b>\u00a0painottaa.<\/p>\n<p>P\u00e4iv\u00e4ysmerkint\u00f6jen t\u00e4rkein teht\u00e4v\u00e4 on varmistaa kuluttajalle oikea tieto myyt\u00e4v\u00e4n tuotteen tuoreudesta. Tiedon pyynti- tai nostop\u00e4iv\u00e4st\u00e4 on tultava oikeana, muuttumattomana ja katkeamattomana kuluttajalle asti. Se, ett\u00e4 myyt\u00e4viin kaloihin lis\u00e4t\u00e4\u00e4n my\u00f6s viimeinen k\u00e4ytt\u00f6p\u00e4iv\u00e4, ei muuta kuluttajan tarvetta saada oikea tieto my\u00f6s pyynti- ja nostop\u00e4iv\u00e4st\u00e4. Lains\u00e4\u00e4d\u00e4nt\u00f6\u00e4 on nyt muutettava siten, ett\u00e4 kuluttajan oikeus saada tieto kalan pyynti- tai nostop\u00e4iv\u00e4st\u00e4 on aina varmistettu.<\/p>\n","protected":false},"excerpt":{"rendered":"<p>Maa- ja mets\u00e4talousministeri\u00f6 valmistelee kalan pyynti- ja nostop\u00e4iv\u00e4merkint\u00e4velvoitteen poistamista. Pyynti- ja nostop\u00e4iv\u00e4 on ollut kuluttajille t\u00e4rke\u00e4 tieto ja mahdollistanut kalan tuoreuden arvioinnin. Merkint\u00e4velvoitteen poistuminen ja sen korvaaminen viimeinen k\u00e4ytt\u00f6p\u00e4iv\u00e4 -merkinn\u00e4ll\u00e4 heikent\u00e4\u00e4 merkitt\u00e4v\u00e4sti kuluttajien tiedonsaantimahdollisuutta. Suomen Kalankasvattajaliitto ry:n, P\u00e4ivitt\u00e4istavarakauppa ry:n, Kalatalouden keskusliiton, Ruotsinkielisten maataloustuottajien keskusliiton, Maataloustuottajien keskusliiton ja Kuluttajaliitto ry:n yhteinen n\u00e4kemys onkin, ett\u00e4 pyynti- ja [&hellip;]<\/p>\n","protected":false},"author":1,"featured_media":0,"comment_status":"closed","ping_status":"closed","sticky":false,"template":"","format":"standard","meta":{"footnotes":""},"categories":[47,76],"tags":[],"class_list":["post-337","post","type-post","status-publish","format-standard","hentry","category-kannanotot","category-paivittaistavarakauppa-ry","eq-blocks"],"yoast_head":"<!-- This site is optimized with the Yoast SEO plugin v27.5 - https:\/\/yoast.com\/product\/yoast-seo-wordpress\/ -->\n<title>P\u00c4IVITT\u00c4ISTAVARAKAUPPA RY: Kalan pyyntip\u00e4iv\u00e4merkint\u00e4 on s\u00e4ilytett\u00e4v\u00e4 - tieto on kuluttajille t\u00e4rke\u00e4 - KALASTUSVIESTI<\/title>\n<meta name=\"robots\" content=\"index, follow, max-snippet:-1, max-image-preview:large, max-video-preview:-1\" \/>\n<link rel=\"canonical\" href=\"https:\/\/www.victoriamedia.org\/kalastusviesti\/paivittaistavarakauppa-ry-kalan-pyyntipaivamerkinta-on-sailytettava-tieto-on-kuluttajille-tarkea\/\" \/>\n<meta property=\"og:locale\" content=\"en_US\" \/>\n<meta property=\"og:type\" content=\"article\" \/>\n<meta property=\"og:title\" content=\"P\u00c4IVITT\u00c4ISTAVARAKAUPPA RY: Kalan pyyntip\u00e4iv\u00e4merkint\u00e4 on s\u00e4ilytett\u00e4v\u00e4 - tieto on kuluttajille t\u00e4rke\u00e4 - KALASTUSVIESTI\" \/>\n<meta property=\"og:description\" content=\"Maa- ja mets\u00e4talousministeri\u00f6 valmistelee kalan pyynti- ja nostop\u00e4iv\u00e4merkint\u00e4velvoitteen poistamista. Pyynti- ja nostop\u00e4iv\u00e4 on ollut kuluttajille t\u00e4rke\u00e4 tieto ja mahdollistanut kalan tuoreuden arvioinnin. Merkint\u00e4velvoitteen poistuminen ja sen korvaaminen viimeinen k\u00e4ytt\u00f6p\u00e4iv\u00e4 -merkinn\u00e4ll\u00e4 heikent\u00e4\u00e4 merkitt\u00e4v\u00e4sti kuluttajien tiedonsaantimahdollisuutta. Suomen Kalankasvattajaliitto ry:n, P\u00e4ivitt\u00e4istavarakauppa ry:n, Kalatalouden keskusliiton, Ruotsinkielisten maataloustuottajien keskusliiton, Maataloustuottajien keskusliiton ja Kuluttajaliitto ry:n yhteinen n\u00e4kemys onkin, ett\u00e4 pyynti- ja [&hellip;]\" \/>\n<meta property=\"og:url\" content=\"https:\/\/www.victoriamedia.org\/kalastusviesti\/paivittaistavarakauppa-ry-kalan-pyyntipaivamerkinta-on-sailytettava-tieto-on-kuluttajille-tarkea\/\" \/>\n<meta property=\"og:site_name\" content=\"KALASTUSVIESTI\" \/>\n<meta property=\"article:publisher\" content=\"https:\/\/www.facebook.com\/Kalastusviesti\" \/>\n<meta property=\"article:published_time\" content=\"2014-05-15T10:59:00+00:00\" \/>\n<meta property=\"og:image\" content=\"http:\/\/www.victoriamedia.org\/kalastusviesti\/wp-content\/uploads\/2014\/05\/kauppa_haluaa_sailyttaa_kalan_pyyntiajankohdan_ilmoittamisen_pakollisena_articleimage_2010.jpg\" \/>\n<meta name=\"author\" content=\"kerttuvali\" \/>\n<meta name=\"twitter:card\" content=\"summary_large_image\" \/>\n<meta name=\"twitter:creator\" content=\"@kalastusuutiset\" \/>\n<meta name=\"twitter:site\" content=\"@kalastusuutiset\" \/>\n<meta name=\"twitter:label1\" content=\"Written by\" \/>\n\t<meta name=\"twitter:data1\" content=\"kerttuvali\" \/>\n\t<meta name=\"twitter:label2\" content=\"Est. reading time\" \/>\n\t<meta name=\"twitter:data2\" content=\"2 minutes\" \/>\n<script type=\"application\/ld+json\" class=\"yoast-schema-graph\">{\"@context\":\"https:\\\/\\\/schema.org\",\"@graph\":[{\"@type\":\"Article\",\"@id\":\"https:\\\/\\\/www.victoriamedia.org\\\/kalastusviesti\\\/paivittaistavarakauppa-ry-kalan-pyyntipaivamerkinta-on-sailytettava-tieto-on-kuluttajille-tarkea\\\/#article\",\"isPartOf\":{\"@id\":\"https:\\\/\\\/www.victoriamedia.org\\\/kalastusviesti\\\/paivittaistavarakauppa-ry-kalan-pyyntipaivamerkinta-on-sailytettava-tieto-on-kuluttajille-tarkea\\\/\"},\"author\":{\"name\":\"kerttuvali\",\"@id\":\"https:\\\/\\\/www.victoriamedia.org\\\/kalastusviesti\\\/#\\\/schema\\\/person\\\/df29131d02ead3f61cdeeef5d30a6771\"},\"headline\":\"P\u00c4IVITT\u00c4ISTAVARAKAUPPA RY: Kalan pyyntip\u00e4iv\u00e4merkint\u00e4 on s\u00e4ilytett\u00e4v\u00e4 &#8211; tieto on kuluttajille t\u00e4rke\u00e4\",\"datePublished\":\"2014-05-15T10:59:00+00:00\",\"mainEntityOfPage\":{\"@id\":\"https:\\\/\\\/www.victoriamedia.org\\\/kalastusviesti\\\/paivittaistavarakauppa-ry-kalan-pyyntipaivamerkinta-on-sailytettava-tieto-on-kuluttajille-tarkea\\\/\"},\"wordCount\":359,\"image\":{\"@id\":\"https:\\\/\\\/www.victoriamedia.org\\\/kalastusviesti\\\/paivittaistavarakauppa-ry-kalan-pyyntipaivamerkinta-on-sailytettava-tieto-on-kuluttajille-tarkea\\\/#primaryimage\"},\"thumbnailUrl\":\"http:\\\/\\\/www.victoriamedia.org\\\/kalastusviesti\\\/wp-content\\\/uploads\\\/2014\\\/05\\\/kauppa_haluaa_sailyttaa_kalan_pyyntiajankohdan_ilmoittamisen_pakollisena_articleimage_2010.jpg\",\"articleSection\":[\"Kannanotot\",\"P\u00c4IVITT\u00c4ISTAVARAKAUPPA RY\"],\"inLanguage\":\"en-US\"},{\"@type\":\"WebPage\",\"@id\":\"https:\\\/\\\/www.victoriamedia.org\\\/kalastusviesti\\\/paivittaistavarakauppa-ry-kalan-pyyntipaivamerkinta-on-sailytettava-tieto-on-kuluttajille-tarkea\\\/\",\"url\":\"https:\\\/\\\/www.victoriamedia.org\\\/kalastusviesti\\\/paivittaistavarakauppa-ry-kalan-pyyntipaivamerkinta-on-sailytettava-tieto-on-kuluttajille-tarkea\\\/\",\"name\":\"P\u00c4IVITT\u00c4ISTAVARAKAUPPA RY: Kalan pyyntip\u00e4iv\u00e4merkint\u00e4 on s\u00e4ilytett\u00e4v\u00e4 - tieto on kuluttajille t\u00e4rke\u00e4 - KALASTUSVIESTI\",\"isPartOf\":{\"@id\":\"https:\\\/\\\/www.victoriamedia.org\\\/kalastusviesti\\\/#website\"},\"primaryImageOfPage\":{\"@id\":\"https:\\\/\\\/www.victoriamedia.org\\\/kalastusviesti\\\/paivittaistavarakauppa-ry-kalan-pyyntipaivamerkinta-on-sailytettava-tieto-on-kuluttajille-tarkea\\\/#primaryimage\"},\"image\":{\"@id\":\"https:\\\/\\\/www.victoriamedia.org\\\/kalastusviesti\\\/paivittaistavarakauppa-ry-kalan-pyyntipaivamerkinta-on-sailytettava-tieto-on-kuluttajille-tarkea\\\/#primaryimage\"},\"thumbnailUrl\":\"http:\\\/\\\/www.victoriamedia.org\\\/kalastusviesti\\\/wp-content\\\/uploads\\\/2014\\\/05\\\/kauppa_haluaa_sailyttaa_kalan_pyyntiajankohdan_ilmoittamisen_pakollisena_articleimage_2010.jpg\",\"datePublished\":\"2014-05-15T10:59:00+00:00\",\"author\":{\"@id\":\"https:\\\/\\\/www.victoriamedia.org\\\/kalastusviesti\\\/#\\\/schema\\\/person\\\/df29131d02ead3f61cdeeef5d30a6771\"},\"breadcrumb\":{\"@id\":\"https:\\\/\\\/www.victoriamedia.org\\\/kalastusviesti\\\/paivittaistavarakauppa-ry-kalan-pyyntipaivamerkinta-on-sailytettava-tieto-on-kuluttajille-tarkea\\\/#breadcrumb\"},\"inLanguage\":\"en-US\",\"potentialAction\":[{\"@type\":\"ReadAction\",\"target\":[\"https:\\\/\\\/www.victoriamedia.org\\\/kalastusviesti\\\/paivittaistavarakauppa-ry-kalan-pyyntipaivamerkinta-on-sailytettava-tieto-on-kuluttajille-tarkea\\\/\"]}]},{\"@type\":\"ImageObject\",\"inLanguage\":\"en-US\",\"@id\":\"https:\\\/\\\/www.victoriamedia.org\\\/kalastusviesti\\\/paivittaistavarakauppa-ry-kalan-pyyntipaivamerkinta-on-sailytettava-tieto-on-kuluttajille-tarkea\\\/#primaryimage\",\"url\":\"https:\\\/\\\/www.victoriamedia.org\\\/kalastusviesti\\\/wp-content\\\/uploads\\\/2014\\\/05\\\/kauppa_haluaa_sailyttaa_kalan_pyyntiajankohdan_ilmoittamisen_pakollisena_articleimage_2010.jpg\",\"contentUrl\":\"https:\\\/\\\/www.victoriamedia.org\\\/kalastusviesti\\\/wp-content\\\/uploads\\\/2014\\\/05\\\/kauppa_haluaa_sailyttaa_kalan_pyyntiajankohdan_ilmoittamisen_pakollisena_articleimage_2010.jpg\",\"width\":484,\"height\":321},{\"@type\":\"BreadcrumbList\",\"@id\":\"https:\\\/\\\/www.victoriamedia.org\\\/kalastusviesti\\\/paivittaistavarakauppa-ry-kalan-pyyntipaivamerkinta-on-sailytettava-tieto-on-kuluttajille-tarkea\\\/#breadcrumb\",\"itemListElement\":[{\"@type\":\"ListItem\",\"position\":1,\"name\":\"Home\",\"item\":\"https:\\\/\\\/www.victoriamedia.org\\\/kalastusviesti\\\/\"},{\"@type\":\"ListItem\",\"position\":2,\"name\":\"P\u00c4IVITT\u00c4ISTAVARAKAUPPA RY: Kalan pyyntip\u00e4iv\u00e4merkint\u00e4 on s\u00e4ilytett\u00e4v\u00e4 &#8211; tieto on kuluttajille t\u00e4rke\u00e4\"}]},{\"@type\":\"WebSite\",\"@id\":\"https:\\\/\\\/www.victoriamedia.org\\\/kalastusviesti\\\/#website\",\"url\":\"https:\\\/\\\/www.victoriamedia.org\\\/kalastusviesti\\\/\",\"name\":\"KALASTUSVIESTI\",\"description\":\"\",\"potentialAction\":[{\"@type\":\"SearchAction\",\"target\":{\"@type\":\"EntryPoint\",\"urlTemplate\":\"https:\\\/\\\/www.victoriamedia.org\\\/kalastusviesti\\\/?s={search_term_string}\"},\"query-input\":{\"@type\":\"PropertyValueSpecification\",\"valueRequired\":true,\"valueName\":\"search_term_string\"}}],\"inLanguage\":\"en-US\"},{\"@type\":\"Person\",\"@id\":\"https:\\\/\\\/www.victoriamedia.org\\\/kalastusviesti\\\/#\\\/schema\\\/person\\\/df29131d02ead3f61cdeeef5d30a6771\",\"name\":\"kerttuvali\",\"image\":{\"@type\":\"ImageObject\",\"inLanguage\":\"en-US\",\"@id\":\"https:\\\/\\\/secure.gravatar.com\\\/avatar\\\/62dbe1a847f655ad987c59fece23f885c4b0e7b06595c36d9597003852972217?s=96&d=mm&r=g\",\"url\":\"https:\\\/\\\/secure.gravatar.com\\\/avatar\\\/62dbe1a847f655ad987c59fece23f885c4b0e7b06595c36d9597003852972217?s=96&d=mm&r=g\",\"contentUrl\":\"https:\\\/\\\/secure.gravatar.com\\\/avatar\\\/62dbe1a847f655ad987c59fece23f885c4b0e7b06595c36d9597003852972217?s=96&d=mm&r=g\",\"caption\":\"kerttuvali\"},\"url\":\"https:\\\/\\\/www.victoriamedia.org\\\/kalastusviesti\\\/author\\\/kerttuvali\\\/\"}]}<\/script>\n<!-- \/ Yoast SEO plugin. -->","yoast_head_json":{"title":"P\u00c4IVITT\u00c4ISTAVARAKAUPPA RY: Kalan pyyntip\u00e4iv\u00e4merkint\u00e4 on s\u00e4ilytett\u00e4v\u00e4 - tieto on kuluttajille t\u00e4rke\u00e4 - KALASTUSVIESTI","robots":{"index":"index","follow":"follow","max-snippet":"max-snippet:-1","max-image-preview":"max-image-preview:large","max-video-preview":"max-video-preview:-1"},"canonical":"https:\/\/www.victoriamedia.org\/kalastusviesti\/paivittaistavarakauppa-ry-kalan-pyyntipaivamerkinta-on-sailytettava-tieto-on-kuluttajille-tarkea\/","og_locale":"en_US","og_type":"article","og_title":"P\u00c4IVITT\u00c4ISTAVARAKAUPPA RY: Kalan pyyntip\u00e4iv\u00e4merkint\u00e4 on s\u00e4ilytett\u00e4v\u00e4 - tieto on kuluttajille t\u00e4rke\u00e4 - KALASTUSVIESTI","og_description":"Maa- ja mets\u00e4talousministeri\u00f6 valmistelee kalan pyynti- ja nostop\u00e4iv\u00e4merkint\u00e4velvoitteen poistamista. Pyynti- ja nostop\u00e4iv\u00e4 on ollut kuluttajille t\u00e4rke\u00e4 tieto ja mahdollistanut kalan tuoreuden arvioinnin. Merkint\u00e4velvoitteen poistuminen ja sen korvaaminen viimeinen k\u00e4ytt\u00f6p\u00e4iv\u00e4 -merkinn\u00e4ll\u00e4 heikent\u00e4\u00e4 merkitt\u00e4v\u00e4sti kuluttajien tiedonsaantimahdollisuutta. Suomen Kalankasvattajaliitto ry:n, P\u00e4ivitt\u00e4istavarakauppa ry:n, Kalatalouden keskusliiton, Ruotsinkielisten maataloustuottajien keskusliiton, Maataloustuottajien keskusliiton ja Kuluttajaliitto ry:n yhteinen n\u00e4kemys onkin, ett\u00e4 pyynti- ja [&hellip;]","og_url":"https:\/\/www.victoriamedia.org\/kalastusviesti\/paivittaistavarakauppa-ry-kalan-pyyntipaivamerkinta-on-sailytettava-tieto-on-kuluttajille-tarkea\/","og_site_name":"KALASTUSVIESTI","article_publisher":"https:\/\/www.facebook.com\/Kalastusviesti","article_published_time":"2014-05-15T10:59:00+00:00","og_image":[{"url":"http:\/\/www.victoriamedia.org\/kalastusviesti\/wp-content\/uploads\/2014\/05\/kauppa_haluaa_sailyttaa_kalan_pyyntiajankohdan_ilmoittamisen_pakollisena_articleimage_2010.jpg","type":"","width":"","height":""}],"author":"kerttuvali","twitter_card":"summary_large_image","twitter_creator":"@kalastusuutiset","twitter_site":"@kalastusuutiset","twitter_misc":{"Written by":"kerttuvali","Est. reading time":"2 minutes"},"schema":{"@context":"https:\/\/schema.org","@graph":[{"@type":"Article","@id":"https:\/\/www.victoriamedia.org\/kalastusviesti\/paivittaistavarakauppa-ry-kalan-pyyntipaivamerkinta-on-sailytettava-tieto-on-kuluttajille-tarkea\/#article","isPartOf":{"@id":"https:\/\/www.victoriamedia.org\/kalastusviesti\/paivittaistavarakauppa-ry-kalan-pyyntipaivamerkinta-on-sailytettava-tieto-on-kuluttajille-tarkea\/"},"author":{"name":"kerttuvali","@id":"https:\/\/www.victoriamedia.org\/kalastusviesti\/#\/schema\/person\/df29131d02ead3f61cdeeef5d30a6771"},"headline":"P\u00c4IVITT\u00c4ISTAVARAKAUPPA RY: Kalan pyyntip\u00e4iv\u00e4merkint\u00e4 on s\u00e4ilytett\u00e4v\u00e4 &#8211; tieto on kuluttajille t\u00e4rke\u00e4","datePublished":"2014-05-15T10:59:00+00:00","mainEntityOfPage":{"@id":"https:\/\/www.victoriamedia.org\/kalastusviesti\/paivittaistavarakauppa-ry-kalan-pyyntipaivamerkinta-on-sailytettava-tieto-on-kuluttajille-tarkea\/"},"wordCount":359,"image":{"@id":"https:\/\/www.victoriamedia.org\/kalastusviesti\/paivittaistavarakauppa-ry-kalan-pyyntipaivamerkinta-on-sailytettava-tieto-on-kuluttajille-tarkea\/#primaryimage"},"thumbnailUrl":"http:\/\/www.victoriamedia.org\/kalastusviesti\/wp-content\/uploads\/2014\/05\/kauppa_haluaa_sailyttaa_kalan_pyyntiajankohdan_ilmoittamisen_pakollisena_articleimage_2010.jpg","articleSection":["Kannanotot","P\u00c4IVITT\u00c4ISTAVARAKAUPPA RY"],"inLanguage":"en-US"},{"@type":"WebPage","@id":"https:\/\/www.victoriamedia.org\/kalastusviesti\/paivittaistavarakauppa-ry-kalan-pyyntipaivamerkinta-on-sailytettava-tieto-on-kuluttajille-tarkea\/","url":"https:\/\/www.victoriamedia.org\/kalastusviesti\/paivittaistavarakauppa-ry-kalan-pyyntipaivamerkinta-on-sailytettava-tieto-on-kuluttajille-tarkea\/","name":"P\u00c4IVITT\u00c4ISTAVARAKAUPPA RY: Kalan pyyntip\u00e4iv\u00e4merkint\u00e4 on s\u00e4ilytett\u00e4v\u00e4 - tieto on kuluttajille t\u00e4rke\u00e4 - KALASTUSVIESTI","isPartOf":{"@id":"https:\/\/www.victoriamedia.org\/kalastusviesti\/#website"},"primaryImageOfPage":{"@id":"https:\/\/www.victoriamedia.org\/kalastusviesti\/paivittaistavarakauppa-ry-kalan-pyyntipaivamerkinta-on-sailytettava-tieto-on-kuluttajille-tarkea\/#primaryimage"},"image":{"@id":"https:\/\/www.victoriamedia.org\/kalastusviesti\/paivittaistavarakauppa-ry-kalan-pyyntipaivamerkinta-on-sailytettava-tieto-on-kuluttajille-tarkea\/#primaryimage"},"thumbnailUrl":"http:\/\/www.victoriamedia.org\/kalastusviesti\/wp-content\/uploads\/2014\/05\/kauppa_haluaa_sailyttaa_kalan_pyyntiajankohdan_ilmoittamisen_pakollisena_articleimage_2010.jpg","datePublished":"2014-05-15T10:59:00+00:00","author":{"@id":"https:\/\/www.victoriamedia.org\/kalastusviesti\/#\/schema\/person\/df29131d02ead3f61cdeeef5d30a6771"},"breadcrumb":{"@id":"https:\/\/www.victoriamedia.org\/kalastusviesti\/paivittaistavarakauppa-ry-kalan-pyyntipaivamerkinta-on-sailytettava-tieto-on-kuluttajille-tarkea\/#breadcrumb"},"inLanguage":"en-US","potentialAction":[{"@type":"ReadAction","target":["https:\/\/www.victoriamedia.org\/kalastusviesti\/paivittaistavarakauppa-ry-kalan-pyyntipaivamerkinta-on-sailytettava-tieto-on-kuluttajille-tarkea\/"]}]},{"@type":"ImageObject","inLanguage":"en-US","@id":"https:\/\/www.victoriamedia.org\/kalastusviesti\/paivittaistavarakauppa-ry-kalan-pyyntipaivamerkinta-on-sailytettava-tieto-on-kuluttajille-tarkea\/#primaryimage","url":"https:\/\/www.victoriamedia.org\/kalastusviesti\/wp-content\/uploads\/2014\/05\/kauppa_haluaa_sailyttaa_kalan_pyyntiajankohdan_ilmoittamisen_pakollisena_articleimage_2010.jpg","contentUrl":"https:\/\/www.victoriamedia.org\/kalastusviesti\/wp-content\/uploads\/2014\/05\/kauppa_haluaa_sailyttaa_kalan_pyyntiajankohdan_ilmoittamisen_pakollisena_articleimage_2010.jpg","width":484,"height":321},{"@type":"BreadcrumbList","@id":"https:\/\/www.victoriamedia.org\/kalastusviesti\/paivittaistavarakauppa-ry-kalan-pyyntipaivamerkinta-on-sailytettava-tieto-on-kuluttajille-tarkea\/#breadcrumb","itemListElement":[{"@type":"ListItem","position":1,"name":"Home","item":"https:\/\/www.victoriamedia.org\/kalastusviesti\/"},{"@type":"ListItem","position":2,"name":"P\u00c4IVITT\u00c4ISTAVARAKAUPPA RY: Kalan pyyntip\u00e4iv\u00e4merkint\u00e4 on s\u00e4ilytett\u00e4v\u00e4 &#8211; tieto on kuluttajille t\u00e4rke\u00e4"}]},{"@type":"WebSite","@id":"https:\/\/www.victoriamedia.org\/kalastusviesti\/#website","url":"https:\/\/www.victoriamedia.org\/kalastusviesti\/","name":"KALASTUSVIESTI","description":"","potentialAction":[{"@type":"SearchAction","target":{"@type":"EntryPoint","urlTemplate":"https:\/\/www.victoriamedia.org\/kalastusviesti\/?s={search_term_string}"},"query-input":{"@type":"PropertyValueSpecification","valueRequired":true,"valueName":"search_term_string"}}],"inLanguage":"en-US"},{"@type":"Person","@id":"https:\/\/www.victoriamedia.org\/kalastusviesti\/#\/schema\/person\/df29131d02ead3f61cdeeef5d30a6771","name":"kerttuvali","image":{"@type":"ImageObject","inLanguage":"en-US","@id":"https:\/\/secure.gravatar.com\/avatar\/62dbe1a847f655ad987c59fece23f885c4b0e7b06595c36d9597003852972217?s=96&d=mm&r=g","url":"https:\/\/secure.gravatar.com\/avatar\/62dbe1a847f655ad987c59fece23f885c4b0e7b06595c36d9597003852972217?s=96&d=mm&r=g","contentUrl":"https:\/\/secure.gravatar.com\/avatar\/62dbe1a847f655ad987c59fece23f885c4b0e7b06595c36d9597003852972217?s=96&d=mm&r=g","caption":"kerttuvali"},"url":"https:\/\/www.victoriamedia.org\/kalastusviesti\/author\/kerttuvali\/"}]}},"_links":{"self":[{"href":"https:\/\/www.victoriamedia.org\/kalastusviesti\/wp-json\/wp\/v2\/posts\/337","targetHints":{"allow":["GET"]}}],"collection":[{"href":"https:\/\/www.victoriamedia.org\/kalastusviesti\/wp-json\/wp\/v2\/posts"}],"about":[{"href":"https:\/\/www.victoriamedia.org\/kalastusviesti\/wp-json\/wp\/v2\/types\/post"}],"author":[{"embeddable":true,"href":"https:\/\/www.victoriamedia.org\/kalastusviesti\/wp-json\/wp\/v2\/users\/1"}],"replies":[{"embeddable":true,"href":"https:\/\/www.victoriamedia.org\/kalastusviesti\/wp-json\/wp\/v2\/comments?post=337"}],"version-history":[{"count":1,"href":"https:\/\/www.victoriamedia.org\/kalastusviesti\/wp-json\/wp\/v2\/posts\/337\/revisions"}],"predecessor-version":[{"id":339,"href":"https:\/\/www.victoriamedia.org\/kalastusviesti\/wp-json\/wp\/v2\/posts\/337\/revisions\/339"}],"wp:attachment":[{"href":"https:\/\/www.victoriamedia.org\/kalastusviesti\/wp-json\/wp\/v2\/media?parent=337"}],"wp:term":[{"taxonomy":"category","embeddable":true,"href":"https:\/\/www.victoriamedia.org\/kalastusviesti\/wp-json\/wp\/v2\/categories?post=337"},{"taxonomy":"post_tag","embeddable":true,"href":"https:\/\/www.victoriamedia.org\/kalastusviesti\/wp-json\/wp\/v2\/tags?post=337"}],"curies":[{"name":"wp","href":"https:\/\/api.w.org\/{rel}","templated":true}]}}