{"id":310,"date":"2014-04-22T10:27:36","date_gmt":"2014-04-22T10:27:36","guid":{"rendered":"http:\/\/www.victoriamedia.org\/kalastusviesti\/?p=310"},"modified":"2014-04-22T10:27:36","modified_gmt":"2014-04-22T10:27:36","slug":"kalatiet-yksin-eivat-riita-myos-poikasten-alasvaellus-on-turvattava","status":"publish","type":"post","link":"https:\/\/www.victoriamedia.org\/kalastusviesti\/kalatiet-yksin-eivat-riita-myos-poikasten-alasvaellus-on-turvattava\/","title":{"rendered":"Kalatiet yksin eiv\u00e4t riit\u00e4 \u2013 my\u00f6s poikasten alasvaellus on turvattava"},"content":{"rendered":"<p><a href=\"https:\/\/www.victoriamedia.org\/kalastusviesti\/wp-content\/uploads\/2014\/04\/vaelluspoikasten_alasvaellus.png\"><img loading=\"lazy\" decoding=\"async\" class=\"alignnone size-medium wp-image-311\" alt=\"vaelluspoikasten_alasvaellus\" src=\"https:\/\/www.victoriamedia.org\/kalastusviesti\/wp-content\/uploads\/2014\/04\/vaelluspoikasten_alasvaellus-213x300.png\" width=\"213\" height=\"300\" srcset=\"https:\/\/www.victoriamedia.org\/kalastusviesti\/wp-content\/uploads\/2014\/04\/vaelluspoikasten_alasvaellus-213x300.png 213w, https:\/\/www.victoriamedia.org\/kalastusviesti\/wp-content\/uploads\/2014\/04\/vaelluspoikasten_alasvaellus.png 505w\" sizes=\"auto, (max-width: 213px) 100vw, 213px\" \/><\/a><\/p>\n<p><strong>Riista- ja kalatalouden tutkimuslaitoksen (RKTL) tuoreen tutkimuksen mukaan lohen vaelluspoikasten alasvaelluksessa rakennetuilla joilla esiintyy merkitt\u00e4vi\u00e4 ongelmia. Rakennettujen jokien vaelluskalakantojen kest\u00e4v\u00e4 elvytt\u00e4minen edellytt\u00e4\u00e4 kalateiden ohella poikasten alasvaelluskuolleisuuden v\u00e4hent\u00e4mist\u00e4.<\/strong><\/p>\n<p>Voimalaitosymp\u00e4rist\u00f6ss\u00e4 keskeisi\u00e4 lohenpoikasten alasvaelluksen ongelmia ovat vaelluksen hidastuminen, joutuminen petojen saaliiksi, kuolleisuus turbiineihin sek\u00e4 kalojen vahingoittuminen ja stressaantuminen. Ongelmat korostuvat ja poikasten kuolleisuus voi kasvaa eritt\u00e4in suureksi, kun joessa on useita voimalaitospatoja. Alasvaellusongelmien ja vaelluspoikasten kuolleisuuden v\u00e4hent\u00e4miseksi poikaset pit\u00e4\u00e4 tarvittaessa pysty\u00e4 ohjaamaan nopeasti ja tehokkaasti turbiinit kiert\u00e4v\u00e4\u00e4 reitti\u00e4 pitkin voimalaitoksen alapuolelle.<\/p>\n<p>Suomessa alasvaellusrakenteiden hy\u00f6dynt\u00e4misest\u00e4 ja k\u00e4yt\u00f6st\u00e4 ei ole kokemusta k\u00e4yt\u00e4nn\u00f6ss\u00e4 lainkaan, mutta maailmalla vaelluspoikasten ohjaamiseen on kehitetty monia ratkaisuja. Poikasia ohjataan tavallisesti voimalaitosten yl\u00e4kanaviin asennettujen ohjausrakenteiden, kuten v\u00e4lppien ja erilaisten aitarakenteiden, sek\u00e4 voimalaitosten turbiinit ohittavan alasvaellusreitin yhdistelmill\u00e4. Varsinaisena alasvaellusreittin\u00e4 voivat toimia muun muassa putkirakenteet, r\u00e4nnit, nousukaloja varten tehdyt kalatiet sek\u00e4 s\u00e4\u00e4nn\u00f6stelypadot.<\/p>\n<p>Alasvaellusrakenteiden suunnittelun tulee jokaisella padolla perustua kyseisen kohteen ominaisuuksiin, kuten virtausolosuhteisiin. Yleisp\u00e4tev\u00e4\u00e4, kaikkiin kohteisiin soveltuvaa ratkaisua ei ole onnistuttu kehitt\u00e4m\u00e4\u00e4n. Alasvaellukseen liittyvien ongelmien huomioiminen lis\u00e4\u00e4 rakennettujen jokien vaelluskalakantojen elvytt\u00e4mispyrkimysten haasteita ja kustannuksia. Ongelmien v\u00e4hent\u00e4minen on kuitenkin v\u00e4ltt\u00e4m\u00e4t\u00f6nt\u00e4, jos vaelluskalakantoja halutaan elvytt\u00e4\u00e4 tehokkaasti.<\/p>\n<p>Tutkimus on osa Euroopan aluekehitysrahaston rahoittamaa Innovatiivinen verkostoituminen ja modernit ty\u00f6kalut kalatiestrategian toteutukseen -hanketta, jota RKTL toteuttaa vuosina 2012\u20132014.<\/p>\n<p>Lue lis\u00e4\u00e4 julkaisusta:<a href=\"http:\/\/www.rktl.fi\/www\/uploads\/pdf\/uudet%20julkaisut\/tyoraportit\/vaelluspoikasten_alasvaellus.pdf\">Lohen vaelluspoikasten alasvaellus rakennetuissa joissa \u2013 ongelmat ja ratkaisumahdollisuudet<\/a>\u00a0(pdf)<\/p>\n","protected":false},"excerpt":{"rendered":"<p>Riista- ja kalatalouden tutkimuslaitoksen (RKTL) tuoreen tutkimuksen mukaan lohen vaelluspoikasten alasvaelluksessa rakennetuilla joilla esiintyy merkitt\u00e4vi\u00e4 ongelmia. Rakennettujen jokien vaelluskalakantojen kest\u00e4v\u00e4 elvytt\u00e4minen edellytt\u00e4\u00e4 kalateiden ohella poikasten alasvaelluskuolleisuuden v\u00e4hent\u00e4mist\u00e4. Voimalaitosymp\u00e4rist\u00f6ss\u00e4 keskeisi\u00e4 lohenpoikasten alasvaelluksen ongelmia ovat vaelluksen hidastuminen, joutuminen petojen saaliiksi, kuolleisuus turbiineihin sek\u00e4 kalojen vahingoittuminen ja stressaantuminen. Ongelmat korostuvat ja poikasten kuolleisuus voi kasvaa eritt\u00e4in suureksi, kun [&hellip;]<\/p>\n","protected":false},"author":1,"featured_media":0,"comment_status":"closed","ping_status":"closed","sticky":false,"template":"","format":"standard","meta":{"footnotes":""},"categories":[71,2,67],"tags":[],"class_list":["post-310","post","type-post","status-publish","format-standard","hentry","category-kalatiet","category-rktl","category-vaelluskalat","eq-blocks"],"yoast_head":"<!-- This site is optimized with the Yoast SEO plugin v27.5 - https:\/\/yoast.com\/product\/yoast-seo-wordpress\/ -->\n<title>Kalatiet yksin eiv\u00e4t riit\u00e4 \u2013 my\u00f6s poikasten alasvaellus on turvattava - KALASTUSVIESTI<\/title>\n<meta name=\"robots\" content=\"index, follow, max-snippet:-1, max-image-preview:large, max-video-preview:-1\" \/>\n<link rel=\"canonical\" href=\"https:\/\/www.victoriamedia.org\/kalastusviesti\/kalatiet-yksin-eivat-riita-myos-poikasten-alasvaellus-on-turvattava\/\" \/>\n<meta property=\"og:locale\" content=\"en_US\" \/>\n<meta property=\"og:type\" content=\"article\" \/>\n<meta property=\"og:title\" content=\"Kalatiet yksin eiv\u00e4t riit\u00e4 \u2013 my\u00f6s poikasten alasvaellus on turvattava - KALASTUSVIESTI\" \/>\n<meta property=\"og:description\" content=\"Riista- ja kalatalouden tutkimuslaitoksen (RKTL) tuoreen tutkimuksen mukaan lohen vaelluspoikasten alasvaelluksessa rakennetuilla joilla esiintyy merkitt\u00e4vi\u00e4 ongelmia. Rakennettujen jokien vaelluskalakantojen kest\u00e4v\u00e4 elvytt\u00e4minen edellytt\u00e4\u00e4 kalateiden ohella poikasten alasvaelluskuolleisuuden v\u00e4hent\u00e4mist\u00e4. Voimalaitosymp\u00e4rist\u00f6ss\u00e4 keskeisi\u00e4 lohenpoikasten alasvaelluksen ongelmia ovat vaelluksen hidastuminen, joutuminen petojen saaliiksi, kuolleisuus turbiineihin sek\u00e4 kalojen vahingoittuminen ja stressaantuminen. Ongelmat korostuvat ja poikasten kuolleisuus voi kasvaa eritt\u00e4in suureksi, kun [&hellip;]\" \/>\n<meta property=\"og:url\" content=\"https:\/\/www.victoriamedia.org\/kalastusviesti\/kalatiet-yksin-eivat-riita-myos-poikasten-alasvaellus-on-turvattava\/\" \/>\n<meta property=\"og:site_name\" content=\"KALASTUSVIESTI\" \/>\n<meta property=\"article:publisher\" content=\"https:\/\/www.facebook.com\/Kalastusviesti\" \/>\n<meta property=\"article:published_time\" content=\"2014-04-22T10:27:36+00:00\" \/>\n<meta property=\"og:image\" content=\"http:\/\/www.victoriamedia.org\/kalastusviesti\/wp-content\/uploads\/2014\/04\/vaelluspoikasten_alasvaellus-213x300.png\" \/>\n<meta name=\"author\" content=\"kerttuvali\" \/>\n<meta name=\"twitter:card\" content=\"summary_large_image\" \/>\n<meta name=\"twitter:creator\" content=\"@kalastusuutiset\" \/>\n<meta name=\"twitter:site\" content=\"@kalastusuutiset\" \/>\n<meta name=\"twitter:label1\" content=\"Written by\" \/>\n\t<meta name=\"twitter:data1\" content=\"kerttuvali\" \/>\n\t<meta name=\"twitter:label2\" content=\"Est. reading time\" \/>\n\t<meta name=\"twitter:data2\" content=\"1 minute\" \/>\n<script type=\"application\/ld+json\" class=\"yoast-schema-graph\">{\"@context\":\"https:\\\/\\\/schema.org\",\"@graph\":[{\"@type\":\"Article\",\"@id\":\"https:\\\/\\\/www.victoriamedia.org\\\/kalastusviesti\\\/kalatiet-yksin-eivat-riita-myos-poikasten-alasvaellus-on-turvattava\\\/#article\",\"isPartOf\":{\"@id\":\"https:\\\/\\\/www.victoriamedia.org\\\/kalastusviesti\\\/kalatiet-yksin-eivat-riita-myos-poikasten-alasvaellus-on-turvattava\\\/\"},\"author\":{\"name\":\"kerttuvali\",\"@id\":\"https:\\\/\\\/www.victoriamedia.org\\\/kalastusviesti\\\/#\\\/schema\\\/person\\\/df29131d02ead3f61cdeeef5d30a6771\"},\"headline\":\"Kalatiet yksin eiv\u00e4t riit\u00e4 \u2013 my\u00f6s poikasten alasvaellus on turvattava\",\"datePublished\":\"2014-04-22T10:27:36+00:00\",\"mainEntityOfPage\":{\"@id\":\"https:\\\/\\\/www.victoriamedia.org\\\/kalastusviesti\\\/kalatiet-yksin-eivat-riita-myos-poikasten-alasvaellus-on-turvattava\\\/\"},\"wordCount\":245,\"image\":{\"@id\":\"https:\\\/\\\/www.victoriamedia.org\\\/kalastusviesti\\\/kalatiet-yksin-eivat-riita-myos-poikasten-alasvaellus-on-turvattava\\\/#primaryimage\"},\"thumbnailUrl\":\"http:\\\/\\\/www.victoriamedia.org\\\/kalastusviesti\\\/wp-content\\\/uploads\\\/2014\\\/04\\\/vaelluspoikasten_alasvaellus-213x300.png\",\"articleSection\":[\"Kalatiet\",\"RKTL\",\"Vaelluskalat\"],\"inLanguage\":\"en-US\"},{\"@type\":\"WebPage\",\"@id\":\"https:\\\/\\\/www.victoriamedia.org\\\/kalastusviesti\\\/kalatiet-yksin-eivat-riita-myos-poikasten-alasvaellus-on-turvattava\\\/\",\"url\":\"https:\\\/\\\/www.victoriamedia.org\\\/kalastusviesti\\\/kalatiet-yksin-eivat-riita-myos-poikasten-alasvaellus-on-turvattava\\\/\",\"name\":\"Kalatiet yksin eiv\u00e4t riit\u00e4 \u2013 my\u00f6s poikasten alasvaellus on turvattava - KALASTUSVIESTI\",\"isPartOf\":{\"@id\":\"https:\\\/\\\/www.victoriamedia.org\\\/kalastusviesti\\\/#website\"},\"primaryImageOfPage\":{\"@id\":\"https:\\\/\\\/www.victoriamedia.org\\\/kalastusviesti\\\/kalatiet-yksin-eivat-riita-myos-poikasten-alasvaellus-on-turvattava\\\/#primaryimage\"},\"image\":{\"@id\":\"https:\\\/\\\/www.victoriamedia.org\\\/kalastusviesti\\\/kalatiet-yksin-eivat-riita-myos-poikasten-alasvaellus-on-turvattava\\\/#primaryimage\"},\"thumbnailUrl\":\"http:\\\/\\\/www.victoriamedia.org\\\/kalastusviesti\\\/wp-content\\\/uploads\\\/2014\\\/04\\\/vaelluspoikasten_alasvaellus-213x300.png\",\"datePublished\":\"2014-04-22T10:27:36+00:00\",\"author\":{\"@id\":\"https:\\\/\\\/www.victoriamedia.org\\\/kalastusviesti\\\/#\\\/schema\\\/person\\\/df29131d02ead3f61cdeeef5d30a6771\"},\"breadcrumb\":{\"@id\":\"https:\\\/\\\/www.victoriamedia.org\\\/kalastusviesti\\\/kalatiet-yksin-eivat-riita-myos-poikasten-alasvaellus-on-turvattava\\\/#breadcrumb\"},\"inLanguage\":\"en-US\",\"potentialAction\":[{\"@type\":\"ReadAction\",\"target\":[\"https:\\\/\\\/www.victoriamedia.org\\\/kalastusviesti\\\/kalatiet-yksin-eivat-riita-myos-poikasten-alasvaellus-on-turvattava\\\/\"]}]},{\"@type\":\"ImageObject\",\"inLanguage\":\"en-US\",\"@id\":\"https:\\\/\\\/www.victoriamedia.org\\\/kalastusviesti\\\/kalatiet-yksin-eivat-riita-myos-poikasten-alasvaellus-on-turvattava\\\/#primaryimage\",\"url\":\"https:\\\/\\\/www.victoriamedia.org\\\/kalastusviesti\\\/wp-content\\\/uploads\\\/2014\\\/04\\\/vaelluspoikasten_alasvaellus.png\",\"contentUrl\":\"https:\\\/\\\/www.victoriamedia.org\\\/kalastusviesti\\\/wp-content\\\/uploads\\\/2014\\\/04\\\/vaelluspoikasten_alasvaellus.png\",\"width\":505,\"height\":708},{\"@type\":\"BreadcrumbList\",\"@id\":\"https:\\\/\\\/www.victoriamedia.org\\\/kalastusviesti\\\/kalatiet-yksin-eivat-riita-myos-poikasten-alasvaellus-on-turvattava\\\/#breadcrumb\",\"itemListElement\":[{\"@type\":\"ListItem\",\"position\":1,\"name\":\"Home\",\"item\":\"https:\\\/\\\/www.victoriamedia.org\\\/kalastusviesti\\\/\"},{\"@type\":\"ListItem\",\"position\":2,\"name\":\"Kalatiet yksin eiv\u00e4t riit\u00e4 \u2013 my\u00f6s poikasten alasvaellus on turvattava\"}]},{\"@type\":\"WebSite\",\"@id\":\"https:\\\/\\\/www.victoriamedia.org\\\/kalastusviesti\\\/#website\",\"url\":\"https:\\\/\\\/www.victoriamedia.org\\\/kalastusviesti\\\/\",\"name\":\"KALASTUSVIESTI\",\"description\":\"\",\"potentialAction\":[{\"@type\":\"SearchAction\",\"target\":{\"@type\":\"EntryPoint\",\"urlTemplate\":\"https:\\\/\\\/www.victoriamedia.org\\\/kalastusviesti\\\/?s={search_term_string}\"},\"query-input\":{\"@type\":\"PropertyValueSpecification\",\"valueRequired\":true,\"valueName\":\"search_term_string\"}}],\"inLanguage\":\"en-US\"},{\"@type\":\"Person\",\"@id\":\"https:\\\/\\\/www.victoriamedia.org\\\/kalastusviesti\\\/#\\\/schema\\\/person\\\/df29131d02ead3f61cdeeef5d30a6771\",\"name\":\"kerttuvali\",\"image\":{\"@type\":\"ImageObject\",\"inLanguage\":\"en-US\",\"@id\":\"https:\\\/\\\/secure.gravatar.com\\\/avatar\\\/62dbe1a847f655ad987c59fece23f885c4b0e7b06595c36d9597003852972217?s=96&d=mm&r=g\",\"url\":\"https:\\\/\\\/secure.gravatar.com\\\/avatar\\\/62dbe1a847f655ad987c59fece23f885c4b0e7b06595c36d9597003852972217?s=96&d=mm&r=g\",\"contentUrl\":\"https:\\\/\\\/secure.gravatar.com\\\/avatar\\\/62dbe1a847f655ad987c59fece23f885c4b0e7b06595c36d9597003852972217?s=96&d=mm&r=g\",\"caption\":\"kerttuvali\"},\"url\":\"https:\\\/\\\/www.victoriamedia.org\\\/kalastusviesti\\\/author\\\/kerttuvali\\\/\"}]}<\/script>\n<!-- \/ Yoast SEO plugin. -->","yoast_head_json":{"title":"Kalatiet yksin eiv\u00e4t riit\u00e4 \u2013 my\u00f6s poikasten alasvaellus on turvattava - KALASTUSVIESTI","robots":{"index":"index","follow":"follow","max-snippet":"max-snippet:-1","max-image-preview":"max-image-preview:large","max-video-preview":"max-video-preview:-1"},"canonical":"https:\/\/www.victoriamedia.org\/kalastusviesti\/kalatiet-yksin-eivat-riita-myos-poikasten-alasvaellus-on-turvattava\/","og_locale":"en_US","og_type":"article","og_title":"Kalatiet yksin eiv\u00e4t riit\u00e4 \u2013 my\u00f6s poikasten alasvaellus on turvattava - KALASTUSVIESTI","og_description":"Riista- ja kalatalouden tutkimuslaitoksen (RKTL) tuoreen tutkimuksen mukaan lohen vaelluspoikasten alasvaelluksessa rakennetuilla joilla esiintyy merkitt\u00e4vi\u00e4 ongelmia. Rakennettujen jokien vaelluskalakantojen kest\u00e4v\u00e4 elvytt\u00e4minen edellytt\u00e4\u00e4 kalateiden ohella poikasten alasvaelluskuolleisuuden v\u00e4hent\u00e4mist\u00e4. Voimalaitosymp\u00e4rist\u00f6ss\u00e4 keskeisi\u00e4 lohenpoikasten alasvaelluksen ongelmia ovat vaelluksen hidastuminen, joutuminen petojen saaliiksi, kuolleisuus turbiineihin sek\u00e4 kalojen vahingoittuminen ja stressaantuminen. Ongelmat korostuvat ja poikasten kuolleisuus voi kasvaa eritt\u00e4in suureksi, kun [&hellip;]","og_url":"https:\/\/www.victoriamedia.org\/kalastusviesti\/kalatiet-yksin-eivat-riita-myos-poikasten-alasvaellus-on-turvattava\/","og_site_name":"KALASTUSVIESTI","article_publisher":"https:\/\/www.facebook.com\/Kalastusviesti","article_published_time":"2014-04-22T10:27:36+00:00","og_image":[{"url":"http:\/\/www.victoriamedia.org\/kalastusviesti\/wp-content\/uploads\/2014\/04\/vaelluspoikasten_alasvaellus-213x300.png","type":"","width":"","height":""}],"author":"kerttuvali","twitter_card":"summary_large_image","twitter_creator":"@kalastusuutiset","twitter_site":"@kalastusuutiset","twitter_misc":{"Written by":"kerttuvali","Est. reading time":"1 minute"},"schema":{"@context":"https:\/\/schema.org","@graph":[{"@type":"Article","@id":"https:\/\/www.victoriamedia.org\/kalastusviesti\/kalatiet-yksin-eivat-riita-myos-poikasten-alasvaellus-on-turvattava\/#article","isPartOf":{"@id":"https:\/\/www.victoriamedia.org\/kalastusviesti\/kalatiet-yksin-eivat-riita-myos-poikasten-alasvaellus-on-turvattava\/"},"author":{"name":"kerttuvali","@id":"https:\/\/www.victoriamedia.org\/kalastusviesti\/#\/schema\/person\/df29131d02ead3f61cdeeef5d30a6771"},"headline":"Kalatiet yksin eiv\u00e4t riit\u00e4 \u2013 my\u00f6s poikasten alasvaellus on turvattava","datePublished":"2014-04-22T10:27:36+00:00","mainEntityOfPage":{"@id":"https:\/\/www.victoriamedia.org\/kalastusviesti\/kalatiet-yksin-eivat-riita-myos-poikasten-alasvaellus-on-turvattava\/"},"wordCount":245,"image":{"@id":"https:\/\/www.victoriamedia.org\/kalastusviesti\/kalatiet-yksin-eivat-riita-myos-poikasten-alasvaellus-on-turvattava\/#primaryimage"},"thumbnailUrl":"http:\/\/www.victoriamedia.org\/kalastusviesti\/wp-content\/uploads\/2014\/04\/vaelluspoikasten_alasvaellus-213x300.png","articleSection":["Kalatiet","RKTL","Vaelluskalat"],"inLanguage":"en-US"},{"@type":"WebPage","@id":"https:\/\/www.victoriamedia.org\/kalastusviesti\/kalatiet-yksin-eivat-riita-myos-poikasten-alasvaellus-on-turvattava\/","url":"https:\/\/www.victoriamedia.org\/kalastusviesti\/kalatiet-yksin-eivat-riita-myos-poikasten-alasvaellus-on-turvattava\/","name":"Kalatiet yksin eiv\u00e4t riit\u00e4 \u2013 my\u00f6s poikasten alasvaellus on turvattava - KALASTUSVIESTI","isPartOf":{"@id":"https:\/\/www.victoriamedia.org\/kalastusviesti\/#website"},"primaryImageOfPage":{"@id":"https:\/\/www.victoriamedia.org\/kalastusviesti\/kalatiet-yksin-eivat-riita-myos-poikasten-alasvaellus-on-turvattava\/#primaryimage"},"image":{"@id":"https:\/\/www.victoriamedia.org\/kalastusviesti\/kalatiet-yksin-eivat-riita-myos-poikasten-alasvaellus-on-turvattava\/#primaryimage"},"thumbnailUrl":"http:\/\/www.victoriamedia.org\/kalastusviesti\/wp-content\/uploads\/2014\/04\/vaelluspoikasten_alasvaellus-213x300.png","datePublished":"2014-04-22T10:27:36+00:00","author":{"@id":"https:\/\/www.victoriamedia.org\/kalastusviesti\/#\/schema\/person\/df29131d02ead3f61cdeeef5d30a6771"},"breadcrumb":{"@id":"https:\/\/www.victoriamedia.org\/kalastusviesti\/kalatiet-yksin-eivat-riita-myos-poikasten-alasvaellus-on-turvattava\/#breadcrumb"},"inLanguage":"en-US","potentialAction":[{"@type":"ReadAction","target":["https:\/\/www.victoriamedia.org\/kalastusviesti\/kalatiet-yksin-eivat-riita-myos-poikasten-alasvaellus-on-turvattava\/"]}]},{"@type":"ImageObject","inLanguage":"en-US","@id":"https:\/\/www.victoriamedia.org\/kalastusviesti\/kalatiet-yksin-eivat-riita-myos-poikasten-alasvaellus-on-turvattava\/#primaryimage","url":"https:\/\/www.victoriamedia.org\/kalastusviesti\/wp-content\/uploads\/2014\/04\/vaelluspoikasten_alasvaellus.png","contentUrl":"https:\/\/www.victoriamedia.org\/kalastusviesti\/wp-content\/uploads\/2014\/04\/vaelluspoikasten_alasvaellus.png","width":505,"height":708},{"@type":"BreadcrumbList","@id":"https:\/\/www.victoriamedia.org\/kalastusviesti\/kalatiet-yksin-eivat-riita-myos-poikasten-alasvaellus-on-turvattava\/#breadcrumb","itemListElement":[{"@type":"ListItem","position":1,"name":"Home","item":"https:\/\/www.victoriamedia.org\/kalastusviesti\/"},{"@type":"ListItem","position":2,"name":"Kalatiet yksin eiv\u00e4t riit\u00e4 \u2013 my\u00f6s poikasten alasvaellus on turvattava"}]},{"@type":"WebSite","@id":"https:\/\/www.victoriamedia.org\/kalastusviesti\/#website","url":"https:\/\/www.victoriamedia.org\/kalastusviesti\/","name":"KALASTUSVIESTI","description":"","potentialAction":[{"@type":"SearchAction","target":{"@type":"EntryPoint","urlTemplate":"https:\/\/www.victoriamedia.org\/kalastusviesti\/?s={search_term_string}"},"query-input":{"@type":"PropertyValueSpecification","valueRequired":true,"valueName":"search_term_string"}}],"inLanguage":"en-US"},{"@type":"Person","@id":"https:\/\/www.victoriamedia.org\/kalastusviesti\/#\/schema\/person\/df29131d02ead3f61cdeeef5d30a6771","name":"kerttuvali","image":{"@type":"ImageObject","inLanguage":"en-US","@id":"https:\/\/secure.gravatar.com\/avatar\/62dbe1a847f655ad987c59fece23f885c4b0e7b06595c36d9597003852972217?s=96&d=mm&r=g","url":"https:\/\/secure.gravatar.com\/avatar\/62dbe1a847f655ad987c59fece23f885c4b0e7b06595c36d9597003852972217?s=96&d=mm&r=g","contentUrl":"https:\/\/secure.gravatar.com\/avatar\/62dbe1a847f655ad987c59fece23f885c4b0e7b06595c36d9597003852972217?s=96&d=mm&r=g","caption":"kerttuvali"},"url":"https:\/\/www.victoriamedia.org\/kalastusviesti\/author\/kerttuvali\/"}]}},"_links":{"self":[{"href":"https:\/\/www.victoriamedia.org\/kalastusviesti\/wp-json\/wp\/v2\/posts\/310","targetHints":{"allow":["GET"]}}],"collection":[{"href":"https:\/\/www.victoriamedia.org\/kalastusviesti\/wp-json\/wp\/v2\/posts"}],"about":[{"href":"https:\/\/www.victoriamedia.org\/kalastusviesti\/wp-json\/wp\/v2\/types\/post"}],"author":[{"embeddable":true,"href":"https:\/\/www.victoriamedia.org\/kalastusviesti\/wp-json\/wp\/v2\/users\/1"}],"replies":[{"embeddable":true,"href":"https:\/\/www.victoriamedia.org\/kalastusviesti\/wp-json\/wp\/v2\/comments?post=310"}],"version-history":[{"count":1,"href":"https:\/\/www.victoriamedia.org\/kalastusviesti\/wp-json\/wp\/v2\/posts\/310\/revisions"}],"predecessor-version":[{"id":312,"href":"https:\/\/www.victoriamedia.org\/kalastusviesti\/wp-json\/wp\/v2\/posts\/310\/revisions\/312"}],"wp:attachment":[{"href":"https:\/\/www.victoriamedia.org\/kalastusviesti\/wp-json\/wp\/v2\/media?parent=310"}],"wp:term":[{"taxonomy":"category","embeddable":true,"href":"https:\/\/www.victoriamedia.org\/kalastusviesti\/wp-json\/wp\/v2\/categories?post=310"},{"taxonomy":"post_tag","embeddable":true,"href":"https:\/\/www.victoriamedia.org\/kalastusviesti\/wp-json\/wp\/v2\/tags?post=310"}],"curies":[{"name":"wp","href":"https:\/\/api.w.org\/{rel}","templated":true}]}}