{"id":238,"date":"2014-01-23T11:19:06","date_gmt":"2014-01-23T11:19:06","guid":{"rendered":"http:\/\/www.victoriamedia.org\/kalastusviesti\/?p=238"},"modified":"2014-01-23T11:19:06","modified_gmt":"2014-01-23T11:19:06","slug":"keski-suomen-ely-keskus-talvikalastuskausi-on-alkanut-mita-kalastajan-pitaa-muistaa","status":"publish","type":"post","link":"https:\/\/www.victoriamedia.org\/kalastusviesti\/keski-suomen-ely-keskus-talvikalastuskausi-on-alkanut-mita-kalastajan-pitaa-muistaa\/","title":{"rendered":"Keski-Suomen ELY-keskus: Talvikalastuskausi on alkanut  Mit\u00e4 kalastajan pit\u00e4\u00e4 muistaa"},"content":{"rendered":"<p><strong>Pyydysten merkint\u00e4<\/strong><\/p>\n<p>Uusi kalastusasetus m\u00e4\u00e4r\u00e4si jo huhtikuussa 2012 merkitsem\u00e4\u00e4n pyydykset uuden kalastusasetuksen mukaisesti. Kalastajat ovat hiljalleen omaksumassa uuden pyydysten merkitsemistavan. Kalastuksenvalvojat ovat t\u00e4h\u00e4n asti suhtautuneet pyydysten merkint\u00e4\u00e4n ohjaavasti ja neuvovasti. Nyt kalastajien oletetaan omaksuneen uudet s\u00e4\u00e4nn\u00f6kset. Ne ovat talvikalastuksessa selke\u00e4mpi\u00e4 kuin avovesikaudella.<\/p>\n<p><a href=\"https:\/\/www.victoriamedia.org\/kalastusviesti\/wp-content\/uploads\/2014\/01\/Talviverkon-merkint\u00e4.jpg\"><img loading=\"lazy\" decoding=\"async\" class=\"alignnone size-large wp-image-239\" alt=\"Talviverkon merkint\u00e4\" src=\"https:\/\/www.victoriamedia.org\/kalastusviesti\/wp-content\/uploads\/2014\/01\/Talviverkon-merkint\u00e4-1024x724.jpg\" width=\"640\" height=\"452\" srcset=\"https:\/\/www.victoriamedia.org\/kalastusviesti\/wp-content\/uploads\/2014\/01\/Talviverkon-merkint\u00e4-1024x724.jpg 1024w, https:\/\/www.victoriamedia.org\/kalastusviesti\/wp-content\/uploads\/2014\/01\/Talviverkon-merkint\u00e4-300x212.jpg 300w\" sizes=\"auto, (max-width: 640px) 100vw, 640px\" \/><\/a><\/p>\n<p>Talvikalastuksessa pyydykset merkit\u00e4\u00e4n seuraavasti:<\/p>\n<p>J\u00e4\u00e4lt\u00e4 kalastettaessa pyydys ja kalastamista varten tehdyt, halkaisijaltaan yli 40 cm:n avannot on merkitt\u00e4v\u00e4 v\u00e4hint\u00e4\u00e4n 1,2 metri\u00e4 j\u00e4\u00e4n pinnasta ulottuvalla merkkisalolla, joka ei ole v\u00e4rilt\u00e4\u00e4n valkoinen. Salkoon on laitettava kaikkiin sivusuuntiin n\u00e4kyv\u00e4 2 cm korkea heijastin. Jos pyydys tai usean yhteen liitetyn pyydyksen muodostama kokonaisuus on pituudeltaan yli 10 metri\u00e4, on merkkisalkoa k\u00e4ytett\u00e4v\u00e4 pyydyksen molemmissa p\u00e4iss\u00e4. N\u00e4inh\u00e4n on verkkokalastuksessa aina k\u00e4yt\u00e4nt\u00f6. Lis\u00e4ksi, jos verkkoja lasketaan samasta avannosta useaan eri suuntaan, on jokaisen verkon ulommainen p\u00e4\u00e4 merkitt\u00e4v\u00e4 1,2 metrisell\u00e4 salolla vaikka avannon halkaisija ei olisikaan yli 40 cm. Avannon 40 cm:n halkaisijamitalla tarkoitetaan p\u00e4\u00e4s\u00e4\u00e4nt\u00f6isesti ns. pyydysten laskemista varten tehtyj\u00e4 &#8220;v\u00e4liavantoja&#8221;. Verkkopyydykset merkit\u00e4\u00e4n siis aina molemmista p\u00e4ist\u00e4. Katiska-, iskukoukku- ja pystyrys\u00e4avannon merkint\u00e4\u00e4n k\u00e4ytet\u00e4\u00e4n yht\u00e4 v\u00e4hint\u00e4\u00e4n 1,2 metrist\u00e4 salkoa heijastimineen.<\/p>\n<p>Pyydyksen merkkisalon yhteyteen tulee lis\u00e4ksi kiinnitt\u00e4\u00e4 pyydyksen asettajan nimi- ja yhteystiedot (puhelinnumero) sek\u00e4 kalastusoikeuden osoittava merkki.<\/p>\n<p><strong>Lohikaloille uudet alamitat<\/strong><\/p>\n<p>Lohikalojen alamitat nousivat koko maassa ja nieri\u00e4 rauhoitettiin Vuoksen vesist\u00f6alueella kokonaan vuoden 2014 alusta l\u00e4htien. Keski-Suomessa j\u00e4rvitaimenen ja j\u00e4rvilohen uusi alamitta on 60 senttimetri\u00e4 ja harjuksen alamitta 35 senttimetri\u00e4. J\u00e4rvitaimenen alamitta koskee kaikkia, my\u00f6s rasvaev\u00e4leikattuja j\u00e4rvitaimenia. Napapiirin pohjoispuolella j\u00e4rvitaimenen alamitta on 50 cm, j\u00e4rvilohen 60 cm ja harjuksen 30 cm. Vuoksen vesist\u00f6alueen nieri\u00e4 eli saimaannieri\u00e4 rauhoitetaan siis kokonaan, eli sen pyynti ja saaliiksi ottaminen on t\u00e4ysin kielletty\u00e4. Kalastajien tulee muistaa, ett\u00e4 alamittaisena saatu kala on laskettava takaisin veteen el\u00e4v\u00e4n\u00e4 tai kuolleena.<\/p>\n<p>Moni kalastusalue Keski-Suomessa on m\u00e4\u00e4r\u00e4nnyt kuhalle asetuksesta poikkeavan alamitan. N\u00e4in ovat tehneet Pohjois-P\u00e4ij\u00e4nteen, Etel\u00e4- ja Keski-P\u00e4ij\u00e4nteen ja Lepp\u00e4veden kalastusalueet (alamitta 40 cm), Keuruun, Saarij\u00e4rven ja Suonteen kalastusalueet (alamitta 45 cm) ja Kivij\u00e4rven kalastusalue (alamitta 42 cm). Muilla kalastusalueilla kuhan alamitta on asetuksen mukainen 37 cm. Pohjois-P\u00e4ij\u00e4nteen kalastusalue on lis\u00e4ksi m\u00e4\u00e4r\u00e4nnyt nieri\u00e4n alamitaksi 40 cm. P\u00e4ij\u00e4nteell\u00e4 nieri\u00e4 ei siis ole rauhoitettu.<\/p>\n<p>Uusien s\u00e4\u00e4nn\u00f6sten tarkoitus on turvata luonnonvaraiset kalakannat sek\u00e4 edist\u00e4\u00e4 kest\u00e4v\u00e4\u00e4 kalastusta.<\/p>\n<p><strong>Valtion kalastuksenhoitomaksu nousi vuoden alusta<\/strong><\/p>\n<p>Kaikkien 18-vuotta t\u00e4ytt\u00e4neiden ja alle 65-vuotiaiden, jotka harjoittavat esim. verkko- tai katiskakalastusta, tulee maksaa valtion kalastuksenhoitomaksu. Maksua ei tarvitse maksaa, jos harjoittaa vain onkimista tai pilkkimist\u00e4. \u00a0Lis\u00e4ksi pyydyskalastaja (my\u00f6s alle 18-vuotias ja yli 65-vuotias) tarvitsee vesialueen omistajan (kalastuskunnan) luvan. Kalastuksenhoitomaksu on vuonna 2014 24 \u20ac kalenterivuodelta tai 7 \u20ac seitsem\u00e4n vuorokauden kalastusjaksolta.<\/p>\n<p><a href=\"https:\/\/www.victoriamedia.org\/kalastusviesti\/wp-content\/uploads\/2014\/01\/Katiskan-iskukoukun-ja-pystyrys\u00e4n-merkint\u00e4.jpg\"><img loading=\"lazy\" decoding=\"async\" class=\"alignnone size-large wp-image-240\" alt=\"Katiskan iskukoukun ja pystyrys\u00e4n merkint\u00e4\" src=\"https:\/\/www.victoriamedia.org\/kalastusviesti\/wp-content\/uploads\/2014\/01\/Katiskan-iskukoukun-ja-pystyrys\u00e4n-merkint\u00e4-1024x716.jpg\" width=\"640\" height=\"447\" srcset=\"https:\/\/www.victoriamedia.org\/kalastusviesti\/wp-content\/uploads\/2014\/01\/Katiskan-iskukoukun-ja-pystyrys\u00e4n-merkint\u00e4-1024x716.jpg 1024w, https:\/\/www.victoriamedia.org\/kalastusviesti\/wp-content\/uploads\/2014\/01\/Katiskan-iskukoukun-ja-pystyrys\u00e4n-merkint\u00e4-300x209.jpg 300w\" sizes=\"auto, (max-width: 640px) 100vw, 640px\" \/><\/a><\/p>\n<p>Maksun voi suorittaa suoraan maa- ja mets\u00e4talousministeri\u00f6n tilille FI47 5000 0121 5028 42, ostaa maa- ja mets\u00e4talousministeri\u00f6n verkkokaupasta (<a href=\"http:\/\/www.mmm.fi\/\">www.mmm.fi<\/a>), postista, R-kioskista tai sen voi hankkia mobiilisti miss\u00e4 ja milloin vaan. Lis\u00e4ksi Internetiss\u00e4 on useita palveluita, josta valtion kalastuksenhoitomaksun voi ostaa. Maksukuitti tai sen kopio on pidett\u00e4v\u00e4 kalastettaessa aina mukana.<\/p>\n<p><strong>Liiku j\u00e4\u00e4ll\u00e4 turvallisesti<\/strong><\/p>\n<p>Jo viiden sentin paksuinen ter\u00e4sj\u00e4\u00e4 kantaa ihmisen, mutta j\u00e4\u00e4n paksuus voi vaihdella mm. veden virtausten vaikutuksesta; aikaisempina talvina kest\u00e4v\u00e4n j\u00e4\u00e4n alueet voivat virtausten vaikutuksesta muuttua heikkoj\u00e4isiksi alueiksi. My\u00f6s veden korkeudella on merkityst\u00e4 j\u00e4\u00e4n paksuuteen. Se, miten j\u00e4\u00e4 kantaa ajoneuvoa, riippuu j\u00e4\u00e4n laadun lis\u00e4ksi ajoneuvon painosta. Moottorikelkka ja m\u00f6nkij\u00e4 vaativat v\u00e4hint\u00e4\u00e4n 15 cm paksuisen j\u00e4\u00e4kannen ja autoilla tulisi liikkua ainoastaan merkityill\u00e4 j\u00e4\u00e4teill\u00e4. Kun l\u00e4hdet kalalle, kerro l\u00e4hiomaiselle tai tuttavalle reittisuunnitelmasi ja aikataulusi. Muista my\u00f6s ilmoittaa mahdollisista muutoksista. Muista lis\u00e4ksi aina pit\u00e4\u00e4 helposti k\u00e4sill\u00e4 olevat j\u00e4\u00e4naskalit mukana; joko kaulalla roikkumassa tai rintataskussa valmiina.<\/p>\n","protected":false},"excerpt":{"rendered":"<p>Pyydysten merkint\u00e4 Uusi kalastusasetus m\u00e4\u00e4r\u00e4si jo huhtikuussa 2012 merkitsem\u00e4\u00e4n pyydykset uuden kalastusasetuksen mukaisesti. Kalastajat ovat hiljalleen omaksumassa uuden pyydysten merkitsemistavan. Kalastuksenvalvojat ovat t\u00e4h\u00e4n asti suhtautuneet pyydysten merkint\u00e4\u00e4n ohjaavasti ja neuvovasti. Nyt kalastajien oletetaan omaksuneen uudet s\u00e4\u00e4nn\u00f6kset. Ne ovat talvikalastuksessa selke\u00e4mpi\u00e4 kuin avovesikaudella. Talvikalastuksessa pyydykset merkit\u00e4\u00e4n seuraavasti: J\u00e4\u00e4lt\u00e4 kalastettaessa pyydys ja kalastamista varten tehdyt, halkaisijaltaan yli [&hellip;]<\/p>\n","protected":false},"author":1,"featured_media":0,"comment_status":"closed","ping_status":"closed","sticky":false,"template":"","format":"standard","meta":{"footnotes":""},"categories":[63,64],"tags":[],"class_list":["post-238","post","type-post","status-publish","format-standard","hentry","category-keski-suomen-ely-keskus","category-talvikalastus","eq-blocks"],"yoast_head":"<!-- This site is optimized with the Yoast SEO plugin v27.5 - https:\/\/yoast.com\/product\/yoast-seo-wordpress\/ -->\n<title>Keski-Suomen ELY-keskus: Talvikalastuskausi on alkanut Mit\u00e4 kalastajan pit\u00e4\u00e4 muistaa  - KALASTUSVIESTI<\/title>\n<meta name=\"robots\" content=\"index, follow, max-snippet:-1, max-image-preview:large, max-video-preview:-1\" \/>\n<link rel=\"canonical\" href=\"https:\/\/www.victoriamedia.org\/kalastusviesti\/keski-suomen-ely-keskus-talvikalastuskausi-on-alkanut-mita-kalastajan-pitaa-muistaa\/\" \/>\n<meta property=\"og:locale\" content=\"en_US\" \/>\n<meta property=\"og:type\" content=\"article\" \/>\n<meta property=\"og:title\" content=\"Keski-Suomen ELY-keskus: Talvikalastuskausi on alkanut Mit\u00e4 kalastajan pit\u00e4\u00e4 muistaa  - KALASTUSVIESTI\" \/>\n<meta property=\"og:description\" content=\"Pyydysten merkint\u00e4 Uusi kalastusasetus m\u00e4\u00e4r\u00e4si jo huhtikuussa 2012 merkitsem\u00e4\u00e4n pyydykset uuden kalastusasetuksen mukaisesti. Kalastajat ovat hiljalleen omaksumassa uuden pyydysten merkitsemistavan. Kalastuksenvalvojat ovat t\u00e4h\u00e4n asti suhtautuneet pyydysten merkint\u00e4\u00e4n ohjaavasti ja neuvovasti. Nyt kalastajien oletetaan omaksuneen uudet s\u00e4\u00e4nn\u00f6kset. Ne ovat talvikalastuksessa selke\u00e4mpi\u00e4 kuin avovesikaudella. Talvikalastuksessa pyydykset merkit\u00e4\u00e4n seuraavasti: J\u00e4\u00e4lt\u00e4 kalastettaessa pyydys ja kalastamista varten tehdyt, halkaisijaltaan yli [&hellip;]\" \/>\n<meta property=\"og:url\" content=\"https:\/\/www.victoriamedia.org\/kalastusviesti\/keski-suomen-ely-keskus-talvikalastuskausi-on-alkanut-mita-kalastajan-pitaa-muistaa\/\" \/>\n<meta property=\"og:site_name\" content=\"KALASTUSVIESTI\" \/>\n<meta property=\"article:publisher\" content=\"https:\/\/www.facebook.com\/Kalastusviesti\" \/>\n<meta property=\"article:published_time\" content=\"2014-01-23T11:19:06+00:00\" \/>\n<meta name=\"author\" content=\"kerttuvali\" \/>\n<meta name=\"twitter:card\" content=\"summary_large_image\" \/>\n<meta name=\"twitter:creator\" content=\"@kalastusuutiset\" \/>\n<meta name=\"twitter:site\" content=\"@kalastusuutiset\" \/>\n<meta name=\"twitter:label1\" content=\"Written by\" \/>\n\t<meta name=\"twitter:data1\" content=\"kerttuvali\" \/>\n\t<meta name=\"twitter:label2\" content=\"Est. reading time\" \/>\n\t<meta name=\"twitter:data2\" content=\"3 minutes\" \/>\n<script type=\"application\/ld+json\" class=\"yoast-schema-graph\">{\"@context\":\"https:\\\/\\\/schema.org\",\"@graph\":[{\"@type\":\"Article\",\"@id\":\"https:\\\/\\\/www.victoriamedia.org\\\/kalastusviesti\\\/keski-suomen-ely-keskus-talvikalastuskausi-on-alkanut-mita-kalastajan-pitaa-muistaa\\\/#article\",\"isPartOf\":{\"@id\":\"https:\\\/\\\/www.victoriamedia.org\\\/kalastusviesti\\\/keski-suomen-ely-keskus-talvikalastuskausi-on-alkanut-mita-kalastajan-pitaa-muistaa\\\/\"},\"author\":{\"name\":\"kerttuvali\",\"@id\":\"https:\\\/\\\/www.victoriamedia.org\\\/kalastusviesti\\\/#\\\/schema\\\/person\\\/df29131d02ead3f61cdeeef5d30a6771\"},\"headline\":\"Keski-Suomen ELY-keskus: Talvikalastuskausi on alkanut Mit\u00e4 kalastajan pit\u00e4\u00e4 muistaa\",\"datePublished\":\"2014-01-23T11:19:06+00:00\",\"mainEntityOfPage\":{\"@id\":\"https:\\\/\\\/www.victoriamedia.org\\\/kalastusviesti\\\/keski-suomen-ely-keskus-talvikalastuskausi-on-alkanut-mita-kalastajan-pitaa-muistaa\\\/\"},\"wordCount\":626,\"articleSection\":[\"Keski-Suomen ELY-keskus\",\"Talvikalastus\"],\"inLanguage\":\"en-US\"},{\"@type\":\"WebPage\",\"@id\":\"https:\\\/\\\/www.victoriamedia.org\\\/kalastusviesti\\\/keski-suomen-ely-keskus-talvikalastuskausi-on-alkanut-mita-kalastajan-pitaa-muistaa\\\/\",\"url\":\"https:\\\/\\\/www.victoriamedia.org\\\/kalastusviesti\\\/keski-suomen-ely-keskus-talvikalastuskausi-on-alkanut-mita-kalastajan-pitaa-muistaa\\\/\",\"name\":\"Keski-Suomen ELY-keskus: Talvikalastuskausi on alkanut Mit\u00e4 kalastajan pit\u00e4\u00e4 muistaa - KALASTUSVIESTI\",\"isPartOf\":{\"@id\":\"https:\\\/\\\/www.victoriamedia.org\\\/kalastusviesti\\\/#website\"},\"datePublished\":\"2014-01-23T11:19:06+00:00\",\"author\":{\"@id\":\"https:\\\/\\\/www.victoriamedia.org\\\/kalastusviesti\\\/#\\\/schema\\\/person\\\/df29131d02ead3f61cdeeef5d30a6771\"},\"breadcrumb\":{\"@id\":\"https:\\\/\\\/www.victoriamedia.org\\\/kalastusviesti\\\/keski-suomen-ely-keskus-talvikalastuskausi-on-alkanut-mita-kalastajan-pitaa-muistaa\\\/#breadcrumb\"},\"inLanguage\":\"en-US\",\"potentialAction\":[{\"@type\":\"ReadAction\",\"target\":[\"https:\\\/\\\/www.victoriamedia.org\\\/kalastusviesti\\\/keski-suomen-ely-keskus-talvikalastuskausi-on-alkanut-mita-kalastajan-pitaa-muistaa\\\/\"]}]},{\"@type\":\"BreadcrumbList\",\"@id\":\"https:\\\/\\\/www.victoriamedia.org\\\/kalastusviesti\\\/keski-suomen-ely-keskus-talvikalastuskausi-on-alkanut-mita-kalastajan-pitaa-muistaa\\\/#breadcrumb\",\"itemListElement\":[{\"@type\":\"ListItem\",\"position\":1,\"name\":\"Home\",\"item\":\"https:\\\/\\\/www.victoriamedia.org\\\/kalastusviesti\\\/\"},{\"@type\":\"ListItem\",\"position\":2,\"name\":\"Keski-Suomen ELY-keskus: Talvikalastuskausi on alkanut Mit\u00e4 kalastajan pit\u00e4\u00e4 muistaa\"}]},{\"@type\":\"WebSite\",\"@id\":\"https:\\\/\\\/www.victoriamedia.org\\\/kalastusviesti\\\/#website\",\"url\":\"https:\\\/\\\/www.victoriamedia.org\\\/kalastusviesti\\\/\",\"name\":\"KALASTUSVIESTI\",\"description\":\"\",\"potentialAction\":[{\"@type\":\"SearchAction\",\"target\":{\"@type\":\"EntryPoint\",\"urlTemplate\":\"https:\\\/\\\/www.victoriamedia.org\\\/kalastusviesti\\\/?s={search_term_string}\"},\"query-input\":{\"@type\":\"PropertyValueSpecification\",\"valueRequired\":true,\"valueName\":\"search_term_string\"}}],\"inLanguage\":\"en-US\"},{\"@type\":\"Person\",\"@id\":\"https:\\\/\\\/www.victoriamedia.org\\\/kalastusviesti\\\/#\\\/schema\\\/person\\\/df29131d02ead3f61cdeeef5d30a6771\",\"name\":\"kerttuvali\",\"image\":{\"@type\":\"ImageObject\",\"inLanguage\":\"en-US\",\"@id\":\"https:\\\/\\\/secure.gravatar.com\\\/avatar\\\/62dbe1a847f655ad987c59fece23f885c4b0e7b06595c36d9597003852972217?s=96&d=mm&r=g\",\"url\":\"https:\\\/\\\/secure.gravatar.com\\\/avatar\\\/62dbe1a847f655ad987c59fece23f885c4b0e7b06595c36d9597003852972217?s=96&d=mm&r=g\",\"contentUrl\":\"https:\\\/\\\/secure.gravatar.com\\\/avatar\\\/62dbe1a847f655ad987c59fece23f885c4b0e7b06595c36d9597003852972217?s=96&d=mm&r=g\",\"caption\":\"kerttuvali\"},\"url\":\"https:\\\/\\\/www.victoriamedia.org\\\/kalastusviesti\\\/author\\\/kerttuvali\\\/\"}]}<\/script>\n<!-- \/ Yoast SEO plugin. -->","yoast_head_json":{"title":"Keski-Suomen ELY-keskus: Talvikalastuskausi on alkanut Mit\u00e4 kalastajan pit\u00e4\u00e4 muistaa  - KALASTUSVIESTI","robots":{"index":"index","follow":"follow","max-snippet":"max-snippet:-1","max-image-preview":"max-image-preview:large","max-video-preview":"max-video-preview:-1"},"canonical":"https:\/\/www.victoriamedia.org\/kalastusviesti\/keski-suomen-ely-keskus-talvikalastuskausi-on-alkanut-mita-kalastajan-pitaa-muistaa\/","og_locale":"en_US","og_type":"article","og_title":"Keski-Suomen ELY-keskus: Talvikalastuskausi on alkanut Mit\u00e4 kalastajan pit\u00e4\u00e4 muistaa  - KALASTUSVIESTI","og_description":"Pyydysten merkint\u00e4 Uusi kalastusasetus m\u00e4\u00e4r\u00e4si jo huhtikuussa 2012 merkitsem\u00e4\u00e4n pyydykset uuden kalastusasetuksen mukaisesti. Kalastajat ovat hiljalleen omaksumassa uuden pyydysten merkitsemistavan. Kalastuksenvalvojat ovat t\u00e4h\u00e4n asti suhtautuneet pyydysten merkint\u00e4\u00e4n ohjaavasti ja neuvovasti. Nyt kalastajien oletetaan omaksuneen uudet s\u00e4\u00e4nn\u00f6kset. Ne ovat talvikalastuksessa selke\u00e4mpi\u00e4 kuin avovesikaudella. Talvikalastuksessa pyydykset merkit\u00e4\u00e4n seuraavasti: J\u00e4\u00e4lt\u00e4 kalastettaessa pyydys ja kalastamista varten tehdyt, halkaisijaltaan yli [&hellip;]","og_url":"https:\/\/www.victoriamedia.org\/kalastusviesti\/keski-suomen-ely-keskus-talvikalastuskausi-on-alkanut-mita-kalastajan-pitaa-muistaa\/","og_site_name":"KALASTUSVIESTI","article_publisher":"https:\/\/www.facebook.com\/Kalastusviesti","article_published_time":"2014-01-23T11:19:06+00:00","author":"kerttuvali","twitter_card":"summary_large_image","twitter_creator":"@kalastusuutiset","twitter_site":"@kalastusuutiset","twitter_misc":{"Written by":"kerttuvali","Est. reading time":"3 minutes"},"schema":{"@context":"https:\/\/schema.org","@graph":[{"@type":"Article","@id":"https:\/\/www.victoriamedia.org\/kalastusviesti\/keski-suomen-ely-keskus-talvikalastuskausi-on-alkanut-mita-kalastajan-pitaa-muistaa\/#article","isPartOf":{"@id":"https:\/\/www.victoriamedia.org\/kalastusviesti\/keski-suomen-ely-keskus-talvikalastuskausi-on-alkanut-mita-kalastajan-pitaa-muistaa\/"},"author":{"name":"kerttuvali","@id":"https:\/\/www.victoriamedia.org\/kalastusviesti\/#\/schema\/person\/df29131d02ead3f61cdeeef5d30a6771"},"headline":"Keski-Suomen ELY-keskus: Talvikalastuskausi on alkanut Mit\u00e4 kalastajan pit\u00e4\u00e4 muistaa","datePublished":"2014-01-23T11:19:06+00:00","mainEntityOfPage":{"@id":"https:\/\/www.victoriamedia.org\/kalastusviesti\/keski-suomen-ely-keskus-talvikalastuskausi-on-alkanut-mita-kalastajan-pitaa-muistaa\/"},"wordCount":626,"articleSection":["Keski-Suomen ELY-keskus","Talvikalastus"],"inLanguage":"en-US"},{"@type":"WebPage","@id":"https:\/\/www.victoriamedia.org\/kalastusviesti\/keski-suomen-ely-keskus-talvikalastuskausi-on-alkanut-mita-kalastajan-pitaa-muistaa\/","url":"https:\/\/www.victoriamedia.org\/kalastusviesti\/keski-suomen-ely-keskus-talvikalastuskausi-on-alkanut-mita-kalastajan-pitaa-muistaa\/","name":"Keski-Suomen ELY-keskus: Talvikalastuskausi on alkanut Mit\u00e4 kalastajan pit\u00e4\u00e4 muistaa - KALASTUSVIESTI","isPartOf":{"@id":"https:\/\/www.victoriamedia.org\/kalastusviesti\/#website"},"datePublished":"2014-01-23T11:19:06+00:00","author":{"@id":"https:\/\/www.victoriamedia.org\/kalastusviesti\/#\/schema\/person\/df29131d02ead3f61cdeeef5d30a6771"},"breadcrumb":{"@id":"https:\/\/www.victoriamedia.org\/kalastusviesti\/keski-suomen-ely-keskus-talvikalastuskausi-on-alkanut-mita-kalastajan-pitaa-muistaa\/#breadcrumb"},"inLanguage":"en-US","potentialAction":[{"@type":"ReadAction","target":["https:\/\/www.victoriamedia.org\/kalastusviesti\/keski-suomen-ely-keskus-talvikalastuskausi-on-alkanut-mita-kalastajan-pitaa-muistaa\/"]}]},{"@type":"BreadcrumbList","@id":"https:\/\/www.victoriamedia.org\/kalastusviesti\/keski-suomen-ely-keskus-talvikalastuskausi-on-alkanut-mita-kalastajan-pitaa-muistaa\/#breadcrumb","itemListElement":[{"@type":"ListItem","position":1,"name":"Home","item":"https:\/\/www.victoriamedia.org\/kalastusviesti\/"},{"@type":"ListItem","position":2,"name":"Keski-Suomen ELY-keskus: Talvikalastuskausi on alkanut Mit\u00e4 kalastajan pit\u00e4\u00e4 muistaa"}]},{"@type":"WebSite","@id":"https:\/\/www.victoriamedia.org\/kalastusviesti\/#website","url":"https:\/\/www.victoriamedia.org\/kalastusviesti\/","name":"KALASTUSVIESTI","description":"","potentialAction":[{"@type":"SearchAction","target":{"@type":"EntryPoint","urlTemplate":"https:\/\/www.victoriamedia.org\/kalastusviesti\/?s={search_term_string}"},"query-input":{"@type":"PropertyValueSpecification","valueRequired":true,"valueName":"search_term_string"}}],"inLanguage":"en-US"},{"@type":"Person","@id":"https:\/\/www.victoriamedia.org\/kalastusviesti\/#\/schema\/person\/df29131d02ead3f61cdeeef5d30a6771","name":"kerttuvali","image":{"@type":"ImageObject","inLanguage":"en-US","@id":"https:\/\/secure.gravatar.com\/avatar\/62dbe1a847f655ad987c59fece23f885c4b0e7b06595c36d9597003852972217?s=96&d=mm&r=g","url":"https:\/\/secure.gravatar.com\/avatar\/62dbe1a847f655ad987c59fece23f885c4b0e7b06595c36d9597003852972217?s=96&d=mm&r=g","contentUrl":"https:\/\/secure.gravatar.com\/avatar\/62dbe1a847f655ad987c59fece23f885c4b0e7b06595c36d9597003852972217?s=96&d=mm&r=g","caption":"kerttuvali"},"url":"https:\/\/www.victoriamedia.org\/kalastusviesti\/author\/kerttuvali\/"}]}},"_links":{"self":[{"href":"https:\/\/www.victoriamedia.org\/kalastusviesti\/wp-json\/wp\/v2\/posts\/238","targetHints":{"allow":["GET"]}}],"collection":[{"href":"https:\/\/www.victoriamedia.org\/kalastusviesti\/wp-json\/wp\/v2\/posts"}],"about":[{"href":"https:\/\/www.victoriamedia.org\/kalastusviesti\/wp-json\/wp\/v2\/types\/post"}],"author":[{"embeddable":true,"href":"https:\/\/www.victoriamedia.org\/kalastusviesti\/wp-json\/wp\/v2\/users\/1"}],"replies":[{"embeddable":true,"href":"https:\/\/www.victoriamedia.org\/kalastusviesti\/wp-json\/wp\/v2\/comments?post=238"}],"version-history":[{"count":1,"href":"https:\/\/www.victoriamedia.org\/kalastusviesti\/wp-json\/wp\/v2\/posts\/238\/revisions"}],"predecessor-version":[{"id":241,"href":"https:\/\/www.victoriamedia.org\/kalastusviesti\/wp-json\/wp\/v2\/posts\/238\/revisions\/241"}],"wp:attachment":[{"href":"https:\/\/www.victoriamedia.org\/kalastusviesti\/wp-json\/wp\/v2\/media?parent=238"}],"wp:term":[{"taxonomy":"category","embeddable":true,"href":"https:\/\/www.victoriamedia.org\/kalastusviesti\/wp-json\/wp\/v2\/categories?post=238"},{"taxonomy":"post_tag","embeddable":true,"href":"https:\/\/www.victoriamedia.org\/kalastusviesti\/wp-json\/wp\/v2\/tags?post=238"}],"curies":[{"name":"wp","href":"https:\/\/api.w.org\/{rel}","templated":true}]}}