{"id":232,"date":"2014-01-10T11:46:09","date_gmt":"2014-01-10T11:46:09","guid":{"rendered":"http:\/\/www.victoriamedia.org\/kalastusviesti\/?p=232"},"modified":"2014-01-10T11:46:09","modified_gmt":"2014-01-10T11:46:09","slug":"kalojen-alamitat-nousivat-saimaannieria-rauhoitettiin-kokonaan","status":"publish","type":"post","link":"https:\/\/www.victoriamedia.org\/kalastusviesti\/kalojen-alamitat-nousivat-saimaannieria-rauhoitettiin-kokonaan\/","title":{"rendered":"Kalojen alamitat nousivat, saimaannieri\u00e4 rauhoitettiin kokonaan"},"content":{"rendered":"<p>Nelj\u00e4n lohikalan alamitat nousivat ja nieri\u00e4 rauhoitettiin Vuoksen vesist\u00f6alueella kokonaan vuoden 2014 alusta l\u00e4htien.<\/p>\n<p>Luonnonvesist\u00e4 pyydetyn meritaimenen ja j\u00e4rvilohen uusi alamitta on 60 senttimetri\u00e4. J\u00e4rvitaimenen uusi alamitta on 60 senttimetri\u00e4 67 leveysasteen (67\u00ba00&#8217;N) etel\u00e4puolella ja 50 senttimetri\u00e4 sen pohjoispuolella. Leveysaste 67\u00ba00&#8217;N sijaitsee noin 50 km napapiirilt\u00e4 pohjoiseen. Harjuksen alamitta nousee 67 leveysasteen etel\u00e4puolisissa vesiss\u00e4 35 senttimetriin, pohjoispuolisissa vesiss\u00e4 alamitta s\u00e4ilyy 30 senttimetriss\u00e4. Vuoksen vesist\u00f6alueen nieri\u00e4 eli saimaannieri\u00e4 rauhoitetaan kokonaan, eli sen pyynti ja saaliiksi ottaminen on t\u00e4ysin kielletty\u00e4.<\/p>\n<p>Uusien s\u00e4\u00e4nn\u00f6sten tarkoitus on turvata luonnonvaraiset kalakannat sek\u00e4 edist\u00e4\u00e4 kest\u00e4v\u00e4\u00e4 kalastusta.<\/p>\n","protected":false},"excerpt":{"rendered":"<p>Nelj\u00e4n lohikalan alamitat nousivat ja nieri\u00e4 rauhoitettiin Vuoksen vesist\u00f6alueella kokonaan vuoden 2014 alusta l\u00e4htien. Luonnonvesist\u00e4 pyydetyn meritaimenen ja j\u00e4rvilohen uusi alamitta on 60 senttimetri\u00e4. J\u00e4rvitaimenen uusi alamitta on 60 senttimetri\u00e4 67 leveysasteen (67\u00ba00&#8217;N) etel\u00e4puolella ja 50 senttimetri\u00e4 sen pohjoispuolella. Leveysaste 67\u00ba00&#8217;N sijaitsee noin 50 km napapiirilt\u00e4 pohjoiseen. Harjuksen alamitta nousee 67 leveysasteen etel\u00e4puolisissa vesiss\u00e4 35 [&hellip;]<\/p>\n","protected":false},"author":1,"featured_media":0,"comment_status":"closed","ping_status":"closed","sticky":false,"template":"","format":"standard","meta":{"footnotes":""},"categories":[33],"tags":[],"class_list":["post-232","post","type-post","status-publish","format-standard","hentry","category-mmm","eq-blocks"],"yoast_head":"<!-- This site is optimized with the Yoast SEO plugin v27.5 - https:\/\/yoast.com\/product\/yoast-seo-wordpress\/ -->\n<title>Kalojen alamitat nousivat, saimaannieri\u00e4 rauhoitettiin kokonaan - KALASTUSVIESTI<\/title>\n<meta name=\"robots\" content=\"index, follow, max-snippet:-1, max-image-preview:large, max-video-preview:-1\" \/>\n<link rel=\"canonical\" href=\"https:\/\/www.victoriamedia.org\/kalastusviesti\/kalojen-alamitat-nousivat-saimaannieria-rauhoitettiin-kokonaan\/\" \/>\n<meta property=\"og:locale\" content=\"en_US\" \/>\n<meta property=\"og:type\" content=\"article\" \/>\n<meta property=\"og:title\" content=\"Kalojen alamitat nousivat, saimaannieri\u00e4 rauhoitettiin kokonaan - KALASTUSVIESTI\" \/>\n<meta property=\"og:description\" content=\"Nelj\u00e4n lohikalan alamitat nousivat ja nieri\u00e4 rauhoitettiin Vuoksen vesist\u00f6alueella kokonaan vuoden 2014 alusta l\u00e4htien. Luonnonvesist\u00e4 pyydetyn meritaimenen ja j\u00e4rvilohen uusi alamitta on 60 senttimetri\u00e4. J\u00e4rvitaimenen uusi alamitta on 60 senttimetri\u00e4 67 leveysasteen (67\u00ba00&#8217;N) etel\u00e4puolella ja 50 senttimetri\u00e4 sen pohjoispuolella. Leveysaste 67\u00ba00&#8217;N sijaitsee noin 50 km napapiirilt\u00e4 pohjoiseen. Harjuksen alamitta nousee 67 leveysasteen etel\u00e4puolisissa vesiss\u00e4 35 [&hellip;]\" \/>\n<meta property=\"og:url\" content=\"https:\/\/www.victoriamedia.org\/kalastusviesti\/kalojen-alamitat-nousivat-saimaannieria-rauhoitettiin-kokonaan\/\" \/>\n<meta property=\"og:site_name\" content=\"KALASTUSVIESTI\" \/>\n<meta property=\"article:publisher\" content=\"https:\/\/www.facebook.com\/Kalastusviesti\" \/>\n<meta property=\"article:published_time\" content=\"2014-01-10T11:46:09+00:00\" \/>\n<meta name=\"author\" content=\"kerttuvali\" \/>\n<meta name=\"twitter:card\" content=\"summary_large_image\" \/>\n<meta name=\"twitter:creator\" content=\"@kalastusuutiset\" \/>\n<meta name=\"twitter:site\" content=\"@kalastusuutiset\" \/>\n<meta name=\"twitter:label1\" content=\"Written by\" \/>\n\t<meta name=\"twitter:data1\" content=\"kerttuvali\" \/>\n<script type=\"application\/ld+json\" class=\"yoast-schema-graph\">{\"@context\":\"https:\\\/\\\/schema.org\",\"@graph\":[{\"@type\":\"Article\",\"@id\":\"https:\\\/\\\/www.victoriamedia.org\\\/kalastusviesti\\\/kalojen-alamitat-nousivat-saimaannieria-rauhoitettiin-kokonaan\\\/#article\",\"isPartOf\":{\"@id\":\"https:\\\/\\\/www.victoriamedia.org\\\/kalastusviesti\\\/kalojen-alamitat-nousivat-saimaannieria-rauhoitettiin-kokonaan\\\/\"},\"author\":{\"name\":\"kerttuvali\",\"@id\":\"https:\\\/\\\/www.victoriamedia.org\\\/kalastusviesti\\\/#\\\/schema\\\/person\\\/df29131d02ead3f61cdeeef5d30a6771\"},\"headline\":\"Kalojen alamitat nousivat, saimaannieri\u00e4 rauhoitettiin kokonaan\",\"datePublished\":\"2014-01-10T11:46:09+00:00\",\"mainEntityOfPage\":{\"@id\":\"https:\\\/\\\/www.victoriamedia.org\\\/kalastusviesti\\\/kalojen-alamitat-nousivat-saimaannieria-rauhoitettiin-kokonaan\\\/\"},\"wordCount\":99,\"articleSection\":[\"MMM\"],\"inLanguage\":\"en-US\"},{\"@type\":\"WebPage\",\"@id\":\"https:\\\/\\\/www.victoriamedia.org\\\/kalastusviesti\\\/kalojen-alamitat-nousivat-saimaannieria-rauhoitettiin-kokonaan\\\/\",\"url\":\"https:\\\/\\\/www.victoriamedia.org\\\/kalastusviesti\\\/kalojen-alamitat-nousivat-saimaannieria-rauhoitettiin-kokonaan\\\/\",\"name\":\"Kalojen alamitat nousivat, saimaannieri\u00e4 rauhoitettiin kokonaan - KALASTUSVIESTI\",\"isPartOf\":{\"@id\":\"https:\\\/\\\/www.victoriamedia.org\\\/kalastusviesti\\\/#website\"},\"datePublished\":\"2014-01-10T11:46:09+00:00\",\"author\":{\"@id\":\"https:\\\/\\\/www.victoriamedia.org\\\/kalastusviesti\\\/#\\\/schema\\\/person\\\/df29131d02ead3f61cdeeef5d30a6771\"},\"breadcrumb\":{\"@id\":\"https:\\\/\\\/www.victoriamedia.org\\\/kalastusviesti\\\/kalojen-alamitat-nousivat-saimaannieria-rauhoitettiin-kokonaan\\\/#breadcrumb\"},\"inLanguage\":\"en-US\",\"potentialAction\":[{\"@type\":\"ReadAction\",\"target\":[\"https:\\\/\\\/www.victoriamedia.org\\\/kalastusviesti\\\/kalojen-alamitat-nousivat-saimaannieria-rauhoitettiin-kokonaan\\\/\"]}]},{\"@type\":\"BreadcrumbList\",\"@id\":\"https:\\\/\\\/www.victoriamedia.org\\\/kalastusviesti\\\/kalojen-alamitat-nousivat-saimaannieria-rauhoitettiin-kokonaan\\\/#breadcrumb\",\"itemListElement\":[{\"@type\":\"ListItem\",\"position\":1,\"name\":\"Home\",\"item\":\"https:\\\/\\\/www.victoriamedia.org\\\/kalastusviesti\\\/\"},{\"@type\":\"ListItem\",\"position\":2,\"name\":\"Kalojen alamitat nousivat, saimaannieri\u00e4 rauhoitettiin kokonaan\"}]},{\"@type\":\"WebSite\",\"@id\":\"https:\\\/\\\/www.victoriamedia.org\\\/kalastusviesti\\\/#website\",\"url\":\"https:\\\/\\\/www.victoriamedia.org\\\/kalastusviesti\\\/\",\"name\":\"KALASTUSVIESTI\",\"description\":\"\",\"potentialAction\":[{\"@type\":\"SearchAction\",\"target\":{\"@type\":\"EntryPoint\",\"urlTemplate\":\"https:\\\/\\\/www.victoriamedia.org\\\/kalastusviesti\\\/?s={search_term_string}\"},\"query-input\":{\"@type\":\"PropertyValueSpecification\",\"valueRequired\":true,\"valueName\":\"search_term_string\"}}],\"inLanguage\":\"en-US\"},{\"@type\":\"Person\",\"@id\":\"https:\\\/\\\/www.victoriamedia.org\\\/kalastusviesti\\\/#\\\/schema\\\/person\\\/df29131d02ead3f61cdeeef5d30a6771\",\"name\":\"kerttuvali\",\"image\":{\"@type\":\"ImageObject\",\"inLanguage\":\"en-US\",\"@id\":\"https:\\\/\\\/secure.gravatar.com\\\/avatar\\\/62dbe1a847f655ad987c59fece23f885c4b0e7b06595c36d9597003852972217?s=96&d=mm&r=g\",\"url\":\"https:\\\/\\\/secure.gravatar.com\\\/avatar\\\/62dbe1a847f655ad987c59fece23f885c4b0e7b06595c36d9597003852972217?s=96&d=mm&r=g\",\"contentUrl\":\"https:\\\/\\\/secure.gravatar.com\\\/avatar\\\/62dbe1a847f655ad987c59fece23f885c4b0e7b06595c36d9597003852972217?s=96&d=mm&r=g\",\"caption\":\"kerttuvali\"},\"url\":\"https:\\\/\\\/www.victoriamedia.org\\\/kalastusviesti\\\/author\\\/kerttuvali\\\/\"}]}<\/script>\n<!-- \/ Yoast SEO plugin. -->","yoast_head_json":{"title":"Kalojen alamitat nousivat, saimaannieri\u00e4 rauhoitettiin kokonaan - KALASTUSVIESTI","robots":{"index":"index","follow":"follow","max-snippet":"max-snippet:-1","max-image-preview":"max-image-preview:large","max-video-preview":"max-video-preview:-1"},"canonical":"https:\/\/www.victoriamedia.org\/kalastusviesti\/kalojen-alamitat-nousivat-saimaannieria-rauhoitettiin-kokonaan\/","og_locale":"en_US","og_type":"article","og_title":"Kalojen alamitat nousivat, saimaannieri\u00e4 rauhoitettiin kokonaan - KALASTUSVIESTI","og_description":"Nelj\u00e4n lohikalan alamitat nousivat ja nieri\u00e4 rauhoitettiin Vuoksen vesist\u00f6alueella kokonaan vuoden 2014 alusta l\u00e4htien. Luonnonvesist\u00e4 pyydetyn meritaimenen ja j\u00e4rvilohen uusi alamitta on 60 senttimetri\u00e4. J\u00e4rvitaimenen uusi alamitta on 60 senttimetri\u00e4 67 leveysasteen (67\u00ba00&#8217;N) etel\u00e4puolella ja 50 senttimetri\u00e4 sen pohjoispuolella. Leveysaste 67\u00ba00&#8217;N sijaitsee noin 50 km napapiirilt\u00e4 pohjoiseen. Harjuksen alamitta nousee 67 leveysasteen etel\u00e4puolisissa vesiss\u00e4 35 [&hellip;]","og_url":"https:\/\/www.victoriamedia.org\/kalastusviesti\/kalojen-alamitat-nousivat-saimaannieria-rauhoitettiin-kokonaan\/","og_site_name":"KALASTUSVIESTI","article_publisher":"https:\/\/www.facebook.com\/Kalastusviesti","article_published_time":"2014-01-10T11:46:09+00:00","author":"kerttuvali","twitter_card":"summary_large_image","twitter_creator":"@kalastusuutiset","twitter_site":"@kalastusuutiset","twitter_misc":{"Written by":"kerttuvali"},"schema":{"@context":"https:\/\/schema.org","@graph":[{"@type":"Article","@id":"https:\/\/www.victoriamedia.org\/kalastusviesti\/kalojen-alamitat-nousivat-saimaannieria-rauhoitettiin-kokonaan\/#article","isPartOf":{"@id":"https:\/\/www.victoriamedia.org\/kalastusviesti\/kalojen-alamitat-nousivat-saimaannieria-rauhoitettiin-kokonaan\/"},"author":{"name":"kerttuvali","@id":"https:\/\/www.victoriamedia.org\/kalastusviesti\/#\/schema\/person\/df29131d02ead3f61cdeeef5d30a6771"},"headline":"Kalojen alamitat nousivat, saimaannieri\u00e4 rauhoitettiin kokonaan","datePublished":"2014-01-10T11:46:09+00:00","mainEntityOfPage":{"@id":"https:\/\/www.victoriamedia.org\/kalastusviesti\/kalojen-alamitat-nousivat-saimaannieria-rauhoitettiin-kokonaan\/"},"wordCount":99,"articleSection":["MMM"],"inLanguage":"en-US"},{"@type":"WebPage","@id":"https:\/\/www.victoriamedia.org\/kalastusviesti\/kalojen-alamitat-nousivat-saimaannieria-rauhoitettiin-kokonaan\/","url":"https:\/\/www.victoriamedia.org\/kalastusviesti\/kalojen-alamitat-nousivat-saimaannieria-rauhoitettiin-kokonaan\/","name":"Kalojen alamitat nousivat, saimaannieri\u00e4 rauhoitettiin kokonaan - KALASTUSVIESTI","isPartOf":{"@id":"https:\/\/www.victoriamedia.org\/kalastusviesti\/#website"},"datePublished":"2014-01-10T11:46:09+00:00","author":{"@id":"https:\/\/www.victoriamedia.org\/kalastusviesti\/#\/schema\/person\/df29131d02ead3f61cdeeef5d30a6771"},"breadcrumb":{"@id":"https:\/\/www.victoriamedia.org\/kalastusviesti\/kalojen-alamitat-nousivat-saimaannieria-rauhoitettiin-kokonaan\/#breadcrumb"},"inLanguage":"en-US","potentialAction":[{"@type":"ReadAction","target":["https:\/\/www.victoriamedia.org\/kalastusviesti\/kalojen-alamitat-nousivat-saimaannieria-rauhoitettiin-kokonaan\/"]}]},{"@type":"BreadcrumbList","@id":"https:\/\/www.victoriamedia.org\/kalastusviesti\/kalojen-alamitat-nousivat-saimaannieria-rauhoitettiin-kokonaan\/#breadcrumb","itemListElement":[{"@type":"ListItem","position":1,"name":"Home","item":"https:\/\/www.victoriamedia.org\/kalastusviesti\/"},{"@type":"ListItem","position":2,"name":"Kalojen alamitat nousivat, saimaannieri\u00e4 rauhoitettiin kokonaan"}]},{"@type":"WebSite","@id":"https:\/\/www.victoriamedia.org\/kalastusviesti\/#website","url":"https:\/\/www.victoriamedia.org\/kalastusviesti\/","name":"KALASTUSVIESTI","description":"","potentialAction":[{"@type":"SearchAction","target":{"@type":"EntryPoint","urlTemplate":"https:\/\/www.victoriamedia.org\/kalastusviesti\/?s={search_term_string}"},"query-input":{"@type":"PropertyValueSpecification","valueRequired":true,"valueName":"search_term_string"}}],"inLanguage":"en-US"},{"@type":"Person","@id":"https:\/\/www.victoriamedia.org\/kalastusviesti\/#\/schema\/person\/df29131d02ead3f61cdeeef5d30a6771","name":"kerttuvali","image":{"@type":"ImageObject","inLanguage":"en-US","@id":"https:\/\/secure.gravatar.com\/avatar\/62dbe1a847f655ad987c59fece23f885c4b0e7b06595c36d9597003852972217?s=96&d=mm&r=g","url":"https:\/\/secure.gravatar.com\/avatar\/62dbe1a847f655ad987c59fece23f885c4b0e7b06595c36d9597003852972217?s=96&d=mm&r=g","contentUrl":"https:\/\/secure.gravatar.com\/avatar\/62dbe1a847f655ad987c59fece23f885c4b0e7b06595c36d9597003852972217?s=96&d=mm&r=g","caption":"kerttuvali"},"url":"https:\/\/www.victoriamedia.org\/kalastusviesti\/author\/kerttuvali\/"}]}},"_links":{"self":[{"href":"https:\/\/www.victoriamedia.org\/kalastusviesti\/wp-json\/wp\/v2\/posts\/232","targetHints":{"allow":["GET"]}}],"collection":[{"href":"https:\/\/www.victoriamedia.org\/kalastusviesti\/wp-json\/wp\/v2\/posts"}],"about":[{"href":"https:\/\/www.victoriamedia.org\/kalastusviesti\/wp-json\/wp\/v2\/types\/post"}],"author":[{"embeddable":true,"href":"https:\/\/www.victoriamedia.org\/kalastusviesti\/wp-json\/wp\/v2\/users\/1"}],"replies":[{"embeddable":true,"href":"https:\/\/www.victoriamedia.org\/kalastusviesti\/wp-json\/wp\/v2\/comments?post=232"}],"version-history":[{"count":1,"href":"https:\/\/www.victoriamedia.org\/kalastusviesti\/wp-json\/wp\/v2\/posts\/232\/revisions"}],"predecessor-version":[{"id":233,"href":"https:\/\/www.victoriamedia.org\/kalastusviesti\/wp-json\/wp\/v2\/posts\/232\/revisions\/233"}],"wp:attachment":[{"href":"https:\/\/www.victoriamedia.org\/kalastusviesti\/wp-json\/wp\/v2\/media?parent=232"}],"wp:term":[{"taxonomy":"category","embeddable":true,"href":"https:\/\/www.victoriamedia.org\/kalastusviesti\/wp-json\/wp\/v2\/categories?post=232"},{"taxonomy":"post_tag","embeddable":true,"href":"https:\/\/www.victoriamedia.org\/kalastusviesti\/wp-json\/wp\/v2\/tags?post=232"}],"curies":[{"name":"wp","href":"https:\/\/api.w.org\/{rel}","templated":true}]}}