{"id":224,"date":"2013-12-18T10:37:16","date_gmt":"2013-12-18T10:37:16","guid":{"rendered":"http:\/\/www.victoriamedia.org\/kalastusviesti\/?p=224"},"modified":"2013-12-18T10:37:16","modified_gmt":"2013-12-18T10:37:16","slug":"neuvosto-paatti-ensi-vuoden-kalastuskiintioista","status":"publish","type":"post","link":"https:\/\/www.victoriamedia.org\/kalastusviesti\/neuvosto-paatti-ensi-vuoden-kalastuskiintioista\/","title":{"rendered":"Neuvosto p\u00e4\u00e4tti ensi vuoden kalastuskiinti\u00f6ist\u00e4"},"content":{"rendered":"<p>Maatalous- ja kalastusneuvosto p\u00e4\u00e4tti eilen illalla kokouksessaan Atlantin ja Pohjanmeren suurimmista sallituista kalansaaliista ja j\u00e4senmaiden kalastuskiinti\u00f6ist\u00e4. Suomen kannalta t\u00e4rke\u00e4t It\u00e4meren kalastuskiinti\u00f6t on ratkaistu jo lokakuussa.<\/p>\n<p>Kalakantojen tilan yleinen kohentuminen johti t\u00e4n\u00e4 vuonna siihen, ett\u00e4 maanantain ja tiistain neuvotteluissa saavutettiin ratkaisu totuttua varhaisemmassa vaiheessa. P\u00e4\u00e4t\u00f6s oli lopulta yksimielinen. Kalastuskomissaari\u00a0<i>Maria Damanaki\u00a0<\/i>totesi ratkaisun olevan vastuullinen ja johtavan kohti tavoitteena olevaa kalakantojen kest\u00e4v\u00e4\u00e4 enimm\u00e4istuottoa.<\/p>\n<p>Neuvoston yhteydess\u00e4 maa- ja mets\u00e4talousministeri\u00a0<i>Jari Koskinen<\/i>\u00a0allekirjoitti yhdess\u00e4 seitsem\u00e4n muun It\u00e4meren j\u00e4senmaan ministerin kanssa yhteisymm\u00e4rrysp\u00f6yt\u00e4kirjan BALTFISH-foorumin menettelyist\u00e4. BALTFISH on ep\u00e4virallinen It\u00e4meren j\u00e4senmaiden ministeri\u00f6iden v\u00e4linen kalatalousasioita alueellisella tasolla k\u00e4sittelev\u00e4 foorumi.<\/p>\n<p>Allekirjoitustilaisuudessa mukana ollut komissaari Damanaki totesi, ett\u00e4 BALTFISH on t\u00e4h\u00e4nastisen aktiivisen ja vastuullisen toimintansa perusteella osoittanut olevansa hyv\u00e4 esimerkki siit\u00e4, miten alueellisella tasolla voidaan ratkaista teknisi\u00e4 asioita entist\u00e4 sujuvammin EU:n kalastuspolitiikan uudistuksen alueellistamisen hengess\u00e4.<\/p>\n","protected":false},"excerpt":{"rendered":"<p>Maatalous- ja kalastusneuvosto p\u00e4\u00e4tti eilen illalla kokouksessaan Atlantin ja Pohjanmeren suurimmista sallituista kalansaaliista ja j\u00e4senmaiden kalastuskiinti\u00f6ist\u00e4. Suomen kannalta t\u00e4rke\u00e4t It\u00e4meren kalastuskiinti\u00f6t on ratkaistu jo lokakuussa. Kalakantojen tilan yleinen kohentuminen johti t\u00e4n\u00e4 vuonna siihen, ett\u00e4 maanantain ja tiistain neuvotteluissa saavutettiin ratkaisu totuttua varhaisemmassa vaiheessa. P\u00e4\u00e4t\u00f6s oli lopulta yksimielinen. Kalastuskomissaari\u00a0Maria Damanaki\u00a0totesi ratkaisun olevan vastuullinen ja johtavan kohti [&hellip;]<\/p>\n","protected":false},"author":1,"featured_media":0,"comment_status":"closed","ping_status":"closed","sticky":false,"template":"","format":"standard","meta":{"footnotes":""},"categories":[18,19],"tags":[],"class_list":["post-224","post","type-post","status-publish","format-standard","hentry","category-kalastus","category-maa-ja-metsatalousministerio","eq-blocks"],"yoast_head":"<!-- This site is optimized with the Yoast SEO plugin v27.5 - https:\/\/yoast.com\/product\/yoast-seo-wordpress\/ -->\n<title>Neuvosto p\u00e4\u00e4tti ensi vuoden kalastuskiinti\u00f6ist\u00e4 - KALASTUSVIESTI<\/title>\n<meta name=\"robots\" content=\"index, follow, max-snippet:-1, max-image-preview:large, max-video-preview:-1\" \/>\n<link rel=\"canonical\" href=\"https:\/\/www.victoriamedia.org\/kalastusviesti\/neuvosto-paatti-ensi-vuoden-kalastuskiintioista\/\" \/>\n<meta property=\"og:locale\" content=\"en_US\" \/>\n<meta property=\"og:type\" content=\"article\" \/>\n<meta property=\"og:title\" content=\"Neuvosto p\u00e4\u00e4tti ensi vuoden kalastuskiinti\u00f6ist\u00e4 - KALASTUSVIESTI\" \/>\n<meta property=\"og:description\" content=\"Maatalous- ja kalastusneuvosto p\u00e4\u00e4tti eilen illalla kokouksessaan Atlantin ja Pohjanmeren suurimmista sallituista kalansaaliista ja j\u00e4senmaiden kalastuskiinti\u00f6ist\u00e4. Suomen kannalta t\u00e4rke\u00e4t It\u00e4meren kalastuskiinti\u00f6t on ratkaistu jo lokakuussa. Kalakantojen tilan yleinen kohentuminen johti t\u00e4n\u00e4 vuonna siihen, ett\u00e4 maanantain ja tiistain neuvotteluissa saavutettiin ratkaisu totuttua varhaisemmassa vaiheessa. P\u00e4\u00e4t\u00f6s oli lopulta yksimielinen. Kalastuskomissaari\u00a0Maria Damanaki\u00a0totesi ratkaisun olevan vastuullinen ja johtavan kohti [&hellip;]\" \/>\n<meta property=\"og:url\" content=\"https:\/\/www.victoriamedia.org\/kalastusviesti\/neuvosto-paatti-ensi-vuoden-kalastuskiintioista\/\" \/>\n<meta property=\"og:site_name\" content=\"KALASTUSVIESTI\" \/>\n<meta property=\"article:publisher\" content=\"https:\/\/www.facebook.com\/Kalastusviesti\" \/>\n<meta property=\"article:published_time\" content=\"2013-12-18T10:37:16+00:00\" \/>\n<meta name=\"author\" content=\"kerttuvali\" \/>\n<meta name=\"twitter:card\" content=\"summary_large_image\" \/>\n<meta name=\"twitter:creator\" content=\"@kalastusuutiset\" \/>\n<meta name=\"twitter:site\" content=\"@kalastusuutiset\" \/>\n<meta name=\"twitter:label1\" content=\"Written by\" \/>\n\t<meta name=\"twitter:data1\" content=\"kerttuvali\" \/>\n\t<meta name=\"twitter:label2\" content=\"Est. reading time\" \/>\n\t<meta name=\"twitter:data2\" content=\"1 minute\" \/>\n<script type=\"application\/ld+json\" class=\"yoast-schema-graph\">{\"@context\":\"https:\\\/\\\/schema.org\",\"@graph\":[{\"@type\":\"Article\",\"@id\":\"https:\\\/\\\/www.victoriamedia.org\\\/kalastusviesti\\\/neuvosto-paatti-ensi-vuoden-kalastuskiintioista\\\/#article\",\"isPartOf\":{\"@id\":\"https:\\\/\\\/www.victoriamedia.org\\\/kalastusviesti\\\/neuvosto-paatti-ensi-vuoden-kalastuskiintioista\\\/\"},\"author\":{\"name\":\"kerttuvali\",\"@id\":\"https:\\\/\\\/www.victoriamedia.org\\\/kalastusviesti\\\/#\\\/schema\\\/person\\\/df29131d02ead3f61cdeeef5d30a6771\"},\"headline\":\"Neuvosto p\u00e4\u00e4tti ensi vuoden kalastuskiinti\u00f6ist\u00e4\",\"datePublished\":\"2013-12-18T10:37:16+00:00\",\"mainEntityOfPage\":{\"@id\":\"https:\\\/\\\/www.victoriamedia.org\\\/kalastusviesti\\\/neuvosto-paatti-ensi-vuoden-kalastuskiintioista\\\/\"},\"wordCount\":161,\"articleSection\":[\"Kalastus\",\"Maa- ja mets\u00e4talousministeri\u00f6\"],\"inLanguage\":\"en-US\"},{\"@type\":\"WebPage\",\"@id\":\"https:\\\/\\\/www.victoriamedia.org\\\/kalastusviesti\\\/neuvosto-paatti-ensi-vuoden-kalastuskiintioista\\\/\",\"url\":\"https:\\\/\\\/www.victoriamedia.org\\\/kalastusviesti\\\/neuvosto-paatti-ensi-vuoden-kalastuskiintioista\\\/\",\"name\":\"Neuvosto p\u00e4\u00e4tti ensi vuoden kalastuskiinti\u00f6ist\u00e4 - KALASTUSVIESTI\",\"isPartOf\":{\"@id\":\"https:\\\/\\\/www.victoriamedia.org\\\/kalastusviesti\\\/#website\"},\"datePublished\":\"2013-12-18T10:37:16+00:00\",\"author\":{\"@id\":\"https:\\\/\\\/www.victoriamedia.org\\\/kalastusviesti\\\/#\\\/schema\\\/person\\\/df29131d02ead3f61cdeeef5d30a6771\"},\"breadcrumb\":{\"@id\":\"https:\\\/\\\/www.victoriamedia.org\\\/kalastusviesti\\\/neuvosto-paatti-ensi-vuoden-kalastuskiintioista\\\/#breadcrumb\"},\"inLanguage\":\"en-US\",\"potentialAction\":[{\"@type\":\"ReadAction\",\"target\":[\"https:\\\/\\\/www.victoriamedia.org\\\/kalastusviesti\\\/neuvosto-paatti-ensi-vuoden-kalastuskiintioista\\\/\"]}]},{\"@type\":\"BreadcrumbList\",\"@id\":\"https:\\\/\\\/www.victoriamedia.org\\\/kalastusviesti\\\/neuvosto-paatti-ensi-vuoden-kalastuskiintioista\\\/#breadcrumb\",\"itemListElement\":[{\"@type\":\"ListItem\",\"position\":1,\"name\":\"Home\",\"item\":\"https:\\\/\\\/www.victoriamedia.org\\\/kalastusviesti\\\/\"},{\"@type\":\"ListItem\",\"position\":2,\"name\":\"Neuvosto p\u00e4\u00e4tti ensi vuoden kalastuskiinti\u00f6ist\u00e4\"}]},{\"@type\":\"WebSite\",\"@id\":\"https:\\\/\\\/www.victoriamedia.org\\\/kalastusviesti\\\/#website\",\"url\":\"https:\\\/\\\/www.victoriamedia.org\\\/kalastusviesti\\\/\",\"name\":\"KALASTUSVIESTI\",\"description\":\"\",\"potentialAction\":[{\"@type\":\"SearchAction\",\"target\":{\"@type\":\"EntryPoint\",\"urlTemplate\":\"https:\\\/\\\/www.victoriamedia.org\\\/kalastusviesti\\\/?s={search_term_string}\"},\"query-input\":{\"@type\":\"PropertyValueSpecification\",\"valueRequired\":true,\"valueName\":\"search_term_string\"}}],\"inLanguage\":\"en-US\"},{\"@type\":\"Person\",\"@id\":\"https:\\\/\\\/www.victoriamedia.org\\\/kalastusviesti\\\/#\\\/schema\\\/person\\\/df29131d02ead3f61cdeeef5d30a6771\",\"name\":\"kerttuvali\",\"image\":{\"@type\":\"ImageObject\",\"inLanguage\":\"en-US\",\"@id\":\"https:\\\/\\\/secure.gravatar.com\\\/avatar\\\/62dbe1a847f655ad987c59fece23f885c4b0e7b06595c36d9597003852972217?s=96&d=mm&r=g\",\"url\":\"https:\\\/\\\/secure.gravatar.com\\\/avatar\\\/62dbe1a847f655ad987c59fece23f885c4b0e7b06595c36d9597003852972217?s=96&d=mm&r=g\",\"contentUrl\":\"https:\\\/\\\/secure.gravatar.com\\\/avatar\\\/62dbe1a847f655ad987c59fece23f885c4b0e7b06595c36d9597003852972217?s=96&d=mm&r=g\",\"caption\":\"kerttuvali\"},\"url\":\"https:\\\/\\\/www.victoriamedia.org\\\/kalastusviesti\\\/author\\\/kerttuvali\\\/\"}]}<\/script>\n<!-- \/ Yoast SEO plugin. -->","yoast_head_json":{"title":"Neuvosto p\u00e4\u00e4tti ensi vuoden kalastuskiinti\u00f6ist\u00e4 - KALASTUSVIESTI","robots":{"index":"index","follow":"follow","max-snippet":"max-snippet:-1","max-image-preview":"max-image-preview:large","max-video-preview":"max-video-preview:-1"},"canonical":"https:\/\/www.victoriamedia.org\/kalastusviesti\/neuvosto-paatti-ensi-vuoden-kalastuskiintioista\/","og_locale":"en_US","og_type":"article","og_title":"Neuvosto p\u00e4\u00e4tti ensi vuoden kalastuskiinti\u00f6ist\u00e4 - KALASTUSVIESTI","og_description":"Maatalous- ja kalastusneuvosto p\u00e4\u00e4tti eilen illalla kokouksessaan Atlantin ja Pohjanmeren suurimmista sallituista kalansaaliista ja j\u00e4senmaiden kalastuskiinti\u00f6ist\u00e4. Suomen kannalta t\u00e4rke\u00e4t It\u00e4meren kalastuskiinti\u00f6t on ratkaistu jo lokakuussa. Kalakantojen tilan yleinen kohentuminen johti t\u00e4n\u00e4 vuonna siihen, ett\u00e4 maanantain ja tiistain neuvotteluissa saavutettiin ratkaisu totuttua varhaisemmassa vaiheessa. P\u00e4\u00e4t\u00f6s oli lopulta yksimielinen. Kalastuskomissaari\u00a0Maria Damanaki\u00a0totesi ratkaisun olevan vastuullinen ja johtavan kohti [&hellip;]","og_url":"https:\/\/www.victoriamedia.org\/kalastusviesti\/neuvosto-paatti-ensi-vuoden-kalastuskiintioista\/","og_site_name":"KALASTUSVIESTI","article_publisher":"https:\/\/www.facebook.com\/Kalastusviesti","article_published_time":"2013-12-18T10:37:16+00:00","author":"kerttuvali","twitter_card":"summary_large_image","twitter_creator":"@kalastusuutiset","twitter_site":"@kalastusuutiset","twitter_misc":{"Written by":"kerttuvali","Est. reading time":"1 minute"},"schema":{"@context":"https:\/\/schema.org","@graph":[{"@type":"Article","@id":"https:\/\/www.victoriamedia.org\/kalastusviesti\/neuvosto-paatti-ensi-vuoden-kalastuskiintioista\/#article","isPartOf":{"@id":"https:\/\/www.victoriamedia.org\/kalastusviesti\/neuvosto-paatti-ensi-vuoden-kalastuskiintioista\/"},"author":{"name":"kerttuvali","@id":"https:\/\/www.victoriamedia.org\/kalastusviesti\/#\/schema\/person\/df29131d02ead3f61cdeeef5d30a6771"},"headline":"Neuvosto p\u00e4\u00e4tti ensi vuoden kalastuskiinti\u00f6ist\u00e4","datePublished":"2013-12-18T10:37:16+00:00","mainEntityOfPage":{"@id":"https:\/\/www.victoriamedia.org\/kalastusviesti\/neuvosto-paatti-ensi-vuoden-kalastuskiintioista\/"},"wordCount":161,"articleSection":["Kalastus","Maa- ja mets\u00e4talousministeri\u00f6"],"inLanguage":"en-US"},{"@type":"WebPage","@id":"https:\/\/www.victoriamedia.org\/kalastusviesti\/neuvosto-paatti-ensi-vuoden-kalastuskiintioista\/","url":"https:\/\/www.victoriamedia.org\/kalastusviesti\/neuvosto-paatti-ensi-vuoden-kalastuskiintioista\/","name":"Neuvosto p\u00e4\u00e4tti ensi vuoden kalastuskiinti\u00f6ist\u00e4 - KALASTUSVIESTI","isPartOf":{"@id":"https:\/\/www.victoriamedia.org\/kalastusviesti\/#website"},"datePublished":"2013-12-18T10:37:16+00:00","author":{"@id":"https:\/\/www.victoriamedia.org\/kalastusviesti\/#\/schema\/person\/df29131d02ead3f61cdeeef5d30a6771"},"breadcrumb":{"@id":"https:\/\/www.victoriamedia.org\/kalastusviesti\/neuvosto-paatti-ensi-vuoden-kalastuskiintioista\/#breadcrumb"},"inLanguage":"en-US","potentialAction":[{"@type":"ReadAction","target":["https:\/\/www.victoriamedia.org\/kalastusviesti\/neuvosto-paatti-ensi-vuoden-kalastuskiintioista\/"]}]},{"@type":"BreadcrumbList","@id":"https:\/\/www.victoriamedia.org\/kalastusviesti\/neuvosto-paatti-ensi-vuoden-kalastuskiintioista\/#breadcrumb","itemListElement":[{"@type":"ListItem","position":1,"name":"Home","item":"https:\/\/www.victoriamedia.org\/kalastusviesti\/"},{"@type":"ListItem","position":2,"name":"Neuvosto p\u00e4\u00e4tti ensi vuoden kalastuskiinti\u00f6ist\u00e4"}]},{"@type":"WebSite","@id":"https:\/\/www.victoriamedia.org\/kalastusviesti\/#website","url":"https:\/\/www.victoriamedia.org\/kalastusviesti\/","name":"KALASTUSVIESTI","description":"","potentialAction":[{"@type":"SearchAction","target":{"@type":"EntryPoint","urlTemplate":"https:\/\/www.victoriamedia.org\/kalastusviesti\/?s={search_term_string}"},"query-input":{"@type":"PropertyValueSpecification","valueRequired":true,"valueName":"search_term_string"}}],"inLanguage":"en-US"},{"@type":"Person","@id":"https:\/\/www.victoriamedia.org\/kalastusviesti\/#\/schema\/person\/df29131d02ead3f61cdeeef5d30a6771","name":"kerttuvali","image":{"@type":"ImageObject","inLanguage":"en-US","@id":"https:\/\/secure.gravatar.com\/avatar\/62dbe1a847f655ad987c59fece23f885c4b0e7b06595c36d9597003852972217?s=96&d=mm&r=g","url":"https:\/\/secure.gravatar.com\/avatar\/62dbe1a847f655ad987c59fece23f885c4b0e7b06595c36d9597003852972217?s=96&d=mm&r=g","contentUrl":"https:\/\/secure.gravatar.com\/avatar\/62dbe1a847f655ad987c59fece23f885c4b0e7b06595c36d9597003852972217?s=96&d=mm&r=g","caption":"kerttuvali"},"url":"https:\/\/www.victoriamedia.org\/kalastusviesti\/author\/kerttuvali\/"}]}},"_links":{"self":[{"href":"https:\/\/www.victoriamedia.org\/kalastusviesti\/wp-json\/wp\/v2\/posts\/224","targetHints":{"allow":["GET"]}}],"collection":[{"href":"https:\/\/www.victoriamedia.org\/kalastusviesti\/wp-json\/wp\/v2\/posts"}],"about":[{"href":"https:\/\/www.victoriamedia.org\/kalastusviesti\/wp-json\/wp\/v2\/types\/post"}],"author":[{"embeddable":true,"href":"https:\/\/www.victoriamedia.org\/kalastusviesti\/wp-json\/wp\/v2\/users\/1"}],"replies":[{"embeddable":true,"href":"https:\/\/www.victoriamedia.org\/kalastusviesti\/wp-json\/wp\/v2\/comments?post=224"}],"version-history":[{"count":1,"href":"https:\/\/www.victoriamedia.org\/kalastusviesti\/wp-json\/wp\/v2\/posts\/224\/revisions"}],"predecessor-version":[{"id":225,"href":"https:\/\/www.victoriamedia.org\/kalastusviesti\/wp-json\/wp\/v2\/posts\/224\/revisions\/225"}],"wp:attachment":[{"href":"https:\/\/www.victoriamedia.org\/kalastusviesti\/wp-json\/wp\/v2\/media?parent=224"}],"wp:term":[{"taxonomy":"category","embeddable":true,"href":"https:\/\/www.victoriamedia.org\/kalastusviesti\/wp-json\/wp\/v2\/categories?post=224"},{"taxonomy":"post_tag","embeddable":true,"href":"https:\/\/www.victoriamedia.org\/kalastusviesti\/wp-json\/wp\/v2\/tags?post=224"}],"curies":[{"name":"wp","href":"https:\/\/api.w.org\/{rel}","templated":true}]}}