{"id":168,"date":"2013-11-06T12:21:11","date_gmt":"2013-11-06T12:21:11","guid":{"rendered":"http:\/\/www.victoriamedia.org\/kalastusviesti\/?p=168"},"modified":"2013-11-06T12:21:11","modified_gmt":"2013-11-06T12:21:11","slug":"verkkoapaja-7-2013-selkameren-silakalla-menee-hyvin","status":"publish","type":"post","link":"https:\/\/www.victoriamedia.org\/kalastusviesti\/verkkoapaja-7-2013-selkameren-silakalla-menee-hyvin\/","title":{"rendered":"Verkkoapaja 7 \/ 2013: Selk\u00e4meren silakalla menee hyvin"},"content":{"rendered":"<p><a href=\"https:\/\/www.victoriamedia.org\/kalastusviesti\/wp-content\/uploads\/2013\/11\/12_ms_myotainen_ponni.jpg\"><img loading=\"lazy\" decoding=\"async\" class=\"alignnone size-full wp-image-169\" alt=\"12_ms_myotainen_ponni\" src=\"https:\/\/www.victoriamedia.org\/kalastusviesti\/wp-content\/uploads\/2013\/11\/12_ms_myotainen_ponni.jpg\" width=\"550\" height=\"348\" srcset=\"https:\/\/www.victoriamedia.org\/kalastusviesti\/wp-content\/uploads\/2013\/11\/12_ms_myotainen_ponni.jpg 550w, https:\/\/www.victoriamedia.org\/kalastusviesti\/wp-content\/uploads\/2013\/11\/12_ms_myotainen_ponni-300x189.jpg 300w\" sizes=\"auto, (max-width: 550px) 100vw, 550px\" \/><\/a><\/p>\n<p>Alustavat tulokset Selk\u00e4meren silakkakannan osalta n\u00e4ytt\u00e4v\u00e4t hyvilt\u00e4. Merentutkimusalus Arandalla saadussa saaliissa silakka oli hyv\u00e4kuntoista, osa silakoista oli lis\u00e4ksi isokokoisia. RKTL:n kalantutkimusmatka toteutettiin ensimm\u00e4isen kerran Suomen ymp\u00e4rist\u00f6keskuksen merentutkimusalus Arandalla 24.9.\u20137.10.2013.<\/p>\n<p>&nbsp;<\/p>\n<p>Lue lis\u00e4\u00e4 Riista- ja kalatalouden tutkimuslaitoksen Verkkoapajasta:<br \/>\n<a href=\"http:\/\/www.rktl.fi\/www\/uploads\/verkkoapaja\/rktln_uutiskirje_7.htm\">http:\/\/www.rktl.fi\/www\/uploads\/verkkoapaja\/rktln_uutiskirje_7.htm<\/a><\/p>\n","protected":false},"excerpt":{"rendered":"<p>Alustavat tulokset Selk\u00e4meren silakkakannan osalta n\u00e4ytt\u00e4v\u00e4t hyvilt\u00e4. Merentutkimusalus Arandalla saadussa saaliissa silakka oli hyv\u00e4kuntoista, osa silakoista oli lis\u00e4ksi isokokoisia. RKTL:n kalantutkimusmatka toteutettiin ensimm\u00e4isen kerran Suomen ymp\u00e4rist\u00f6keskuksen merentutkimusalus Arandalla 24.9.\u20137.10.2013. &nbsp; Lue lis\u00e4\u00e4 Riista- ja kalatalouden tutkimuslaitoksen Verkkoapajasta: http:\/\/www.rktl.fi\/www\/uploads\/verkkoapaja\/rktln_uutiskirje_7.htm<\/p>\n","protected":false},"author":1,"featured_media":0,"comment_status":"closed","ping_status":"closed","sticky":false,"template":"","format":"standard","meta":{"footnotes":""},"categories":[2,21],"tags":[],"class_list":["post-168","post","type-post","status-publish","format-standard","hentry","category-rktl","category-verkkoapaja","eq-blocks"],"yoast_head":"<!-- This site is optimized with the Yoast SEO plugin v27.5 - https:\/\/yoast.com\/product\/yoast-seo-wordpress\/ -->\n<title>Verkkoapaja 7 \/ 2013: Selk\u00e4meren silakalla menee hyvin - KALASTUSVIESTI<\/title>\n<meta name=\"robots\" content=\"index, follow, max-snippet:-1, max-image-preview:large, max-video-preview:-1\" \/>\n<link rel=\"canonical\" href=\"https:\/\/www.victoriamedia.org\/kalastusviesti\/verkkoapaja-7-2013-selkameren-silakalla-menee-hyvin\/\" \/>\n<meta property=\"og:locale\" content=\"en_US\" \/>\n<meta property=\"og:type\" content=\"article\" \/>\n<meta property=\"og:title\" content=\"Verkkoapaja 7 \/ 2013: Selk\u00e4meren silakalla menee hyvin - KALASTUSVIESTI\" \/>\n<meta property=\"og:description\" content=\"Alustavat tulokset Selk\u00e4meren silakkakannan osalta n\u00e4ytt\u00e4v\u00e4t hyvilt\u00e4. Merentutkimusalus Arandalla saadussa saaliissa silakka oli hyv\u00e4kuntoista, osa silakoista oli lis\u00e4ksi isokokoisia. RKTL:n kalantutkimusmatka toteutettiin ensimm\u00e4isen kerran Suomen ymp\u00e4rist\u00f6keskuksen merentutkimusalus Arandalla 24.9.\u20137.10.2013. &nbsp; Lue lis\u00e4\u00e4 Riista- ja kalatalouden tutkimuslaitoksen Verkkoapajasta: http:\/\/www.rktl.fi\/www\/uploads\/verkkoapaja\/rktln_uutiskirje_7.htm\" \/>\n<meta property=\"og:url\" content=\"https:\/\/www.victoriamedia.org\/kalastusviesti\/verkkoapaja-7-2013-selkameren-silakalla-menee-hyvin\/\" \/>\n<meta property=\"og:site_name\" content=\"KALASTUSVIESTI\" \/>\n<meta property=\"article:publisher\" content=\"https:\/\/www.facebook.com\/Kalastusviesti\" \/>\n<meta property=\"article:published_time\" content=\"2013-11-06T12:21:11+00:00\" \/>\n<meta property=\"og:image\" content=\"http:\/\/www.victoriamedia.org\/kalastusviesti\/wp-content\/uploads\/2013\/11\/12_ms_myotainen_ponni.jpg\" \/>\n<meta name=\"author\" content=\"kerttuvali\" \/>\n<meta name=\"twitter:card\" content=\"summary_large_image\" \/>\n<meta name=\"twitter:creator\" content=\"@kalastusuutiset\" \/>\n<meta name=\"twitter:site\" content=\"@kalastusuutiset\" \/>\n<meta name=\"twitter:label1\" content=\"Written by\" \/>\n\t<meta name=\"twitter:data1\" content=\"kerttuvali\" \/>\n<script type=\"application\/ld+json\" class=\"yoast-schema-graph\">{\"@context\":\"https:\\\/\\\/schema.org\",\"@graph\":[{\"@type\":\"Article\",\"@id\":\"https:\\\/\\\/www.victoriamedia.org\\\/kalastusviesti\\\/verkkoapaja-7-2013-selkameren-silakalla-menee-hyvin\\\/#article\",\"isPartOf\":{\"@id\":\"https:\\\/\\\/www.victoriamedia.org\\\/kalastusviesti\\\/verkkoapaja-7-2013-selkameren-silakalla-menee-hyvin\\\/\"},\"author\":{\"name\":\"kerttuvali\",\"@id\":\"https:\\\/\\\/www.victoriamedia.org\\\/kalastusviesti\\\/#\\\/schema\\\/person\\\/df29131d02ead3f61cdeeef5d30a6771\"},\"headline\":\"Verkkoapaja 7 \\\/ 2013: Selk\u00e4meren silakalla menee hyvin\",\"datePublished\":\"2013-11-06T12:21:11+00:00\",\"mainEntityOfPage\":{\"@id\":\"https:\\\/\\\/www.victoriamedia.org\\\/kalastusviesti\\\/verkkoapaja-7-2013-selkameren-silakalla-menee-hyvin\\\/\"},\"wordCount\":62,\"image\":{\"@id\":\"https:\\\/\\\/www.victoriamedia.org\\\/kalastusviesti\\\/verkkoapaja-7-2013-selkameren-silakalla-menee-hyvin\\\/#primaryimage\"},\"thumbnailUrl\":\"http:\\\/\\\/www.victoriamedia.org\\\/kalastusviesti\\\/wp-content\\\/uploads\\\/2013\\\/11\\\/12_ms_myotainen_ponni.jpg\",\"articleSection\":[\"RKTL\",\"Verkkoapaja\"],\"inLanguage\":\"en-US\"},{\"@type\":\"WebPage\",\"@id\":\"https:\\\/\\\/www.victoriamedia.org\\\/kalastusviesti\\\/verkkoapaja-7-2013-selkameren-silakalla-menee-hyvin\\\/\",\"url\":\"https:\\\/\\\/www.victoriamedia.org\\\/kalastusviesti\\\/verkkoapaja-7-2013-selkameren-silakalla-menee-hyvin\\\/\",\"name\":\"Verkkoapaja 7 \\\/ 2013: Selk\u00e4meren silakalla menee hyvin - KALASTUSVIESTI\",\"isPartOf\":{\"@id\":\"https:\\\/\\\/www.victoriamedia.org\\\/kalastusviesti\\\/#website\"},\"primaryImageOfPage\":{\"@id\":\"https:\\\/\\\/www.victoriamedia.org\\\/kalastusviesti\\\/verkkoapaja-7-2013-selkameren-silakalla-menee-hyvin\\\/#primaryimage\"},\"image\":{\"@id\":\"https:\\\/\\\/www.victoriamedia.org\\\/kalastusviesti\\\/verkkoapaja-7-2013-selkameren-silakalla-menee-hyvin\\\/#primaryimage\"},\"thumbnailUrl\":\"http:\\\/\\\/www.victoriamedia.org\\\/kalastusviesti\\\/wp-content\\\/uploads\\\/2013\\\/11\\\/12_ms_myotainen_ponni.jpg\",\"datePublished\":\"2013-11-06T12:21:11+00:00\",\"author\":{\"@id\":\"https:\\\/\\\/www.victoriamedia.org\\\/kalastusviesti\\\/#\\\/schema\\\/person\\\/df29131d02ead3f61cdeeef5d30a6771\"},\"breadcrumb\":{\"@id\":\"https:\\\/\\\/www.victoriamedia.org\\\/kalastusviesti\\\/verkkoapaja-7-2013-selkameren-silakalla-menee-hyvin\\\/#breadcrumb\"},\"inLanguage\":\"en-US\",\"potentialAction\":[{\"@type\":\"ReadAction\",\"target\":[\"https:\\\/\\\/www.victoriamedia.org\\\/kalastusviesti\\\/verkkoapaja-7-2013-selkameren-silakalla-menee-hyvin\\\/\"]}]},{\"@type\":\"ImageObject\",\"inLanguage\":\"en-US\",\"@id\":\"https:\\\/\\\/www.victoriamedia.org\\\/kalastusviesti\\\/verkkoapaja-7-2013-selkameren-silakalla-menee-hyvin\\\/#primaryimage\",\"url\":\"https:\\\/\\\/www.victoriamedia.org\\\/kalastusviesti\\\/wp-content\\\/uploads\\\/2013\\\/11\\\/12_ms_myotainen_ponni.jpg\",\"contentUrl\":\"https:\\\/\\\/www.victoriamedia.org\\\/kalastusviesti\\\/wp-content\\\/uploads\\\/2013\\\/11\\\/12_ms_myotainen_ponni.jpg\",\"width\":550,\"height\":348},{\"@type\":\"BreadcrumbList\",\"@id\":\"https:\\\/\\\/www.victoriamedia.org\\\/kalastusviesti\\\/verkkoapaja-7-2013-selkameren-silakalla-menee-hyvin\\\/#breadcrumb\",\"itemListElement\":[{\"@type\":\"ListItem\",\"position\":1,\"name\":\"Home\",\"item\":\"https:\\\/\\\/www.victoriamedia.org\\\/kalastusviesti\\\/\"},{\"@type\":\"ListItem\",\"position\":2,\"name\":\"Verkkoapaja 7 \\\/ 2013: Selk\u00e4meren silakalla menee hyvin\"}]},{\"@type\":\"WebSite\",\"@id\":\"https:\\\/\\\/www.victoriamedia.org\\\/kalastusviesti\\\/#website\",\"url\":\"https:\\\/\\\/www.victoriamedia.org\\\/kalastusviesti\\\/\",\"name\":\"KALASTUSVIESTI\",\"description\":\"\",\"potentialAction\":[{\"@type\":\"SearchAction\",\"target\":{\"@type\":\"EntryPoint\",\"urlTemplate\":\"https:\\\/\\\/www.victoriamedia.org\\\/kalastusviesti\\\/?s={search_term_string}\"},\"query-input\":{\"@type\":\"PropertyValueSpecification\",\"valueRequired\":true,\"valueName\":\"search_term_string\"}}],\"inLanguage\":\"en-US\"},{\"@type\":\"Person\",\"@id\":\"https:\\\/\\\/www.victoriamedia.org\\\/kalastusviesti\\\/#\\\/schema\\\/person\\\/df29131d02ead3f61cdeeef5d30a6771\",\"name\":\"kerttuvali\",\"image\":{\"@type\":\"ImageObject\",\"inLanguage\":\"en-US\",\"@id\":\"https:\\\/\\\/secure.gravatar.com\\\/avatar\\\/62dbe1a847f655ad987c59fece23f885c4b0e7b06595c36d9597003852972217?s=96&d=mm&r=g\",\"url\":\"https:\\\/\\\/secure.gravatar.com\\\/avatar\\\/62dbe1a847f655ad987c59fece23f885c4b0e7b06595c36d9597003852972217?s=96&d=mm&r=g\",\"contentUrl\":\"https:\\\/\\\/secure.gravatar.com\\\/avatar\\\/62dbe1a847f655ad987c59fece23f885c4b0e7b06595c36d9597003852972217?s=96&d=mm&r=g\",\"caption\":\"kerttuvali\"},\"url\":\"https:\\\/\\\/www.victoriamedia.org\\\/kalastusviesti\\\/author\\\/kerttuvali\\\/\"}]}<\/script>\n<!-- \/ Yoast SEO plugin. -->","yoast_head_json":{"title":"Verkkoapaja 7 \/ 2013: Selk\u00e4meren silakalla menee hyvin - KALASTUSVIESTI","robots":{"index":"index","follow":"follow","max-snippet":"max-snippet:-1","max-image-preview":"max-image-preview:large","max-video-preview":"max-video-preview:-1"},"canonical":"https:\/\/www.victoriamedia.org\/kalastusviesti\/verkkoapaja-7-2013-selkameren-silakalla-menee-hyvin\/","og_locale":"en_US","og_type":"article","og_title":"Verkkoapaja 7 \/ 2013: Selk\u00e4meren silakalla menee hyvin - KALASTUSVIESTI","og_description":"Alustavat tulokset Selk\u00e4meren silakkakannan osalta n\u00e4ytt\u00e4v\u00e4t hyvilt\u00e4. Merentutkimusalus Arandalla saadussa saaliissa silakka oli hyv\u00e4kuntoista, osa silakoista oli lis\u00e4ksi isokokoisia. RKTL:n kalantutkimusmatka toteutettiin ensimm\u00e4isen kerran Suomen ymp\u00e4rist\u00f6keskuksen merentutkimusalus Arandalla 24.9.\u20137.10.2013. &nbsp; Lue lis\u00e4\u00e4 Riista- ja kalatalouden tutkimuslaitoksen Verkkoapajasta: http:\/\/www.rktl.fi\/www\/uploads\/verkkoapaja\/rktln_uutiskirje_7.htm","og_url":"https:\/\/www.victoriamedia.org\/kalastusviesti\/verkkoapaja-7-2013-selkameren-silakalla-menee-hyvin\/","og_site_name":"KALASTUSVIESTI","article_publisher":"https:\/\/www.facebook.com\/Kalastusviesti","article_published_time":"2013-11-06T12:21:11+00:00","og_image":[{"url":"http:\/\/www.victoriamedia.org\/kalastusviesti\/wp-content\/uploads\/2013\/11\/12_ms_myotainen_ponni.jpg","type":"","width":"","height":""}],"author":"kerttuvali","twitter_card":"summary_large_image","twitter_creator":"@kalastusuutiset","twitter_site":"@kalastusuutiset","twitter_misc":{"Written by":"kerttuvali"},"schema":{"@context":"https:\/\/schema.org","@graph":[{"@type":"Article","@id":"https:\/\/www.victoriamedia.org\/kalastusviesti\/verkkoapaja-7-2013-selkameren-silakalla-menee-hyvin\/#article","isPartOf":{"@id":"https:\/\/www.victoriamedia.org\/kalastusviesti\/verkkoapaja-7-2013-selkameren-silakalla-menee-hyvin\/"},"author":{"name":"kerttuvali","@id":"https:\/\/www.victoriamedia.org\/kalastusviesti\/#\/schema\/person\/df29131d02ead3f61cdeeef5d30a6771"},"headline":"Verkkoapaja 7 \/ 2013: Selk\u00e4meren silakalla menee hyvin","datePublished":"2013-11-06T12:21:11+00:00","mainEntityOfPage":{"@id":"https:\/\/www.victoriamedia.org\/kalastusviesti\/verkkoapaja-7-2013-selkameren-silakalla-menee-hyvin\/"},"wordCount":62,"image":{"@id":"https:\/\/www.victoriamedia.org\/kalastusviesti\/verkkoapaja-7-2013-selkameren-silakalla-menee-hyvin\/#primaryimage"},"thumbnailUrl":"http:\/\/www.victoriamedia.org\/kalastusviesti\/wp-content\/uploads\/2013\/11\/12_ms_myotainen_ponni.jpg","articleSection":["RKTL","Verkkoapaja"],"inLanguage":"en-US"},{"@type":"WebPage","@id":"https:\/\/www.victoriamedia.org\/kalastusviesti\/verkkoapaja-7-2013-selkameren-silakalla-menee-hyvin\/","url":"https:\/\/www.victoriamedia.org\/kalastusviesti\/verkkoapaja-7-2013-selkameren-silakalla-menee-hyvin\/","name":"Verkkoapaja 7 \/ 2013: Selk\u00e4meren silakalla menee hyvin - KALASTUSVIESTI","isPartOf":{"@id":"https:\/\/www.victoriamedia.org\/kalastusviesti\/#website"},"primaryImageOfPage":{"@id":"https:\/\/www.victoriamedia.org\/kalastusviesti\/verkkoapaja-7-2013-selkameren-silakalla-menee-hyvin\/#primaryimage"},"image":{"@id":"https:\/\/www.victoriamedia.org\/kalastusviesti\/verkkoapaja-7-2013-selkameren-silakalla-menee-hyvin\/#primaryimage"},"thumbnailUrl":"http:\/\/www.victoriamedia.org\/kalastusviesti\/wp-content\/uploads\/2013\/11\/12_ms_myotainen_ponni.jpg","datePublished":"2013-11-06T12:21:11+00:00","author":{"@id":"https:\/\/www.victoriamedia.org\/kalastusviesti\/#\/schema\/person\/df29131d02ead3f61cdeeef5d30a6771"},"breadcrumb":{"@id":"https:\/\/www.victoriamedia.org\/kalastusviesti\/verkkoapaja-7-2013-selkameren-silakalla-menee-hyvin\/#breadcrumb"},"inLanguage":"en-US","potentialAction":[{"@type":"ReadAction","target":["https:\/\/www.victoriamedia.org\/kalastusviesti\/verkkoapaja-7-2013-selkameren-silakalla-menee-hyvin\/"]}]},{"@type":"ImageObject","inLanguage":"en-US","@id":"https:\/\/www.victoriamedia.org\/kalastusviesti\/verkkoapaja-7-2013-selkameren-silakalla-menee-hyvin\/#primaryimage","url":"https:\/\/www.victoriamedia.org\/kalastusviesti\/wp-content\/uploads\/2013\/11\/12_ms_myotainen_ponni.jpg","contentUrl":"https:\/\/www.victoriamedia.org\/kalastusviesti\/wp-content\/uploads\/2013\/11\/12_ms_myotainen_ponni.jpg","width":550,"height":348},{"@type":"BreadcrumbList","@id":"https:\/\/www.victoriamedia.org\/kalastusviesti\/verkkoapaja-7-2013-selkameren-silakalla-menee-hyvin\/#breadcrumb","itemListElement":[{"@type":"ListItem","position":1,"name":"Home","item":"https:\/\/www.victoriamedia.org\/kalastusviesti\/"},{"@type":"ListItem","position":2,"name":"Verkkoapaja 7 \/ 2013: Selk\u00e4meren silakalla menee hyvin"}]},{"@type":"WebSite","@id":"https:\/\/www.victoriamedia.org\/kalastusviesti\/#website","url":"https:\/\/www.victoriamedia.org\/kalastusviesti\/","name":"KALASTUSVIESTI","description":"","potentialAction":[{"@type":"SearchAction","target":{"@type":"EntryPoint","urlTemplate":"https:\/\/www.victoriamedia.org\/kalastusviesti\/?s={search_term_string}"},"query-input":{"@type":"PropertyValueSpecification","valueRequired":true,"valueName":"search_term_string"}}],"inLanguage":"en-US"},{"@type":"Person","@id":"https:\/\/www.victoriamedia.org\/kalastusviesti\/#\/schema\/person\/df29131d02ead3f61cdeeef5d30a6771","name":"kerttuvali","image":{"@type":"ImageObject","inLanguage":"en-US","@id":"https:\/\/secure.gravatar.com\/avatar\/62dbe1a847f655ad987c59fece23f885c4b0e7b06595c36d9597003852972217?s=96&d=mm&r=g","url":"https:\/\/secure.gravatar.com\/avatar\/62dbe1a847f655ad987c59fece23f885c4b0e7b06595c36d9597003852972217?s=96&d=mm&r=g","contentUrl":"https:\/\/secure.gravatar.com\/avatar\/62dbe1a847f655ad987c59fece23f885c4b0e7b06595c36d9597003852972217?s=96&d=mm&r=g","caption":"kerttuvali"},"url":"https:\/\/www.victoriamedia.org\/kalastusviesti\/author\/kerttuvali\/"}]}},"_links":{"self":[{"href":"https:\/\/www.victoriamedia.org\/kalastusviesti\/wp-json\/wp\/v2\/posts\/168","targetHints":{"allow":["GET"]}}],"collection":[{"href":"https:\/\/www.victoriamedia.org\/kalastusviesti\/wp-json\/wp\/v2\/posts"}],"about":[{"href":"https:\/\/www.victoriamedia.org\/kalastusviesti\/wp-json\/wp\/v2\/types\/post"}],"author":[{"embeddable":true,"href":"https:\/\/www.victoriamedia.org\/kalastusviesti\/wp-json\/wp\/v2\/users\/1"}],"replies":[{"embeddable":true,"href":"https:\/\/www.victoriamedia.org\/kalastusviesti\/wp-json\/wp\/v2\/comments?post=168"}],"version-history":[{"count":1,"href":"https:\/\/www.victoriamedia.org\/kalastusviesti\/wp-json\/wp\/v2\/posts\/168\/revisions"}],"predecessor-version":[{"id":170,"href":"https:\/\/www.victoriamedia.org\/kalastusviesti\/wp-json\/wp\/v2\/posts\/168\/revisions\/170"}],"wp:attachment":[{"href":"https:\/\/www.victoriamedia.org\/kalastusviesti\/wp-json\/wp\/v2\/media?parent=168"}],"wp:term":[{"taxonomy":"category","embeddable":true,"href":"https:\/\/www.victoriamedia.org\/kalastusviesti\/wp-json\/wp\/v2\/categories?post=168"},{"taxonomy":"post_tag","embeddable":true,"href":"https:\/\/www.victoriamedia.org\/kalastusviesti\/wp-json\/wp\/v2\/tags?post=168"}],"curies":[{"name":"wp","href":"https:\/\/api.w.org\/{rel}","templated":true}]}}