{"id":1519,"date":"2026-04-20T14:40:50","date_gmt":"2026-04-20T14:40:50","guid":{"rendered":"https:\/\/www.victoriamedia.org\/kalastusviesti\/?p=1519"},"modified":"2026-04-20T14:40:50","modified_gmt":"2026-04-20T14:40:50","slug":"kalastus-kielletaan-jalleen-vaasan-edustalla-20-4-20-5","status":"publish","type":"post","link":"https:\/\/www.victoriamedia.org\/kalastusviesti\/kalastus-kielletaan-jalleen-vaasan-edustalla-20-4-20-5\/","title":{"rendered":"Kalastus kiellet\u00e4\u00e4n j\u00e4lleen Vaasan edustalla 20.4.\u201320.5."},"content":{"rendered":"<p>L\u00e4hes koko Etel\u00e4inen kaupunginselk\u00e4 ja sinne johtavat salmet sek\u00e4 Onkilahti rauhoitetaan j\u00e4lleen kalastuksesta 20.4.-20.5.2026 v\u00e4liseksi ajaksi. Kuukauden kalastuskielto on ajoitettu ahvenen kutuaikaan ja sill\u00e4 pyrit\u00e4\u00e4n elvytt\u00e4m\u00e4\u00e4n viime vuosien aikana heikentynytt\u00e4 ahvenkantaa. Kaupungin ja Elinvoimakeskuksen asettama kalastuskielto koskee kaikkea kalastusta.<\/p>\n<p>Luonnonvarakeskuksen toimittaman asiantuntijalausunnon mukaan etel\u00e4inen kaupunginselk\u00e4 on koko rannikon mittakaavassa eritt\u00e4in t\u00e4rke\u00e4 kutupaikka ahvenelle.<\/p>\n<p>Ahvensaaliit ovat kuitenkin heikentyneet huomattavasti viime vuosien aikana. Keskeisin\u00e4 syin\u00e4 ovat liian voimakas kalastus erityisesti ahventen kutuaikaan sek\u00e4 alueella runsaslukuisena esiintyv\u00e4 merimetso.<\/p>\n<p>Voimakas kalastus kev\u00e4\u00e4ll\u00e4 n\u00e4kyy kalakannan koko- ja ik\u00e4rakenteessa. Vaasan edustalla vanhempien ahventen osuus on ollut v\u00e4h\u00e4inen, mink\u00e4 lis\u00e4ksi kalastuskokoisten ahventen m\u00e4\u00e4r\u00e4 j\u00e4\u00e4 loppukes\u00e4ll\u00e4 ja syksyll\u00e4 v\u00e4h\u00e4isemm\u00e4ksi.<\/p>\n<p>\u2013 Kattavan asiantuntijalausunnon ja k\u00e4ytyjen keskusteluiden perusteella kalastuskiellolle on painavat syyt. Kiellolla pyrit\u00e4\u00e4n jakamaan pyynti\u00e4 tasaisemmin ymp\u00e4ri vuoden. Luonnonvarakeskuksen mukaan t\u00e4m\u00e4 olisi todenn\u00e4k\u00f6isesti hyv\u00e4 kehityssuunta ahvenkantojen hy\u00f6dynt\u00e4misen kannalta, tonttip\u00e4\u00e4llikk\u00f6\u00a0<strong>Christoffer R\u00f6nnlund<\/strong>\u00a0toteaa.<\/p>\n<h2>Kalastuskielto on voimassa l\u00e4hes koko etel\u00e4isell\u00e4 kaupunginsel\u00e4ll\u00e4<\/h2>\n<p>Kalastuskieltoalue kattaa Vaasan kaupungin vesialueet etel\u00e4isell\u00e4 kaupunginsel\u00e4ll\u00e4, sinne johtavat salmet sek\u00e4 Onkilahden. Etel\u00e4inen kaupunginselk\u00e4 kuuluu vain osittain Vaasan kaupungin omistukseen, mutta kaupungin lis\u00e4ksi\u00a0Sundom Vattendel\u00e4garlag\u00a0on kielt\u00e4nyt kalastuksen omistamillaan vesialueilla. N\u00e4in ollen kuukauden kalastuskielto on voimassa l\u00e4hes koko etel\u00e4isell\u00e4 kaupunginsel\u00e4ll\u00e4.<\/p>\n<p>Kalastuskiellon lis\u00e4ksi my\u00f6s merimetson vaikutuksia ahvenkantaan pyrit\u00e4\u00e4n hillitsem\u00e4\u00e4n. Etel\u00e4isen Rannikko-Pohjanmaan kalatalousalue on poikkeusluvalla \u00f6ljynnyt merimetson munia Juckasgrynnanin kohdalla. Toimenpiteell\u00e4 pyrit\u00e4\u00e4n v\u00e4hent\u00e4m\u00e4\u00e4n poikastuotantoa ja n\u00e4in rajoittamaan merimetsokantaa.<\/p>\n","protected":false},"excerpt":{"rendered":"<p>L\u00e4hes koko Etel\u00e4inen kaupunginselk\u00e4 ja sinne johtavat salmet sek\u00e4 Onkilahti rauhoitetaan j\u00e4lleen kalastuksesta 20.4.-20.5.2026 v\u00e4liseksi ajaksi. Kuukauden kalastuskielto on ajoitettu ahvenen kutuaikaan ja sill\u00e4 pyrit\u00e4\u00e4n elvytt\u00e4m\u00e4\u00e4n viime vuosien aikana heikentynytt\u00e4 ahvenkantaa. Kaupungin ja Elinvoimakeskuksen asettama kalastuskielto koskee kaikkea kalastusta. Luonnonvarakeskuksen toimittaman asiantuntijalausunnon mukaan etel\u00e4inen kaupunginselk\u00e4 on koko rannikon mittakaavassa eritt\u00e4in t\u00e4rke\u00e4 kutupaikka ahvenelle. Ahvensaaliit ovat [&hellip;]<\/p>\n","protected":false},"author":1,"featured_media":1520,"comment_status":"closed","ping_status":"closed","sticky":false,"template":"","format":"standard","meta":{"footnotes":""},"categories":[18,112],"tags":[],"class_list":["post-1519","post","type-post","status-publish","format-standard","has-post-thumbnail","hentry","category-kalastus","category-vaasa","eq-blocks"],"yoast_head":"<!-- This site is optimized with the Yoast SEO plugin v27.5 - https:\/\/yoast.com\/product\/yoast-seo-wordpress\/ -->\n<title>Kalastus kiellet\u00e4\u00e4n j\u00e4lleen Vaasan edustalla 20.4.\u201320.5. - KALASTUSVIESTI<\/title>\n<meta name=\"robots\" content=\"index, follow, max-snippet:-1, max-image-preview:large, max-video-preview:-1\" \/>\n<link rel=\"canonical\" href=\"https:\/\/www.victoriamedia.org\/kalastusviesti\/kalastus-kielletaan-jalleen-vaasan-edustalla-20-4-20-5\/\" \/>\n<meta property=\"og:locale\" content=\"en_US\" \/>\n<meta property=\"og:type\" content=\"article\" \/>\n<meta property=\"og:title\" content=\"Kalastus kiellet\u00e4\u00e4n j\u00e4lleen Vaasan edustalla 20.4.\u201320.5. - KALASTUSVIESTI\" \/>\n<meta property=\"og:description\" content=\"L\u00e4hes koko Etel\u00e4inen kaupunginselk\u00e4 ja sinne johtavat salmet sek\u00e4 Onkilahti rauhoitetaan j\u00e4lleen kalastuksesta 20.4.-20.5.2026 v\u00e4liseksi ajaksi. Kuukauden kalastuskielto on ajoitettu ahvenen kutuaikaan ja sill\u00e4 pyrit\u00e4\u00e4n elvytt\u00e4m\u00e4\u00e4n viime vuosien aikana heikentynytt\u00e4 ahvenkantaa. Kaupungin ja Elinvoimakeskuksen asettama kalastuskielto koskee kaikkea kalastusta. Luonnonvarakeskuksen toimittaman asiantuntijalausunnon mukaan etel\u00e4inen kaupunginselk\u00e4 on koko rannikon mittakaavassa eritt\u00e4in t\u00e4rke\u00e4 kutupaikka ahvenelle. Ahvensaaliit ovat [&hellip;]\" \/>\n<meta property=\"og:url\" content=\"https:\/\/www.victoriamedia.org\/kalastusviesti\/kalastus-kielletaan-jalleen-vaasan-edustalla-20-4-20-5\/\" \/>\n<meta property=\"og:site_name\" content=\"KALASTUSVIESTI\" \/>\n<meta property=\"article:publisher\" content=\"https:\/\/www.facebook.com\/Kalastusviesti\" \/>\n<meta property=\"article:published_time\" content=\"2026-04-20T14:40:50+00:00\" \/>\n<meta property=\"og:image\" content=\"https:\/\/www.victoriamedia.org\/kalastusviesti\/wp-content\/uploads\/2026\/04\/buoys-in-fish-net-1556035796gjF.jpg\" \/>\n\t<meta property=\"og:image:width\" content=\"1920\" \/>\n\t<meta property=\"og:image:height\" content=\"1280\" \/>\n\t<meta property=\"og:image:type\" content=\"image\/jpeg\" \/>\n<meta name=\"author\" content=\"kerttuvali\" \/>\n<meta name=\"twitter:card\" content=\"summary_large_image\" \/>\n<meta name=\"twitter:image\" content=\"https:\/\/www.victoriamedia.org\/kalastusviesti\/wp-content\/uploads\/2026\/04\/buoys-in-fish-net-1556035796gjF.jpg\" \/>\n<meta name=\"twitter:creator\" content=\"@kalastusuutiset\" \/>\n<meta name=\"twitter:site\" content=\"@kalastusuutiset\" \/>\n<meta name=\"twitter:label1\" content=\"Written by\" \/>\n\t<meta name=\"twitter:data1\" content=\"kerttuvali\" \/>\n\t<meta name=\"twitter:label2\" content=\"Est. reading time\" \/>\n\t<meta name=\"twitter:data2\" content=\"1 minute\" \/>\n<script type=\"application\/ld+json\" class=\"yoast-schema-graph\">{\"@context\":\"https:\\\/\\\/schema.org\",\"@graph\":[{\"@type\":\"Article\",\"@id\":\"https:\\\/\\\/www.victoriamedia.org\\\/kalastusviesti\\\/kalastus-kielletaan-jalleen-vaasan-edustalla-20-4-20-5\\\/#article\",\"isPartOf\":{\"@id\":\"https:\\\/\\\/www.victoriamedia.org\\\/kalastusviesti\\\/kalastus-kielletaan-jalleen-vaasan-edustalla-20-4-20-5\\\/\"},\"author\":{\"name\":\"kerttuvali\",\"@id\":\"https:\\\/\\\/www.victoriamedia.org\\\/kalastusviesti\\\/#\\\/schema\\\/person\\\/df29131d02ead3f61cdeeef5d30a6771\"},\"headline\":\"Kalastus kiellet\u00e4\u00e4n j\u00e4lleen Vaasan edustalla 20.4.\u201320.5.\",\"datePublished\":\"2026-04-20T14:40:50+00:00\",\"mainEntityOfPage\":{\"@id\":\"https:\\\/\\\/www.victoriamedia.org\\\/kalastusviesti\\\/kalastus-kielletaan-jalleen-vaasan-edustalla-20-4-20-5\\\/\"},\"wordCount\":266,\"image\":{\"@id\":\"https:\\\/\\\/www.victoriamedia.org\\\/kalastusviesti\\\/kalastus-kielletaan-jalleen-vaasan-edustalla-20-4-20-5\\\/#primaryimage\"},\"thumbnailUrl\":\"https:\\\/\\\/www.victoriamedia.org\\\/kalastusviesti\\\/wp-content\\\/uploads\\\/2026\\\/04\\\/buoys-in-fish-net-1556035796gjF.jpg\",\"articleSection\":[\"Kalastus\",\"VAASA\"],\"inLanguage\":\"en-US\"},{\"@type\":\"WebPage\",\"@id\":\"https:\\\/\\\/www.victoriamedia.org\\\/kalastusviesti\\\/kalastus-kielletaan-jalleen-vaasan-edustalla-20-4-20-5\\\/\",\"url\":\"https:\\\/\\\/www.victoriamedia.org\\\/kalastusviesti\\\/kalastus-kielletaan-jalleen-vaasan-edustalla-20-4-20-5\\\/\",\"name\":\"Kalastus kiellet\u00e4\u00e4n j\u00e4lleen Vaasan edustalla 20.4.\u201320.5. - KALASTUSVIESTI\",\"isPartOf\":{\"@id\":\"https:\\\/\\\/www.victoriamedia.org\\\/kalastusviesti\\\/#website\"},\"primaryImageOfPage\":{\"@id\":\"https:\\\/\\\/www.victoriamedia.org\\\/kalastusviesti\\\/kalastus-kielletaan-jalleen-vaasan-edustalla-20-4-20-5\\\/#primaryimage\"},\"image\":{\"@id\":\"https:\\\/\\\/www.victoriamedia.org\\\/kalastusviesti\\\/kalastus-kielletaan-jalleen-vaasan-edustalla-20-4-20-5\\\/#primaryimage\"},\"thumbnailUrl\":\"https:\\\/\\\/www.victoriamedia.org\\\/kalastusviesti\\\/wp-content\\\/uploads\\\/2026\\\/04\\\/buoys-in-fish-net-1556035796gjF.jpg\",\"datePublished\":\"2026-04-20T14:40:50+00:00\",\"author\":{\"@id\":\"https:\\\/\\\/www.victoriamedia.org\\\/kalastusviesti\\\/#\\\/schema\\\/person\\\/df29131d02ead3f61cdeeef5d30a6771\"},\"breadcrumb\":{\"@id\":\"https:\\\/\\\/www.victoriamedia.org\\\/kalastusviesti\\\/kalastus-kielletaan-jalleen-vaasan-edustalla-20-4-20-5\\\/#breadcrumb\"},\"inLanguage\":\"en-US\",\"potentialAction\":[{\"@type\":\"ReadAction\",\"target\":[\"https:\\\/\\\/www.victoriamedia.org\\\/kalastusviesti\\\/kalastus-kielletaan-jalleen-vaasan-edustalla-20-4-20-5\\\/\"]}]},{\"@type\":\"ImageObject\",\"inLanguage\":\"en-US\",\"@id\":\"https:\\\/\\\/www.victoriamedia.org\\\/kalastusviesti\\\/kalastus-kielletaan-jalleen-vaasan-edustalla-20-4-20-5\\\/#primaryimage\",\"url\":\"https:\\\/\\\/www.victoriamedia.org\\\/kalastusviesti\\\/wp-content\\\/uploads\\\/2026\\\/04\\\/buoys-in-fish-net-1556035796gjF.jpg\",\"contentUrl\":\"https:\\\/\\\/www.victoriamedia.org\\\/kalastusviesti\\\/wp-content\\\/uploads\\\/2026\\\/04\\\/buoys-in-fish-net-1556035796gjF.jpg\",\"width\":1920,\"height\":1280},{\"@type\":\"BreadcrumbList\",\"@id\":\"https:\\\/\\\/www.victoriamedia.org\\\/kalastusviesti\\\/kalastus-kielletaan-jalleen-vaasan-edustalla-20-4-20-5\\\/#breadcrumb\",\"itemListElement\":[{\"@type\":\"ListItem\",\"position\":1,\"name\":\"Home\",\"item\":\"https:\\\/\\\/www.victoriamedia.org\\\/kalastusviesti\\\/\"},{\"@type\":\"ListItem\",\"position\":2,\"name\":\"Kalastus kiellet\u00e4\u00e4n j\u00e4lleen Vaasan edustalla 20.4.\u201320.5.\"}]},{\"@type\":\"WebSite\",\"@id\":\"https:\\\/\\\/www.victoriamedia.org\\\/kalastusviesti\\\/#website\",\"url\":\"https:\\\/\\\/www.victoriamedia.org\\\/kalastusviesti\\\/\",\"name\":\"KALASTUSVIESTI\",\"description\":\"\",\"potentialAction\":[{\"@type\":\"SearchAction\",\"target\":{\"@type\":\"EntryPoint\",\"urlTemplate\":\"https:\\\/\\\/www.victoriamedia.org\\\/kalastusviesti\\\/?s={search_term_string}\"},\"query-input\":{\"@type\":\"PropertyValueSpecification\",\"valueRequired\":true,\"valueName\":\"search_term_string\"}}],\"inLanguage\":\"en-US\"},{\"@type\":\"Person\",\"@id\":\"https:\\\/\\\/www.victoriamedia.org\\\/kalastusviesti\\\/#\\\/schema\\\/person\\\/df29131d02ead3f61cdeeef5d30a6771\",\"name\":\"kerttuvali\",\"image\":{\"@type\":\"ImageObject\",\"inLanguage\":\"en-US\",\"@id\":\"https:\\\/\\\/secure.gravatar.com\\\/avatar\\\/62dbe1a847f655ad987c59fece23f885c4b0e7b06595c36d9597003852972217?s=96&d=mm&r=g\",\"url\":\"https:\\\/\\\/secure.gravatar.com\\\/avatar\\\/62dbe1a847f655ad987c59fece23f885c4b0e7b06595c36d9597003852972217?s=96&d=mm&r=g\",\"contentUrl\":\"https:\\\/\\\/secure.gravatar.com\\\/avatar\\\/62dbe1a847f655ad987c59fece23f885c4b0e7b06595c36d9597003852972217?s=96&d=mm&r=g\",\"caption\":\"kerttuvali\"},\"url\":\"https:\\\/\\\/www.victoriamedia.org\\\/kalastusviesti\\\/author\\\/kerttuvali\\\/\"}]}<\/script>\n<!-- \/ Yoast SEO plugin. -->","yoast_head_json":{"title":"Kalastus kiellet\u00e4\u00e4n j\u00e4lleen Vaasan edustalla 20.4.\u201320.5. - KALASTUSVIESTI","robots":{"index":"index","follow":"follow","max-snippet":"max-snippet:-1","max-image-preview":"max-image-preview:large","max-video-preview":"max-video-preview:-1"},"canonical":"https:\/\/www.victoriamedia.org\/kalastusviesti\/kalastus-kielletaan-jalleen-vaasan-edustalla-20-4-20-5\/","og_locale":"en_US","og_type":"article","og_title":"Kalastus kiellet\u00e4\u00e4n j\u00e4lleen Vaasan edustalla 20.4.\u201320.5. - KALASTUSVIESTI","og_description":"L\u00e4hes koko Etel\u00e4inen kaupunginselk\u00e4 ja sinne johtavat salmet sek\u00e4 Onkilahti rauhoitetaan j\u00e4lleen kalastuksesta 20.4.-20.5.2026 v\u00e4liseksi ajaksi. Kuukauden kalastuskielto on ajoitettu ahvenen kutuaikaan ja sill\u00e4 pyrit\u00e4\u00e4n elvytt\u00e4m\u00e4\u00e4n viime vuosien aikana heikentynytt\u00e4 ahvenkantaa. Kaupungin ja Elinvoimakeskuksen asettama kalastuskielto koskee kaikkea kalastusta. Luonnonvarakeskuksen toimittaman asiantuntijalausunnon mukaan etel\u00e4inen kaupunginselk\u00e4 on koko rannikon mittakaavassa eritt\u00e4in t\u00e4rke\u00e4 kutupaikka ahvenelle. Ahvensaaliit ovat [&hellip;]","og_url":"https:\/\/www.victoriamedia.org\/kalastusviesti\/kalastus-kielletaan-jalleen-vaasan-edustalla-20-4-20-5\/","og_site_name":"KALASTUSVIESTI","article_publisher":"https:\/\/www.facebook.com\/Kalastusviesti","article_published_time":"2026-04-20T14:40:50+00:00","og_image":[{"width":1920,"height":1280,"url":"https:\/\/www.victoriamedia.org\/kalastusviesti\/wp-content\/uploads\/2026\/04\/buoys-in-fish-net-1556035796gjF.jpg","type":"image\/jpeg"}],"author":"kerttuvali","twitter_card":"summary_large_image","twitter_image":"https:\/\/www.victoriamedia.org\/kalastusviesti\/wp-content\/uploads\/2026\/04\/buoys-in-fish-net-1556035796gjF.jpg","twitter_creator":"@kalastusuutiset","twitter_site":"@kalastusuutiset","twitter_misc":{"Written by":"kerttuvali","Est. reading time":"1 minute"},"schema":{"@context":"https:\/\/schema.org","@graph":[{"@type":"Article","@id":"https:\/\/www.victoriamedia.org\/kalastusviesti\/kalastus-kielletaan-jalleen-vaasan-edustalla-20-4-20-5\/#article","isPartOf":{"@id":"https:\/\/www.victoriamedia.org\/kalastusviesti\/kalastus-kielletaan-jalleen-vaasan-edustalla-20-4-20-5\/"},"author":{"name":"kerttuvali","@id":"https:\/\/www.victoriamedia.org\/kalastusviesti\/#\/schema\/person\/df29131d02ead3f61cdeeef5d30a6771"},"headline":"Kalastus kiellet\u00e4\u00e4n j\u00e4lleen Vaasan edustalla 20.4.\u201320.5.","datePublished":"2026-04-20T14:40:50+00:00","mainEntityOfPage":{"@id":"https:\/\/www.victoriamedia.org\/kalastusviesti\/kalastus-kielletaan-jalleen-vaasan-edustalla-20-4-20-5\/"},"wordCount":266,"image":{"@id":"https:\/\/www.victoriamedia.org\/kalastusviesti\/kalastus-kielletaan-jalleen-vaasan-edustalla-20-4-20-5\/#primaryimage"},"thumbnailUrl":"https:\/\/www.victoriamedia.org\/kalastusviesti\/wp-content\/uploads\/2026\/04\/buoys-in-fish-net-1556035796gjF.jpg","articleSection":["Kalastus","VAASA"],"inLanguage":"en-US"},{"@type":"WebPage","@id":"https:\/\/www.victoriamedia.org\/kalastusviesti\/kalastus-kielletaan-jalleen-vaasan-edustalla-20-4-20-5\/","url":"https:\/\/www.victoriamedia.org\/kalastusviesti\/kalastus-kielletaan-jalleen-vaasan-edustalla-20-4-20-5\/","name":"Kalastus kiellet\u00e4\u00e4n j\u00e4lleen Vaasan edustalla 20.4.\u201320.5. - KALASTUSVIESTI","isPartOf":{"@id":"https:\/\/www.victoriamedia.org\/kalastusviesti\/#website"},"primaryImageOfPage":{"@id":"https:\/\/www.victoriamedia.org\/kalastusviesti\/kalastus-kielletaan-jalleen-vaasan-edustalla-20-4-20-5\/#primaryimage"},"image":{"@id":"https:\/\/www.victoriamedia.org\/kalastusviesti\/kalastus-kielletaan-jalleen-vaasan-edustalla-20-4-20-5\/#primaryimage"},"thumbnailUrl":"https:\/\/www.victoriamedia.org\/kalastusviesti\/wp-content\/uploads\/2026\/04\/buoys-in-fish-net-1556035796gjF.jpg","datePublished":"2026-04-20T14:40:50+00:00","author":{"@id":"https:\/\/www.victoriamedia.org\/kalastusviesti\/#\/schema\/person\/df29131d02ead3f61cdeeef5d30a6771"},"breadcrumb":{"@id":"https:\/\/www.victoriamedia.org\/kalastusviesti\/kalastus-kielletaan-jalleen-vaasan-edustalla-20-4-20-5\/#breadcrumb"},"inLanguage":"en-US","potentialAction":[{"@type":"ReadAction","target":["https:\/\/www.victoriamedia.org\/kalastusviesti\/kalastus-kielletaan-jalleen-vaasan-edustalla-20-4-20-5\/"]}]},{"@type":"ImageObject","inLanguage":"en-US","@id":"https:\/\/www.victoriamedia.org\/kalastusviesti\/kalastus-kielletaan-jalleen-vaasan-edustalla-20-4-20-5\/#primaryimage","url":"https:\/\/www.victoriamedia.org\/kalastusviesti\/wp-content\/uploads\/2026\/04\/buoys-in-fish-net-1556035796gjF.jpg","contentUrl":"https:\/\/www.victoriamedia.org\/kalastusviesti\/wp-content\/uploads\/2026\/04\/buoys-in-fish-net-1556035796gjF.jpg","width":1920,"height":1280},{"@type":"BreadcrumbList","@id":"https:\/\/www.victoriamedia.org\/kalastusviesti\/kalastus-kielletaan-jalleen-vaasan-edustalla-20-4-20-5\/#breadcrumb","itemListElement":[{"@type":"ListItem","position":1,"name":"Home","item":"https:\/\/www.victoriamedia.org\/kalastusviesti\/"},{"@type":"ListItem","position":2,"name":"Kalastus kiellet\u00e4\u00e4n j\u00e4lleen Vaasan edustalla 20.4.\u201320.5."}]},{"@type":"WebSite","@id":"https:\/\/www.victoriamedia.org\/kalastusviesti\/#website","url":"https:\/\/www.victoriamedia.org\/kalastusviesti\/","name":"KALASTUSVIESTI","description":"","potentialAction":[{"@type":"SearchAction","target":{"@type":"EntryPoint","urlTemplate":"https:\/\/www.victoriamedia.org\/kalastusviesti\/?s={search_term_string}"},"query-input":{"@type":"PropertyValueSpecification","valueRequired":true,"valueName":"search_term_string"}}],"inLanguage":"en-US"},{"@type":"Person","@id":"https:\/\/www.victoriamedia.org\/kalastusviesti\/#\/schema\/person\/df29131d02ead3f61cdeeef5d30a6771","name":"kerttuvali","image":{"@type":"ImageObject","inLanguage":"en-US","@id":"https:\/\/secure.gravatar.com\/avatar\/62dbe1a847f655ad987c59fece23f885c4b0e7b06595c36d9597003852972217?s=96&d=mm&r=g","url":"https:\/\/secure.gravatar.com\/avatar\/62dbe1a847f655ad987c59fece23f885c4b0e7b06595c36d9597003852972217?s=96&d=mm&r=g","contentUrl":"https:\/\/secure.gravatar.com\/avatar\/62dbe1a847f655ad987c59fece23f885c4b0e7b06595c36d9597003852972217?s=96&d=mm&r=g","caption":"kerttuvali"},"url":"https:\/\/www.victoriamedia.org\/kalastusviesti\/author\/kerttuvali\/"}]}},"_links":{"self":[{"href":"https:\/\/www.victoriamedia.org\/kalastusviesti\/wp-json\/wp\/v2\/posts\/1519","targetHints":{"allow":["GET"]}}],"collection":[{"href":"https:\/\/www.victoriamedia.org\/kalastusviesti\/wp-json\/wp\/v2\/posts"}],"about":[{"href":"https:\/\/www.victoriamedia.org\/kalastusviesti\/wp-json\/wp\/v2\/types\/post"}],"author":[{"embeddable":true,"href":"https:\/\/www.victoriamedia.org\/kalastusviesti\/wp-json\/wp\/v2\/users\/1"}],"replies":[{"embeddable":true,"href":"https:\/\/www.victoriamedia.org\/kalastusviesti\/wp-json\/wp\/v2\/comments?post=1519"}],"version-history":[{"count":1,"href":"https:\/\/www.victoriamedia.org\/kalastusviesti\/wp-json\/wp\/v2\/posts\/1519\/revisions"}],"predecessor-version":[{"id":1521,"href":"https:\/\/www.victoriamedia.org\/kalastusviesti\/wp-json\/wp\/v2\/posts\/1519\/revisions\/1521"}],"wp:featuredmedia":[{"embeddable":true,"href":"https:\/\/www.victoriamedia.org\/kalastusviesti\/wp-json\/wp\/v2\/media\/1520"}],"wp:attachment":[{"href":"https:\/\/www.victoriamedia.org\/kalastusviesti\/wp-json\/wp\/v2\/media?parent=1519"}],"wp:term":[{"taxonomy":"category","embeddable":true,"href":"https:\/\/www.victoriamedia.org\/kalastusviesti\/wp-json\/wp\/v2\/categories?post=1519"},{"taxonomy":"post_tag","embeddable":true,"href":"https:\/\/www.victoriamedia.org\/kalastusviesti\/wp-json\/wp\/v2\/tags?post=1519"}],"curies":[{"name":"wp","href":"https:\/\/api.w.org\/{rel}","templated":true}]}}