{"id":1507,"date":"2025-06-30T11:40:22","date_gmt":"2025-06-30T11:40:22","guid":{"rendered":"https:\/\/www.victoriamedia.org\/kalastusviesti\/?p=1507"},"modified":"2025-06-30T11:40:22","modified_gmt":"2025-06-30T11:40:22","slug":"suomi-on-nostanut-komissiota-vastaan-kanteen-eu-tuomioistuimessa-suomen-lohikiintion-alentamisesta","status":"publish","type":"post","link":"https:\/\/www.victoriamedia.org\/kalastusviesti\/suomi-on-nostanut-komissiota-vastaan-kanteen-eu-tuomioistuimessa-suomen-lohikiintion-alentamisesta\/","title":{"rendered":"Suomi on nostanut komissiota vastaan kanteen EU-tuomioistuimessa suomen lohikiinti\u00f6n alentamisesta"},"content":{"rendered":"<p>Suomi on nostanut 30. kes\u00e4kuuta Euroopan komissiota vastaan kanteen Euroopan unionin tuomioistuimessa. Kanteessaan Suomi vaatii, ett\u00e4 EU-tuomioistuin kumoaa komission t\u00e4yt\u00e4nt\u00f6\u00f6npanoasetuksen (EU) 2025\/864 Suomelle vuodeksi 2025 jaetun merilohen kalastuskiinti\u00f6n alentamisesta vuoden 2024 liikakalastuksen vuoksi.<\/p>\n<p>Kanteen taustalla on EU-s\u00e4\u00e4nn\u00f6s, jonka mukaan lohen kohdennettu kalastus oli kielletty Pohjoisella It\u00e4merell\u00e4, Ahvenanmerell\u00e4, Saaristomerell\u00e4 ja Selk\u00e4merell\u00e4 vuonna 2024. Kiellosta oli mahdollista poiketa muun muassa tieteellisiin tutkimustarkoituksiin tapahtuvan kalastuksen osalta. Maa- ja mets\u00e4talousministeri\u00f6 toteutti kes\u00e4ll\u00e4 2024 poikkeuksen nojalla lohen tieteellisen kalastuksen.<\/p>\n<p>Kanteella riitautetulla t\u00e4yt\u00e4nt\u00f6\u00f6npanoasetuksellaan komissio v\u00e4hensi 3 162 lohta Suomen It\u00e4meren p\u00e4\u00e4altaan ja Pohjanlahden t\u00e4m\u00e4nvuotisesta lohikiinti\u00f6st\u00e4. Komissio perusteli kiinti\u00f6n pienennyst\u00e4 tulkinnallaan, jonka mukaan Suomi ei olisi toteuttanut vuonna 2024 toteuttamaansa lohen tieteellist\u00e4 kalastusta EU-lains\u00e4\u00e4d\u00e4nn\u00f6n mukaisesti.<\/p>\n<p>Suomi toteaa kanteessaan ensisijaisesti, ett\u00e4 komissio on alentanut Suomen vuoden 2025 kalastuskiinti\u00f6t\u00e4 unionin oikeuden vastaisesti, koska j\u00e4senvaltion tulevia kiinti\u00f6it\u00e4 voidaan alentaa ainoastaan siin\u00e4 tapauksessa, ett\u00e4 j\u00e4senvaltio on ylitt\u00e4nyt sille osoitetun kiinti\u00f6n. Suomi ei ylitt\u00e4nyt vuoden 2024 lohen kalastuskiinti\u00f6t\u00e4\u00e4n, vaan hy\u00f6dynsi siit\u00e4 69 prosenttia. Kiinti\u00f6iden alentaminen t\u00e4ll\u00e4 tavoin ei ole my\u00f6sk\u00e4\u00e4n mahdollista tilanteessa, jossa komission ja j\u00e4senvaltion v\u00e4lill\u00e4 on erimielisyytt\u00e4 siit\u00e4, onko j\u00e4senvaltiossa toteutetussa kalastuksessa ollut kyse tieteellisiin tarkoituksiin harjoitettavista kalastustoimista.<\/p>\n<p>Toissijaisesti kanteessa katsotaan, ett\u00e4 Suomen vuonna 2024 toteuttamassa lohen tieteellisess\u00e4 kalastuksessa on joka tapauksessa noudatettu unionin lains\u00e4\u00e4d\u00e4nn\u00f6ss\u00e4 vahvistettuja edellytyksi\u00e4. Suomelle vuodeksi 2025 jaetun kalastuskiinti\u00f6n alentaminen rikkoo n\u00e4in ollen unionin oikeuss\u00e4\u00e4nt\u00f6j\u00e4 ja asetus on kumottava.<\/p>\n","protected":false},"excerpt":{"rendered":"<p>Suomi on nostanut 30. kes\u00e4kuuta Euroopan komissiota vastaan kanteen Euroopan unionin tuomioistuimessa. Kanteessaan Suomi vaatii, ett\u00e4 EU-tuomioistuin kumoaa komission t\u00e4yt\u00e4nt\u00f6\u00f6npanoasetuksen (EU) 2025\/864 Suomelle vuodeksi 2025 jaetun merilohen kalastuskiinti\u00f6n alentamisesta vuoden 2024 liikakalastuksen vuoksi. Kanteen taustalla on EU-s\u00e4\u00e4nn\u00f6s, jonka mukaan lohen kohdennettu kalastus oli kielletty Pohjoisella It\u00e4merell\u00e4, Ahvenanmerell\u00e4, Saaristomerell\u00e4 ja Selk\u00e4merell\u00e4 vuonna 2024. Kiellosta oli mahdollista [&hellip;]<\/p>\n","protected":false},"author":1,"featured_media":1508,"comment_status":"closed","ping_status":"closed","sticky":false,"template":"","format":"standard","meta":{"footnotes":""},"categories":[110,111],"tags":[],"class_list":["post-1507","post","type-post","status-publish","format-standard","has-post-thumbnail","hentry","category-kalastuskiintiot","category-lohikalastus","eq-blocks"],"yoast_head":"<!-- This site is optimized with the Yoast SEO plugin v27.5 - https:\/\/yoast.com\/product\/yoast-seo-wordpress\/ -->\n<title>Suomi on nostanut komissiota vastaan kanteen EU-tuomioistuimessa suomen lohikiinti\u00f6n alentamisesta - KALASTUSVIESTI<\/title>\n<meta name=\"robots\" content=\"index, follow, max-snippet:-1, max-image-preview:large, max-video-preview:-1\" \/>\n<link rel=\"canonical\" href=\"https:\/\/www.victoriamedia.org\/kalastusviesti\/suomi-on-nostanut-komissiota-vastaan-kanteen-eu-tuomioistuimessa-suomen-lohikiintion-alentamisesta\/\" \/>\n<meta property=\"og:locale\" content=\"en_US\" \/>\n<meta property=\"og:type\" content=\"article\" \/>\n<meta property=\"og:title\" content=\"Suomi on nostanut komissiota vastaan kanteen EU-tuomioistuimessa suomen lohikiinti\u00f6n alentamisesta - KALASTUSVIESTI\" \/>\n<meta property=\"og:description\" content=\"Suomi on nostanut 30. kes\u00e4kuuta Euroopan komissiota vastaan kanteen Euroopan unionin tuomioistuimessa. Kanteessaan Suomi vaatii, ett\u00e4 EU-tuomioistuin kumoaa komission t\u00e4yt\u00e4nt\u00f6\u00f6npanoasetuksen (EU) 2025\/864 Suomelle vuodeksi 2025 jaetun merilohen kalastuskiinti\u00f6n alentamisesta vuoden 2024 liikakalastuksen vuoksi. Kanteen taustalla on EU-s\u00e4\u00e4nn\u00f6s, jonka mukaan lohen kohdennettu kalastus oli kielletty Pohjoisella It\u00e4merell\u00e4, Ahvenanmerell\u00e4, Saaristomerell\u00e4 ja Selk\u00e4merell\u00e4 vuonna 2024. Kiellosta oli mahdollista [&hellip;]\" \/>\n<meta property=\"og:url\" content=\"https:\/\/www.victoriamedia.org\/kalastusviesti\/suomi-on-nostanut-komissiota-vastaan-kanteen-eu-tuomioistuimessa-suomen-lohikiintion-alentamisesta\/\" \/>\n<meta property=\"og:site_name\" content=\"KALASTUSVIESTI\" \/>\n<meta property=\"article:publisher\" content=\"https:\/\/www.facebook.com\/Kalastusviesti\" \/>\n<meta property=\"article:published_time\" content=\"2025-06-30T11:40:22+00:00\" \/>\n<meta property=\"og:image\" content=\"https:\/\/www.victoriamedia.org\/kalastusviesti\/wp-content\/uploads\/2025\/06\/fisch-lachs-vintage-kunst.jpg\" \/>\n\t<meta property=\"og:image:width\" content=\"1920\" \/>\n\t<meta property=\"og:image:height\" content=\"1321\" \/>\n\t<meta property=\"og:image:type\" content=\"image\/jpeg\" \/>\n<meta name=\"author\" content=\"kerttuvali\" \/>\n<meta name=\"twitter:card\" content=\"summary_large_image\" \/>\n<meta name=\"twitter:image\" content=\"https:\/\/www.victoriamedia.org\/kalastusviesti\/wp-content\/uploads\/2025\/06\/fisch-lachs-vintage-kunst.jpg\" \/>\n<meta name=\"twitter:creator\" content=\"@kalastusuutiset\" \/>\n<meta name=\"twitter:site\" content=\"@kalastusuutiset\" \/>\n<meta name=\"twitter:label1\" content=\"Written by\" \/>\n\t<meta name=\"twitter:data1\" content=\"kerttuvali\" \/>\n\t<meta name=\"twitter:label2\" content=\"Est. reading time\" \/>\n\t<meta name=\"twitter:data2\" content=\"1 minute\" \/>\n<script type=\"application\/ld+json\" class=\"yoast-schema-graph\">{\"@context\":\"https:\\\/\\\/schema.org\",\"@graph\":[{\"@type\":\"Article\",\"@id\":\"https:\\\/\\\/www.victoriamedia.org\\\/kalastusviesti\\\/suomi-on-nostanut-komissiota-vastaan-kanteen-eu-tuomioistuimessa-suomen-lohikiintion-alentamisesta\\\/#article\",\"isPartOf\":{\"@id\":\"https:\\\/\\\/www.victoriamedia.org\\\/kalastusviesti\\\/suomi-on-nostanut-komissiota-vastaan-kanteen-eu-tuomioistuimessa-suomen-lohikiintion-alentamisesta\\\/\"},\"author\":{\"name\":\"kerttuvali\",\"@id\":\"https:\\\/\\\/www.victoriamedia.org\\\/kalastusviesti\\\/#\\\/schema\\\/person\\\/df29131d02ead3f61cdeeef5d30a6771\"},\"headline\":\"Suomi on nostanut komissiota vastaan kanteen EU-tuomioistuimessa suomen lohikiinti\u00f6n alentamisesta\",\"datePublished\":\"2025-06-30T11:40:22+00:00\",\"mainEntityOfPage\":{\"@id\":\"https:\\\/\\\/www.victoriamedia.org\\\/kalastusviesti\\\/suomi-on-nostanut-komissiota-vastaan-kanteen-eu-tuomioistuimessa-suomen-lohikiintion-alentamisesta\\\/\"},\"wordCount\":257,\"image\":{\"@id\":\"https:\\\/\\\/www.victoriamedia.org\\\/kalastusviesti\\\/suomi-on-nostanut-komissiota-vastaan-kanteen-eu-tuomioistuimessa-suomen-lohikiintion-alentamisesta\\\/#primaryimage\"},\"thumbnailUrl\":\"https:\\\/\\\/www.victoriamedia.org\\\/kalastusviesti\\\/wp-content\\\/uploads\\\/2025\\\/06\\\/fisch-lachs-vintage-kunst.jpg\",\"articleSection\":[\"Kalastuskiinti\u00f6t\",\"Lohikalastus\"],\"inLanguage\":\"en-US\"},{\"@type\":\"WebPage\",\"@id\":\"https:\\\/\\\/www.victoriamedia.org\\\/kalastusviesti\\\/suomi-on-nostanut-komissiota-vastaan-kanteen-eu-tuomioistuimessa-suomen-lohikiintion-alentamisesta\\\/\",\"url\":\"https:\\\/\\\/www.victoriamedia.org\\\/kalastusviesti\\\/suomi-on-nostanut-komissiota-vastaan-kanteen-eu-tuomioistuimessa-suomen-lohikiintion-alentamisesta\\\/\",\"name\":\"Suomi on nostanut komissiota vastaan kanteen EU-tuomioistuimessa suomen lohikiinti\u00f6n alentamisesta - KALASTUSVIESTI\",\"isPartOf\":{\"@id\":\"https:\\\/\\\/www.victoriamedia.org\\\/kalastusviesti\\\/#website\"},\"primaryImageOfPage\":{\"@id\":\"https:\\\/\\\/www.victoriamedia.org\\\/kalastusviesti\\\/suomi-on-nostanut-komissiota-vastaan-kanteen-eu-tuomioistuimessa-suomen-lohikiintion-alentamisesta\\\/#primaryimage\"},\"image\":{\"@id\":\"https:\\\/\\\/www.victoriamedia.org\\\/kalastusviesti\\\/suomi-on-nostanut-komissiota-vastaan-kanteen-eu-tuomioistuimessa-suomen-lohikiintion-alentamisesta\\\/#primaryimage\"},\"thumbnailUrl\":\"https:\\\/\\\/www.victoriamedia.org\\\/kalastusviesti\\\/wp-content\\\/uploads\\\/2025\\\/06\\\/fisch-lachs-vintage-kunst.jpg\",\"datePublished\":\"2025-06-30T11:40:22+00:00\",\"author\":{\"@id\":\"https:\\\/\\\/www.victoriamedia.org\\\/kalastusviesti\\\/#\\\/schema\\\/person\\\/df29131d02ead3f61cdeeef5d30a6771\"},\"breadcrumb\":{\"@id\":\"https:\\\/\\\/www.victoriamedia.org\\\/kalastusviesti\\\/suomi-on-nostanut-komissiota-vastaan-kanteen-eu-tuomioistuimessa-suomen-lohikiintion-alentamisesta\\\/#breadcrumb\"},\"inLanguage\":\"en-US\",\"potentialAction\":[{\"@type\":\"ReadAction\",\"target\":[\"https:\\\/\\\/www.victoriamedia.org\\\/kalastusviesti\\\/suomi-on-nostanut-komissiota-vastaan-kanteen-eu-tuomioistuimessa-suomen-lohikiintion-alentamisesta\\\/\"]}]},{\"@type\":\"ImageObject\",\"inLanguage\":\"en-US\",\"@id\":\"https:\\\/\\\/www.victoriamedia.org\\\/kalastusviesti\\\/suomi-on-nostanut-komissiota-vastaan-kanteen-eu-tuomioistuimessa-suomen-lohikiintion-alentamisesta\\\/#primaryimage\",\"url\":\"https:\\\/\\\/www.victoriamedia.org\\\/kalastusviesti\\\/wp-content\\\/uploads\\\/2025\\\/06\\\/fisch-lachs-vintage-kunst.jpg\",\"contentUrl\":\"https:\\\/\\\/www.victoriamedia.org\\\/kalastusviesti\\\/wp-content\\\/uploads\\\/2025\\\/06\\\/fisch-lachs-vintage-kunst.jpg\",\"width\":1920,\"height\":1321},{\"@type\":\"BreadcrumbList\",\"@id\":\"https:\\\/\\\/www.victoriamedia.org\\\/kalastusviesti\\\/suomi-on-nostanut-komissiota-vastaan-kanteen-eu-tuomioistuimessa-suomen-lohikiintion-alentamisesta\\\/#breadcrumb\",\"itemListElement\":[{\"@type\":\"ListItem\",\"position\":1,\"name\":\"Home\",\"item\":\"https:\\\/\\\/www.victoriamedia.org\\\/kalastusviesti\\\/\"},{\"@type\":\"ListItem\",\"position\":2,\"name\":\"Suomi on nostanut komissiota vastaan kanteen EU-tuomioistuimessa suomen lohikiinti\u00f6n alentamisesta\"}]},{\"@type\":\"WebSite\",\"@id\":\"https:\\\/\\\/www.victoriamedia.org\\\/kalastusviesti\\\/#website\",\"url\":\"https:\\\/\\\/www.victoriamedia.org\\\/kalastusviesti\\\/\",\"name\":\"KALASTUSVIESTI\",\"description\":\"\",\"potentialAction\":[{\"@type\":\"SearchAction\",\"target\":{\"@type\":\"EntryPoint\",\"urlTemplate\":\"https:\\\/\\\/www.victoriamedia.org\\\/kalastusviesti\\\/?s={search_term_string}\"},\"query-input\":{\"@type\":\"PropertyValueSpecification\",\"valueRequired\":true,\"valueName\":\"search_term_string\"}}],\"inLanguage\":\"en-US\"},{\"@type\":\"Person\",\"@id\":\"https:\\\/\\\/www.victoriamedia.org\\\/kalastusviesti\\\/#\\\/schema\\\/person\\\/df29131d02ead3f61cdeeef5d30a6771\",\"name\":\"kerttuvali\",\"image\":{\"@type\":\"ImageObject\",\"inLanguage\":\"en-US\",\"@id\":\"https:\\\/\\\/secure.gravatar.com\\\/avatar\\\/62dbe1a847f655ad987c59fece23f885c4b0e7b06595c36d9597003852972217?s=96&d=mm&r=g\",\"url\":\"https:\\\/\\\/secure.gravatar.com\\\/avatar\\\/62dbe1a847f655ad987c59fece23f885c4b0e7b06595c36d9597003852972217?s=96&d=mm&r=g\",\"contentUrl\":\"https:\\\/\\\/secure.gravatar.com\\\/avatar\\\/62dbe1a847f655ad987c59fece23f885c4b0e7b06595c36d9597003852972217?s=96&d=mm&r=g\",\"caption\":\"kerttuvali\"},\"url\":\"https:\\\/\\\/www.victoriamedia.org\\\/kalastusviesti\\\/author\\\/kerttuvali\\\/\"}]}<\/script>\n<!-- \/ Yoast SEO plugin. -->","yoast_head_json":{"title":"Suomi on nostanut komissiota vastaan kanteen EU-tuomioistuimessa suomen lohikiinti\u00f6n alentamisesta - KALASTUSVIESTI","robots":{"index":"index","follow":"follow","max-snippet":"max-snippet:-1","max-image-preview":"max-image-preview:large","max-video-preview":"max-video-preview:-1"},"canonical":"https:\/\/www.victoriamedia.org\/kalastusviesti\/suomi-on-nostanut-komissiota-vastaan-kanteen-eu-tuomioistuimessa-suomen-lohikiintion-alentamisesta\/","og_locale":"en_US","og_type":"article","og_title":"Suomi on nostanut komissiota vastaan kanteen EU-tuomioistuimessa suomen lohikiinti\u00f6n alentamisesta - KALASTUSVIESTI","og_description":"Suomi on nostanut 30. kes\u00e4kuuta Euroopan komissiota vastaan kanteen Euroopan unionin tuomioistuimessa. Kanteessaan Suomi vaatii, ett\u00e4 EU-tuomioistuin kumoaa komission t\u00e4yt\u00e4nt\u00f6\u00f6npanoasetuksen (EU) 2025\/864 Suomelle vuodeksi 2025 jaetun merilohen kalastuskiinti\u00f6n alentamisesta vuoden 2024 liikakalastuksen vuoksi. Kanteen taustalla on EU-s\u00e4\u00e4nn\u00f6s, jonka mukaan lohen kohdennettu kalastus oli kielletty Pohjoisella It\u00e4merell\u00e4, Ahvenanmerell\u00e4, Saaristomerell\u00e4 ja Selk\u00e4merell\u00e4 vuonna 2024. Kiellosta oli mahdollista [&hellip;]","og_url":"https:\/\/www.victoriamedia.org\/kalastusviesti\/suomi-on-nostanut-komissiota-vastaan-kanteen-eu-tuomioistuimessa-suomen-lohikiintion-alentamisesta\/","og_site_name":"KALASTUSVIESTI","article_publisher":"https:\/\/www.facebook.com\/Kalastusviesti","article_published_time":"2025-06-30T11:40:22+00:00","og_image":[{"width":1920,"height":1321,"url":"https:\/\/www.victoriamedia.org\/kalastusviesti\/wp-content\/uploads\/2025\/06\/fisch-lachs-vintage-kunst.jpg","type":"image\/jpeg"}],"author":"kerttuvali","twitter_card":"summary_large_image","twitter_image":"https:\/\/www.victoriamedia.org\/kalastusviesti\/wp-content\/uploads\/2025\/06\/fisch-lachs-vintage-kunst.jpg","twitter_creator":"@kalastusuutiset","twitter_site":"@kalastusuutiset","twitter_misc":{"Written by":"kerttuvali","Est. reading time":"1 minute"},"schema":{"@context":"https:\/\/schema.org","@graph":[{"@type":"Article","@id":"https:\/\/www.victoriamedia.org\/kalastusviesti\/suomi-on-nostanut-komissiota-vastaan-kanteen-eu-tuomioistuimessa-suomen-lohikiintion-alentamisesta\/#article","isPartOf":{"@id":"https:\/\/www.victoriamedia.org\/kalastusviesti\/suomi-on-nostanut-komissiota-vastaan-kanteen-eu-tuomioistuimessa-suomen-lohikiintion-alentamisesta\/"},"author":{"name":"kerttuvali","@id":"https:\/\/www.victoriamedia.org\/kalastusviesti\/#\/schema\/person\/df29131d02ead3f61cdeeef5d30a6771"},"headline":"Suomi on nostanut komissiota vastaan kanteen EU-tuomioistuimessa suomen lohikiinti\u00f6n alentamisesta","datePublished":"2025-06-30T11:40:22+00:00","mainEntityOfPage":{"@id":"https:\/\/www.victoriamedia.org\/kalastusviesti\/suomi-on-nostanut-komissiota-vastaan-kanteen-eu-tuomioistuimessa-suomen-lohikiintion-alentamisesta\/"},"wordCount":257,"image":{"@id":"https:\/\/www.victoriamedia.org\/kalastusviesti\/suomi-on-nostanut-komissiota-vastaan-kanteen-eu-tuomioistuimessa-suomen-lohikiintion-alentamisesta\/#primaryimage"},"thumbnailUrl":"https:\/\/www.victoriamedia.org\/kalastusviesti\/wp-content\/uploads\/2025\/06\/fisch-lachs-vintage-kunst.jpg","articleSection":["Kalastuskiinti\u00f6t","Lohikalastus"],"inLanguage":"en-US"},{"@type":"WebPage","@id":"https:\/\/www.victoriamedia.org\/kalastusviesti\/suomi-on-nostanut-komissiota-vastaan-kanteen-eu-tuomioistuimessa-suomen-lohikiintion-alentamisesta\/","url":"https:\/\/www.victoriamedia.org\/kalastusviesti\/suomi-on-nostanut-komissiota-vastaan-kanteen-eu-tuomioistuimessa-suomen-lohikiintion-alentamisesta\/","name":"Suomi on nostanut komissiota vastaan kanteen EU-tuomioistuimessa suomen lohikiinti\u00f6n alentamisesta - KALASTUSVIESTI","isPartOf":{"@id":"https:\/\/www.victoriamedia.org\/kalastusviesti\/#website"},"primaryImageOfPage":{"@id":"https:\/\/www.victoriamedia.org\/kalastusviesti\/suomi-on-nostanut-komissiota-vastaan-kanteen-eu-tuomioistuimessa-suomen-lohikiintion-alentamisesta\/#primaryimage"},"image":{"@id":"https:\/\/www.victoriamedia.org\/kalastusviesti\/suomi-on-nostanut-komissiota-vastaan-kanteen-eu-tuomioistuimessa-suomen-lohikiintion-alentamisesta\/#primaryimage"},"thumbnailUrl":"https:\/\/www.victoriamedia.org\/kalastusviesti\/wp-content\/uploads\/2025\/06\/fisch-lachs-vintage-kunst.jpg","datePublished":"2025-06-30T11:40:22+00:00","author":{"@id":"https:\/\/www.victoriamedia.org\/kalastusviesti\/#\/schema\/person\/df29131d02ead3f61cdeeef5d30a6771"},"breadcrumb":{"@id":"https:\/\/www.victoriamedia.org\/kalastusviesti\/suomi-on-nostanut-komissiota-vastaan-kanteen-eu-tuomioistuimessa-suomen-lohikiintion-alentamisesta\/#breadcrumb"},"inLanguage":"en-US","potentialAction":[{"@type":"ReadAction","target":["https:\/\/www.victoriamedia.org\/kalastusviesti\/suomi-on-nostanut-komissiota-vastaan-kanteen-eu-tuomioistuimessa-suomen-lohikiintion-alentamisesta\/"]}]},{"@type":"ImageObject","inLanguage":"en-US","@id":"https:\/\/www.victoriamedia.org\/kalastusviesti\/suomi-on-nostanut-komissiota-vastaan-kanteen-eu-tuomioistuimessa-suomen-lohikiintion-alentamisesta\/#primaryimage","url":"https:\/\/www.victoriamedia.org\/kalastusviesti\/wp-content\/uploads\/2025\/06\/fisch-lachs-vintage-kunst.jpg","contentUrl":"https:\/\/www.victoriamedia.org\/kalastusviesti\/wp-content\/uploads\/2025\/06\/fisch-lachs-vintage-kunst.jpg","width":1920,"height":1321},{"@type":"BreadcrumbList","@id":"https:\/\/www.victoriamedia.org\/kalastusviesti\/suomi-on-nostanut-komissiota-vastaan-kanteen-eu-tuomioistuimessa-suomen-lohikiintion-alentamisesta\/#breadcrumb","itemListElement":[{"@type":"ListItem","position":1,"name":"Home","item":"https:\/\/www.victoriamedia.org\/kalastusviesti\/"},{"@type":"ListItem","position":2,"name":"Suomi on nostanut komissiota vastaan kanteen EU-tuomioistuimessa suomen lohikiinti\u00f6n alentamisesta"}]},{"@type":"WebSite","@id":"https:\/\/www.victoriamedia.org\/kalastusviesti\/#website","url":"https:\/\/www.victoriamedia.org\/kalastusviesti\/","name":"KALASTUSVIESTI","description":"","potentialAction":[{"@type":"SearchAction","target":{"@type":"EntryPoint","urlTemplate":"https:\/\/www.victoriamedia.org\/kalastusviesti\/?s={search_term_string}"},"query-input":{"@type":"PropertyValueSpecification","valueRequired":true,"valueName":"search_term_string"}}],"inLanguage":"en-US"},{"@type":"Person","@id":"https:\/\/www.victoriamedia.org\/kalastusviesti\/#\/schema\/person\/df29131d02ead3f61cdeeef5d30a6771","name":"kerttuvali","image":{"@type":"ImageObject","inLanguage":"en-US","@id":"https:\/\/secure.gravatar.com\/avatar\/62dbe1a847f655ad987c59fece23f885c4b0e7b06595c36d9597003852972217?s=96&d=mm&r=g","url":"https:\/\/secure.gravatar.com\/avatar\/62dbe1a847f655ad987c59fece23f885c4b0e7b06595c36d9597003852972217?s=96&d=mm&r=g","contentUrl":"https:\/\/secure.gravatar.com\/avatar\/62dbe1a847f655ad987c59fece23f885c4b0e7b06595c36d9597003852972217?s=96&d=mm&r=g","caption":"kerttuvali"},"url":"https:\/\/www.victoriamedia.org\/kalastusviesti\/author\/kerttuvali\/"}]}},"_links":{"self":[{"href":"https:\/\/www.victoriamedia.org\/kalastusviesti\/wp-json\/wp\/v2\/posts\/1507","targetHints":{"allow":["GET"]}}],"collection":[{"href":"https:\/\/www.victoriamedia.org\/kalastusviesti\/wp-json\/wp\/v2\/posts"}],"about":[{"href":"https:\/\/www.victoriamedia.org\/kalastusviesti\/wp-json\/wp\/v2\/types\/post"}],"author":[{"embeddable":true,"href":"https:\/\/www.victoriamedia.org\/kalastusviesti\/wp-json\/wp\/v2\/users\/1"}],"replies":[{"embeddable":true,"href":"https:\/\/www.victoriamedia.org\/kalastusviesti\/wp-json\/wp\/v2\/comments?post=1507"}],"version-history":[{"count":1,"href":"https:\/\/www.victoriamedia.org\/kalastusviesti\/wp-json\/wp\/v2\/posts\/1507\/revisions"}],"predecessor-version":[{"id":1509,"href":"https:\/\/www.victoriamedia.org\/kalastusviesti\/wp-json\/wp\/v2\/posts\/1507\/revisions\/1509"}],"wp:featuredmedia":[{"embeddable":true,"href":"https:\/\/www.victoriamedia.org\/kalastusviesti\/wp-json\/wp\/v2\/media\/1508"}],"wp:attachment":[{"href":"https:\/\/www.victoriamedia.org\/kalastusviesti\/wp-json\/wp\/v2\/media?parent=1507"}],"wp:term":[{"taxonomy":"category","embeddable":true,"href":"https:\/\/www.victoriamedia.org\/kalastusviesti\/wp-json\/wp\/v2\/categories?post=1507"},{"taxonomy":"post_tag","embeddable":true,"href":"https:\/\/www.victoriamedia.org\/kalastusviesti\/wp-json\/wp\/v2\/tags?post=1507"}],"curies":[{"name":"wp","href":"https:\/\/api.w.org\/{rel}","templated":true}]}}