{"id":150,"date":"2013-09-27T11:31:56","date_gmt":"2013-09-27T11:31:56","guid":{"rendered":"http:\/\/www.victoriamedia.org\/kalastusviesti\/?p=150"},"modified":"2013-09-27T11:31:56","modified_gmt":"2013-09-27T11:31:56","slug":"maa-ja-metsatalousministerio-esittaa-pienennysta-lohikiintioihin","status":"publish","type":"post","link":"https:\/\/www.victoriamedia.org\/kalastusviesti\/maa-ja-metsatalousministerio-esittaa-pienennysta-lohikiintioihin\/","title":{"rendered":"Maa- ja mets\u00e4talousministeri\u00f6 esitt\u00e4\u00e4 pienennyst\u00e4 lohikiinti\u00f6ihin"},"content":{"rendered":"<p><a href=\"https:\/\/www.victoriamedia.org\/kalastusviesti\/wp-content\/uploads\/2013\/09\/lohi.gif\"><img loading=\"lazy\" decoding=\"async\" class=\"alignnone size-full wp-image-151\" alt=\"lohi\" src=\"https:\/\/www.victoriamedia.org\/kalastusviesti\/wp-content\/uploads\/2013\/09\/lohi.gif\" width=\"350\" height=\"211\" \/><\/a><\/p>\n<p>Euroopan komissio antoi 21.8. esityksen It\u00e4meren saaliskiinti\u00f6ist\u00e4 vuodelle 2014. Maa- ja mets\u00e4talousministeri\u00f6 l\u00e4hetti esityksen laajalle lausuntokierrokselle ja on tehnyt ehdotuksen Suomen kannaksi kiinti\u00f6ihin. Ministeri\u00f6 ehdottaa komission esitykseen joitain muutoksia.<\/p>\n<p>It\u00e4meren kalakannat ovat kehittyneet my\u00f6nteisesti ja muun muassa Selk\u00e4meren silakkakanta on enn\u00e4tyksellisen suuri. My\u00f6s Suomen lohikannat ovat kehittyneet my\u00f6nteisesti ja kotimaista lohta on t\u00e4n\u00e4kin kes\u00e4n\u00e4 kalastettu ja sy\u00f6ty sek\u00e4 rannikoilla ett\u00e4 joilla. Tornion- ja Simojokeen on sek\u00e4 vuonna 2012 ett\u00e4 2013 noussut huomattavasti enemm\u00e4n lohia kuin aiemmin. T\u00e4m\u00e4 on my\u00f6s todettu Ruotsin Per\u00e4meren lohijoissa.<\/p>\n<p><b>It\u00e4meren p\u00e4\u00e4altaan ja Pohjanlahden lohikiinti\u00f6<\/b><\/p>\n<p>Komissio ehdottaa, ett\u00e4 It\u00e4meren p\u00e4\u00e4altaan ja Pohjanlahden lohikiinti\u00f6 s\u00e4ilyisi nykyisell\u00e4\u00e4n eli 108 421 lohessa. Ehdotus olisi noin kymmenen prosenttia It\u00e4meren pyyntikokoisista lohista. Ministeri\u00f6n tavoitteena on lohikantojen hy\u00f6dynt\u00e4minen kest\u00e4v\u00e4n enimm\u00e4istuoton MSY:n mukaisesti sek\u00e4 ekologisesti, taloudellisesti ja sosiaalisesti kest\u00e4v\u00e4 kalastus. T\u00e4m\u00e4n vuoksi ministeri\u00f6 pyrkii siihen, ett\u00e4 komission ja It\u00e4meren j\u00e4senvaltioiden kanssa l\u00f6ydett\u00e4isiin yhteisymm\u00e4rrys noin 103 000 lohen kiinti\u00f6st\u00e4.<\/p>\n<p><i>Kansainv\u00e4linen merentutkimusneuvosto<\/i>\u00a0(ICES) suositteli alueelle 78 000 lohen saaliskiinti\u00f6t\u00e4, josta on v\u00e4hennetty arvio siit\u00e4, kuinka paljon lohta kalastetaan laittomasti vuonna 2014. Ilman v\u00e4hennyst\u00e4 ICES:n neuvo olisi 109 000 lohta eli sama kuin komission ehdotus. EU:n lains\u00e4\u00e4d\u00e4nt\u00f6 m\u00e4\u00e4r\u00e4\u00e4 kuitenkin, ett\u00e4 viranomaisten todentama laiton saalis v\u00e4hennet\u00e4\u00e4n sit\u00e4 harjoittaneiden kalastajien oman maan kiinti\u00f6st\u00e4 eik\u00e4 kaikkien maiden kokonaiskiinti\u00f6st\u00e4. N\u00e4in pyrit\u00e4\u00e4n v\u00e4ltt\u00e4m\u00e4\u00e4n, ett\u00e4 muiden maiden tekem\u00e4t rikkomukset vaikuttaisivat toisten maiden kiinti\u00f6ihin.<\/p>\n<p><b>Suomenlahden lohikiinti\u00f6<\/b><\/p>\n<p>Maa- ja mets\u00e4talousministeri\u00f6n tavoite on, ett\u00e4 Suomenlahden lohikiinti\u00f6t\u00e4 pienennet\u00e4\u00e4n v\u00e4hemm\u00e4n kuin komission ehdottamat 53 prosenttia. Suomenlahdella kalastetaan p\u00e4\u00e4osin viljelty\u00e4 ja istutettua lohta, jotka voidaan nyky\u00e4\u00e4n p\u00e4\u00e4osin tunnistaa ev\u00e4leikkauksista. Suomen rannikkokalastuksessa saaliiksi p\u00e4\u00e4tyy my\u00f6s sinne eksyneit\u00e4 Pohjanlahden lohia, mutta Viron luonnonlohet eiv\u00e4t p\u00e4\u00e4dy sinne asti. Suomenlahden lohikiinti\u00f6n pienent\u00e4minen ei siis elvytt\u00e4isi Viron villilohikantaa.<\/p>\n<p><b>Silakkakiinti\u00f6t<\/b><\/p>\n<p>Maa- ja mets\u00e4talousministeri\u00f6 ehdottaa pient\u00e4 pudotusta komission silakkakiinti\u00f6esitykseen. Komissio ehdotti tutkijoiden suositusten perusteella Pohjanlahden silakkakiinti\u00f6n suurentamista 142 662 tonniin, mik\u00e4 on 35 prosenttia enemm\u00e4n kuin t\u00e4n\u00e4 vuonna, ja Suomenlahden ja It\u00e4meren p\u00e4\u00e4altaan kiinti\u00f6n suurentamisesta 143 500 tonniin, mik\u00e4 tarkoittaisi 59 prosentin nousua. Ministeri\u00f6 ehdottaa, ett\u00e4 molempia kiinti\u00f6t\u00e4 suurennettaisiin noin 30 prosenttia, jotta vuosien v\u00e4liset kiinti\u00f6vaihtelut pysyisiv\u00e4t kohtuullisella tasolla.<\/p>\n<p><b>Lohistrategiaa valmistellaan parhaillaan<\/b><\/p>\n<p>Maa- ja mets\u00e4talousministeri\u00f6n asettama ty\u00f6ryhm\u00e4 valmistelee parhaillaan kansallista lohistrategiaa. Ty\u00f6ryhm\u00e4ss\u00e4 k\u00e4ytt\u00f6\u00f6n ja suojeluun eri tavoin liittyv\u00e4t osallistujat muotoilevat yhteisty\u00f6ss\u00e4 uusia linjauksia. Lohistrategialla haetaan kansallista yhteisymm\u00e4rryst\u00e4 tulevaisuuden lohipolitiikalle ja keinoja, jolla lohesta voivat hy\u00f6ty\u00e4 niin ammatti- kuin vapaa-ajankalastajatkin. Strategian on m\u00e4\u00e4r\u00e4 valmistua lokakuun loppuun menness\u00e4.<\/p>\n","protected":false},"excerpt":{"rendered":"<p>Euroopan komissio antoi 21.8. esityksen It\u00e4meren saaliskiinti\u00f6ist\u00e4 vuodelle 2014. Maa- ja mets\u00e4talousministeri\u00f6 l\u00e4hetti esityksen laajalle lausuntokierrokselle ja on tehnyt ehdotuksen Suomen kannaksi kiinti\u00f6ihin. Ministeri\u00f6 ehdottaa komission esitykseen joitain muutoksia. It\u00e4meren kalakannat ovat kehittyneet my\u00f6nteisesti ja muun muassa Selk\u00e4meren silakkakanta on enn\u00e4tyksellisen suuri. My\u00f6s Suomen lohikannat ovat kehittyneet my\u00f6nteisesti ja kotimaista lohta on t\u00e4n\u00e4kin kes\u00e4n\u00e4 kalastettu [&hellip;]<\/p>\n","protected":false},"author":1,"featured_media":0,"comment_status":"closed","ping_status":"closed","sticky":false,"template":"","format":"standard","meta":{"footnotes":""},"categories":[5,33],"tags":[],"class_list":["post-150","post","type-post","status-publish","format-standard","hentry","category-lohi","category-mmm","eq-blocks"],"yoast_head":"<!-- This site is optimized with the Yoast SEO plugin v27.5 - https:\/\/yoast.com\/product\/yoast-seo-wordpress\/ -->\n<title>Maa- ja mets\u00e4talousministeri\u00f6 esitt\u00e4\u00e4 pienennyst\u00e4 lohikiinti\u00f6ihin - KALASTUSVIESTI<\/title>\n<meta name=\"robots\" content=\"index, follow, max-snippet:-1, max-image-preview:large, max-video-preview:-1\" \/>\n<link rel=\"canonical\" href=\"https:\/\/www.victoriamedia.org\/kalastusviesti\/maa-ja-metsatalousministerio-esittaa-pienennysta-lohikiintioihin\/\" \/>\n<meta property=\"og:locale\" content=\"en_US\" \/>\n<meta property=\"og:type\" content=\"article\" \/>\n<meta property=\"og:title\" content=\"Maa- ja mets\u00e4talousministeri\u00f6 esitt\u00e4\u00e4 pienennyst\u00e4 lohikiinti\u00f6ihin - KALASTUSVIESTI\" \/>\n<meta property=\"og:description\" content=\"Euroopan komissio antoi 21.8. esityksen It\u00e4meren saaliskiinti\u00f6ist\u00e4 vuodelle 2014. Maa- ja mets\u00e4talousministeri\u00f6 l\u00e4hetti esityksen laajalle lausuntokierrokselle ja on tehnyt ehdotuksen Suomen kannaksi kiinti\u00f6ihin. Ministeri\u00f6 ehdottaa komission esitykseen joitain muutoksia. It\u00e4meren kalakannat ovat kehittyneet my\u00f6nteisesti ja muun muassa Selk\u00e4meren silakkakanta on enn\u00e4tyksellisen suuri. My\u00f6s Suomen lohikannat ovat kehittyneet my\u00f6nteisesti ja kotimaista lohta on t\u00e4n\u00e4kin kes\u00e4n\u00e4 kalastettu [&hellip;]\" \/>\n<meta property=\"og:url\" content=\"https:\/\/www.victoriamedia.org\/kalastusviesti\/maa-ja-metsatalousministerio-esittaa-pienennysta-lohikiintioihin\/\" \/>\n<meta property=\"og:site_name\" content=\"KALASTUSVIESTI\" \/>\n<meta property=\"article:publisher\" content=\"https:\/\/www.facebook.com\/Kalastusviesti\" \/>\n<meta property=\"article:published_time\" content=\"2013-09-27T11:31:56+00:00\" \/>\n<meta property=\"og:image\" content=\"http:\/\/www.victoriamedia.org\/kalastusviesti\/wp-content\/uploads\/2013\/09\/lohi.gif\" \/>\n<meta name=\"author\" content=\"kerttuvali\" \/>\n<meta name=\"twitter:card\" content=\"summary_large_image\" \/>\n<meta name=\"twitter:creator\" content=\"@kalastusuutiset\" \/>\n<meta name=\"twitter:site\" content=\"@kalastusuutiset\" \/>\n<meta name=\"twitter:label1\" content=\"Written by\" \/>\n\t<meta name=\"twitter:data1\" content=\"kerttuvali\" \/>\n\t<meta name=\"twitter:label2\" content=\"Est. reading time\" \/>\n\t<meta name=\"twitter:data2\" content=\"2 minutes\" \/>\n<script type=\"application\/ld+json\" class=\"yoast-schema-graph\">{\"@context\":\"https:\\\/\\\/schema.org\",\"@graph\":[{\"@type\":\"Article\",\"@id\":\"https:\\\/\\\/www.victoriamedia.org\\\/kalastusviesti\\\/maa-ja-metsatalousministerio-esittaa-pienennysta-lohikiintioihin\\\/#article\",\"isPartOf\":{\"@id\":\"https:\\\/\\\/www.victoriamedia.org\\\/kalastusviesti\\\/maa-ja-metsatalousministerio-esittaa-pienennysta-lohikiintioihin\\\/\"},\"author\":{\"name\":\"kerttuvali\",\"@id\":\"https:\\\/\\\/www.victoriamedia.org\\\/kalastusviesti\\\/#\\\/schema\\\/person\\\/df29131d02ead3f61cdeeef5d30a6771\"},\"headline\":\"Maa- ja mets\u00e4talousministeri\u00f6 esitt\u00e4\u00e4 pienennyst\u00e4 lohikiinti\u00f6ihin\",\"datePublished\":\"2013-09-27T11:31:56+00:00\",\"mainEntityOfPage\":{\"@id\":\"https:\\\/\\\/www.victoriamedia.org\\\/kalastusviesti\\\/maa-ja-metsatalousministerio-esittaa-pienennysta-lohikiintioihin\\\/\"},\"wordCount\":461,\"image\":{\"@id\":\"https:\\\/\\\/www.victoriamedia.org\\\/kalastusviesti\\\/maa-ja-metsatalousministerio-esittaa-pienennysta-lohikiintioihin\\\/#primaryimage\"},\"thumbnailUrl\":\"http:\\\/\\\/www.victoriamedia.org\\\/kalastusviesti\\\/wp-content\\\/uploads\\\/2013\\\/09\\\/lohi.gif\",\"articleSection\":[\"Lohi\",\"MMM\"],\"inLanguage\":\"en-US\"},{\"@type\":\"WebPage\",\"@id\":\"https:\\\/\\\/www.victoriamedia.org\\\/kalastusviesti\\\/maa-ja-metsatalousministerio-esittaa-pienennysta-lohikiintioihin\\\/\",\"url\":\"https:\\\/\\\/www.victoriamedia.org\\\/kalastusviesti\\\/maa-ja-metsatalousministerio-esittaa-pienennysta-lohikiintioihin\\\/\",\"name\":\"Maa- ja mets\u00e4talousministeri\u00f6 esitt\u00e4\u00e4 pienennyst\u00e4 lohikiinti\u00f6ihin - KALASTUSVIESTI\",\"isPartOf\":{\"@id\":\"https:\\\/\\\/www.victoriamedia.org\\\/kalastusviesti\\\/#website\"},\"primaryImageOfPage\":{\"@id\":\"https:\\\/\\\/www.victoriamedia.org\\\/kalastusviesti\\\/maa-ja-metsatalousministerio-esittaa-pienennysta-lohikiintioihin\\\/#primaryimage\"},\"image\":{\"@id\":\"https:\\\/\\\/www.victoriamedia.org\\\/kalastusviesti\\\/maa-ja-metsatalousministerio-esittaa-pienennysta-lohikiintioihin\\\/#primaryimage\"},\"thumbnailUrl\":\"http:\\\/\\\/www.victoriamedia.org\\\/kalastusviesti\\\/wp-content\\\/uploads\\\/2013\\\/09\\\/lohi.gif\",\"datePublished\":\"2013-09-27T11:31:56+00:00\",\"author\":{\"@id\":\"https:\\\/\\\/www.victoriamedia.org\\\/kalastusviesti\\\/#\\\/schema\\\/person\\\/df29131d02ead3f61cdeeef5d30a6771\"},\"breadcrumb\":{\"@id\":\"https:\\\/\\\/www.victoriamedia.org\\\/kalastusviesti\\\/maa-ja-metsatalousministerio-esittaa-pienennysta-lohikiintioihin\\\/#breadcrumb\"},\"inLanguage\":\"en-US\",\"potentialAction\":[{\"@type\":\"ReadAction\",\"target\":[\"https:\\\/\\\/www.victoriamedia.org\\\/kalastusviesti\\\/maa-ja-metsatalousministerio-esittaa-pienennysta-lohikiintioihin\\\/\"]}]},{\"@type\":\"ImageObject\",\"inLanguage\":\"en-US\",\"@id\":\"https:\\\/\\\/www.victoriamedia.org\\\/kalastusviesti\\\/maa-ja-metsatalousministerio-esittaa-pienennysta-lohikiintioihin\\\/#primaryimage\",\"url\":\"https:\\\/\\\/www.victoriamedia.org\\\/kalastusviesti\\\/wp-content\\\/uploads\\\/2013\\\/09\\\/lohi.gif\",\"contentUrl\":\"https:\\\/\\\/www.victoriamedia.org\\\/kalastusviesti\\\/wp-content\\\/uploads\\\/2013\\\/09\\\/lohi.gif\",\"width\":350,\"height\":211},{\"@type\":\"BreadcrumbList\",\"@id\":\"https:\\\/\\\/www.victoriamedia.org\\\/kalastusviesti\\\/maa-ja-metsatalousministerio-esittaa-pienennysta-lohikiintioihin\\\/#breadcrumb\",\"itemListElement\":[{\"@type\":\"ListItem\",\"position\":1,\"name\":\"Home\",\"item\":\"https:\\\/\\\/www.victoriamedia.org\\\/kalastusviesti\\\/\"},{\"@type\":\"ListItem\",\"position\":2,\"name\":\"Maa- ja mets\u00e4talousministeri\u00f6 esitt\u00e4\u00e4 pienennyst\u00e4 lohikiinti\u00f6ihin\"}]},{\"@type\":\"WebSite\",\"@id\":\"https:\\\/\\\/www.victoriamedia.org\\\/kalastusviesti\\\/#website\",\"url\":\"https:\\\/\\\/www.victoriamedia.org\\\/kalastusviesti\\\/\",\"name\":\"KALASTUSVIESTI\",\"description\":\"\",\"potentialAction\":[{\"@type\":\"SearchAction\",\"target\":{\"@type\":\"EntryPoint\",\"urlTemplate\":\"https:\\\/\\\/www.victoriamedia.org\\\/kalastusviesti\\\/?s={search_term_string}\"},\"query-input\":{\"@type\":\"PropertyValueSpecification\",\"valueRequired\":true,\"valueName\":\"search_term_string\"}}],\"inLanguage\":\"en-US\"},{\"@type\":\"Person\",\"@id\":\"https:\\\/\\\/www.victoriamedia.org\\\/kalastusviesti\\\/#\\\/schema\\\/person\\\/df29131d02ead3f61cdeeef5d30a6771\",\"name\":\"kerttuvali\",\"image\":{\"@type\":\"ImageObject\",\"inLanguage\":\"en-US\",\"@id\":\"https:\\\/\\\/secure.gravatar.com\\\/avatar\\\/62dbe1a847f655ad987c59fece23f885c4b0e7b06595c36d9597003852972217?s=96&d=mm&r=g\",\"url\":\"https:\\\/\\\/secure.gravatar.com\\\/avatar\\\/62dbe1a847f655ad987c59fece23f885c4b0e7b06595c36d9597003852972217?s=96&d=mm&r=g\",\"contentUrl\":\"https:\\\/\\\/secure.gravatar.com\\\/avatar\\\/62dbe1a847f655ad987c59fece23f885c4b0e7b06595c36d9597003852972217?s=96&d=mm&r=g\",\"caption\":\"kerttuvali\"},\"url\":\"https:\\\/\\\/www.victoriamedia.org\\\/kalastusviesti\\\/author\\\/kerttuvali\\\/\"}]}<\/script>\n<!-- \/ Yoast SEO plugin. -->","yoast_head_json":{"title":"Maa- ja mets\u00e4talousministeri\u00f6 esitt\u00e4\u00e4 pienennyst\u00e4 lohikiinti\u00f6ihin - KALASTUSVIESTI","robots":{"index":"index","follow":"follow","max-snippet":"max-snippet:-1","max-image-preview":"max-image-preview:large","max-video-preview":"max-video-preview:-1"},"canonical":"https:\/\/www.victoriamedia.org\/kalastusviesti\/maa-ja-metsatalousministerio-esittaa-pienennysta-lohikiintioihin\/","og_locale":"en_US","og_type":"article","og_title":"Maa- ja mets\u00e4talousministeri\u00f6 esitt\u00e4\u00e4 pienennyst\u00e4 lohikiinti\u00f6ihin - KALASTUSVIESTI","og_description":"Euroopan komissio antoi 21.8. esityksen It\u00e4meren saaliskiinti\u00f6ist\u00e4 vuodelle 2014. Maa- ja mets\u00e4talousministeri\u00f6 l\u00e4hetti esityksen laajalle lausuntokierrokselle ja on tehnyt ehdotuksen Suomen kannaksi kiinti\u00f6ihin. Ministeri\u00f6 ehdottaa komission esitykseen joitain muutoksia. It\u00e4meren kalakannat ovat kehittyneet my\u00f6nteisesti ja muun muassa Selk\u00e4meren silakkakanta on enn\u00e4tyksellisen suuri. My\u00f6s Suomen lohikannat ovat kehittyneet my\u00f6nteisesti ja kotimaista lohta on t\u00e4n\u00e4kin kes\u00e4n\u00e4 kalastettu [&hellip;]","og_url":"https:\/\/www.victoriamedia.org\/kalastusviesti\/maa-ja-metsatalousministerio-esittaa-pienennysta-lohikiintioihin\/","og_site_name":"KALASTUSVIESTI","article_publisher":"https:\/\/www.facebook.com\/Kalastusviesti","article_published_time":"2013-09-27T11:31:56+00:00","og_image":[{"url":"http:\/\/www.victoriamedia.org\/kalastusviesti\/wp-content\/uploads\/2013\/09\/lohi.gif","type":"","width":"","height":""}],"author":"kerttuvali","twitter_card":"summary_large_image","twitter_creator":"@kalastusuutiset","twitter_site":"@kalastusuutiset","twitter_misc":{"Written by":"kerttuvali","Est. reading time":"2 minutes"},"schema":{"@context":"https:\/\/schema.org","@graph":[{"@type":"Article","@id":"https:\/\/www.victoriamedia.org\/kalastusviesti\/maa-ja-metsatalousministerio-esittaa-pienennysta-lohikiintioihin\/#article","isPartOf":{"@id":"https:\/\/www.victoriamedia.org\/kalastusviesti\/maa-ja-metsatalousministerio-esittaa-pienennysta-lohikiintioihin\/"},"author":{"name":"kerttuvali","@id":"https:\/\/www.victoriamedia.org\/kalastusviesti\/#\/schema\/person\/df29131d02ead3f61cdeeef5d30a6771"},"headline":"Maa- ja mets\u00e4talousministeri\u00f6 esitt\u00e4\u00e4 pienennyst\u00e4 lohikiinti\u00f6ihin","datePublished":"2013-09-27T11:31:56+00:00","mainEntityOfPage":{"@id":"https:\/\/www.victoriamedia.org\/kalastusviesti\/maa-ja-metsatalousministerio-esittaa-pienennysta-lohikiintioihin\/"},"wordCount":461,"image":{"@id":"https:\/\/www.victoriamedia.org\/kalastusviesti\/maa-ja-metsatalousministerio-esittaa-pienennysta-lohikiintioihin\/#primaryimage"},"thumbnailUrl":"http:\/\/www.victoriamedia.org\/kalastusviesti\/wp-content\/uploads\/2013\/09\/lohi.gif","articleSection":["Lohi","MMM"],"inLanguage":"en-US"},{"@type":"WebPage","@id":"https:\/\/www.victoriamedia.org\/kalastusviesti\/maa-ja-metsatalousministerio-esittaa-pienennysta-lohikiintioihin\/","url":"https:\/\/www.victoriamedia.org\/kalastusviesti\/maa-ja-metsatalousministerio-esittaa-pienennysta-lohikiintioihin\/","name":"Maa- ja mets\u00e4talousministeri\u00f6 esitt\u00e4\u00e4 pienennyst\u00e4 lohikiinti\u00f6ihin - KALASTUSVIESTI","isPartOf":{"@id":"https:\/\/www.victoriamedia.org\/kalastusviesti\/#website"},"primaryImageOfPage":{"@id":"https:\/\/www.victoriamedia.org\/kalastusviesti\/maa-ja-metsatalousministerio-esittaa-pienennysta-lohikiintioihin\/#primaryimage"},"image":{"@id":"https:\/\/www.victoriamedia.org\/kalastusviesti\/maa-ja-metsatalousministerio-esittaa-pienennysta-lohikiintioihin\/#primaryimage"},"thumbnailUrl":"http:\/\/www.victoriamedia.org\/kalastusviesti\/wp-content\/uploads\/2013\/09\/lohi.gif","datePublished":"2013-09-27T11:31:56+00:00","author":{"@id":"https:\/\/www.victoriamedia.org\/kalastusviesti\/#\/schema\/person\/df29131d02ead3f61cdeeef5d30a6771"},"breadcrumb":{"@id":"https:\/\/www.victoriamedia.org\/kalastusviesti\/maa-ja-metsatalousministerio-esittaa-pienennysta-lohikiintioihin\/#breadcrumb"},"inLanguage":"en-US","potentialAction":[{"@type":"ReadAction","target":["https:\/\/www.victoriamedia.org\/kalastusviesti\/maa-ja-metsatalousministerio-esittaa-pienennysta-lohikiintioihin\/"]}]},{"@type":"ImageObject","inLanguage":"en-US","@id":"https:\/\/www.victoriamedia.org\/kalastusviesti\/maa-ja-metsatalousministerio-esittaa-pienennysta-lohikiintioihin\/#primaryimage","url":"https:\/\/www.victoriamedia.org\/kalastusviesti\/wp-content\/uploads\/2013\/09\/lohi.gif","contentUrl":"https:\/\/www.victoriamedia.org\/kalastusviesti\/wp-content\/uploads\/2013\/09\/lohi.gif","width":350,"height":211},{"@type":"BreadcrumbList","@id":"https:\/\/www.victoriamedia.org\/kalastusviesti\/maa-ja-metsatalousministerio-esittaa-pienennysta-lohikiintioihin\/#breadcrumb","itemListElement":[{"@type":"ListItem","position":1,"name":"Home","item":"https:\/\/www.victoriamedia.org\/kalastusviesti\/"},{"@type":"ListItem","position":2,"name":"Maa- ja mets\u00e4talousministeri\u00f6 esitt\u00e4\u00e4 pienennyst\u00e4 lohikiinti\u00f6ihin"}]},{"@type":"WebSite","@id":"https:\/\/www.victoriamedia.org\/kalastusviesti\/#website","url":"https:\/\/www.victoriamedia.org\/kalastusviesti\/","name":"KALASTUSVIESTI","description":"","potentialAction":[{"@type":"SearchAction","target":{"@type":"EntryPoint","urlTemplate":"https:\/\/www.victoriamedia.org\/kalastusviesti\/?s={search_term_string}"},"query-input":{"@type":"PropertyValueSpecification","valueRequired":true,"valueName":"search_term_string"}}],"inLanguage":"en-US"},{"@type":"Person","@id":"https:\/\/www.victoriamedia.org\/kalastusviesti\/#\/schema\/person\/df29131d02ead3f61cdeeef5d30a6771","name":"kerttuvali","image":{"@type":"ImageObject","inLanguage":"en-US","@id":"https:\/\/secure.gravatar.com\/avatar\/62dbe1a847f655ad987c59fece23f885c4b0e7b06595c36d9597003852972217?s=96&d=mm&r=g","url":"https:\/\/secure.gravatar.com\/avatar\/62dbe1a847f655ad987c59fece23f885c4b0e7b06595c36d9597003852972217?s=96&d=mm&r=g","contentUrl":"https:\/\/secure.gravatar.com\/avatar\/62dbe1a847f655ad987c59fece23f885c4b0e7b06595c36d9597003852972217?s=96&d=mm&r=g","caption":"kerttuvali"},"url":"https:\/\/www.victoriamedia.org\/kalastusviesti\/author\/kerttuvali\/"}]}},"_links":{"self":[{"href":"https:\/\/www.victoriamedia.org\/kalastusviesti\/wp-json\/wp\/v2\/posts\/150","targetHints":{"allow":["GET"]}}],"collection":[{"href":"https:\/\/www.victoriamedia.org\/kalastusviesti\/wp-json\/wp\/v2\/posts"}],"about":[{"href":"https:\/\/www.victoriamedia.org\/kalastusviesti\/wp-json\/wp\/v2\/types\/post"}],"author":[{"embeddable":true,"href":"https:\/\/www.victoriamedia.org\/kalastusviesti\/wp-json\/wp\/v2\/users\/1"}],"replies":[{"embeddable":true,"href":"https:\/\/www.victoriamedia.org\/kalastusviesti\/wp-json\/wp\/v2\/comments?post=150"}],"version-history":[{"count":1,"href":"https:\/\/www.victoriamedia.org\/kalastusviesti\/wp-json\/wp\/v2\/posts\/150\/revisions"}],"predecessor-version":[{"id":152,"href":"https:\/\/www.victoriamedia.org\/kalastusviesti\/wp-json\/wp\/v2\/posts\/150\/revisions\/152"}],"wp:attachment":[{"href":"https:\/\/www.victoriamedia.org\/kalastusviesti\/wp-json\/wp\/v2\/media?parent=150"}],"wp:term":[{"taxonomy":"category","embeddable":true,"href":"https:\/\/www.victoriamedia.org\/kalastusviesti\/wp-json\/wp\/v2\/categories?post=150"},{"taxonomy":"post_tag","embeddable":true,"href":"https:\/\/www.victoriamedia.org\/kalastusviesti\/wp-json\/wp\/v2\/tags?post=150"}],"curies":[{"name":"wp","href":"https:\/\/api.w.org\/{rel}","templated":true}]}}