{"id":1471,"date":"2022-04-23T16:23:42","date_gmt":"2022-04-23T16:23:42","guid":{"rendered":"https:\/\/www.victoriamedia.org\/kalastusviesti\/?p=1471"},"modified":"2022-04-23T16:23:42","modified_gmt":"2022-04-23T16:23:42","slug":"suomen-vapaa-ajankalastajat-jakoi-tunnustusta-anssi-vainikasta-vuoden-vapaa-ajankalastaja-ja-heikki-kurtista-vuoden-kilpakalastaja","status":"publish","type":"post","link":"https:\/\/www.victoriamedia.org\/kalastusviesti\/suomen-vapaa-ajankalastajat-jakoi-tunnustusta-anssi-vainikasta-vuoden-vapaa-ajankalastaja-ja-heikki-kurtista-vuoden-kilpakalastaja\/","title":{"rendered":"Suomen Vapaa-ajankalastajat jakoi tunnustusta: Anssi Vainikasta Vuoden Vapaa-ajankalastaja ja Heikki Kurtista Vuoden Kilpakalastaja"},"content":{"rendered":"<p><em>Vuoden Vapaa-ajankalastaja Anssi Vainikka, tunnustuksen luovuttivat Seppo Eskelinen ja Stina Koivisto Kuva: Jaana Vetikko, Suomen Vapaa-ajankalastajat.<\/em><\/p>\n<p><strong>Suomen Vapaa-ajankalastajat (SVK) on valinnut Vuoden Vapaa-ajankalastajaksi Anssi Vainikan ja Vuoden Kilpakalastajaksi Heikki Kurtin. Tunnustukset julkistettiin lauantaina 23. huhtikuuta SVK:n kev\u00e4tkokouksen yhteydess\u00e4 Helsingiss\u00e4.<\/strong><\/p>\n<p>Vuoden Vapaa-ajankalastajan valinnut SVK:n hallitus perustelee p\u00e4\u00e4t\u00f6st\u00e4\u00e4n Anssi Vainikan pitk\u00e4aikaisella panoksella vapaa-ajankalastuksen puolestapuhujana ja edist\u00e4j\u00e4n\u00e4. It\u00e4-Suomen yliopistossa professorina ty\u00f6skentelev\u00e4 Vainikka on esimerkiksi SVK:n kala- ja ymp\u00e4rist\u00f6toimikunnan puheenjohtajana asiantuntijakirjoituksillaan ja -lausunnoillaan tuonut vapaa-ajankalastajien tavoitteet ja tarpeet yleiseen tietoisuuteen.<\/p>\n<p>Vapaa-ajan Kalastaja -lehdess\u00e4 julkaistuilla artikkeleillaan h\u00e4n on edist\u00e4nyt kalakantojen tilan huomioon ottavan kest\u00e4v\u00e4n kalastuksen yleistymist\u00e4 maassamme. Kirjoituksillaan Vainikka on my\u00f6s lis\u00e4nnyt kalastusharrastuksen vetovoimaisuutta ja edist\u00e4nyt kalastusmatkailua Suomessa. Vainikan panos on lis\u00e4ksi ollut merkitt\u00e4v\u00e4 vastuullisen kalastuksen J\u00e4rvikalastusseura FLF:ss\u00e4, joka my\u00f6s osaltaan edist\u00e4\u00e4 kest\u00e4v\u00e4\u00e4 kalastusta ja lis\u00e4\u00e4 kalastuksen vetovoimaisuutta.<\/p>\n<p>Vainikka kertoo olevansa valinnastaan yll\u00e4ttynyt ja ilahtunut. Sen taustalla on h\u00e4nen oman arvionsa mukaan pitk\u00e4\u00e4n jatkunut ty\u00f6 SVK:ssa eri teht\u00e4viss\u00e4. \u201dOlin esimerkiksi jo ennen kala- ja ymp\u00e4rist\u00f6toimikunnan puheenjohtajuutta Oulun Er\u00e4- ja Kennelkerhon kalastusjaoston vet\u00e4j\u00e4 ja Pohjois-Pohjanmaan Vapaa-ajankalastajapiirin puheenjohtaja\u201d, h\u00e4n selvitt\u00e4\u00e4.<\/p>\n<p>Vapaa-ajankalastajien yhdeksi t\u00e4m\u00e4n hetken haasteeksi Vainikka kokee tarpeen parantaa kalastusmatkailuyritt\u00e4jien ja vapaa-ajankalastajien v\u00e4list\u00e4 vuoropuhelua kalastuspaikkoja kehitett\u00e4ess\u00e4. \u201dMy\u00f6s erilaiset esimerkiksi somessa toimivat kalastusryhm\u00e4t pit\u00e4isi jollain tavoin saada mukaan j\u00e4rjest\u00f6toimintaan ja mukaan vaikuttamaan\u201d, h\u00e4n sanoo.<\/p>\n<p><strong>Kurtista yksimielisesti Vuoden Kilpakalastaja<\/strong><\/p>\n<p>SVK:n kilpailutoimikunta valitsi Fly Fishing Club Jyv\u00e4skyl\u00e4\u00e4 edustavan Heikki Kurtin yksimielisesti Vuoden Kilpakalastajaksi 2022. Valintaperusteluissaan toimikunta painotti Kurtin viime vuoden Kuusamon perhokalastuksen MM-kilpailuissa saavuttamaa sek\u00e4 henkil\u00f6kohtaista ett\u00e4 joukkuekultamitalia.<\/p>\n<p>Kurtin valinnan puolesta puhui my\u00f6s se, ett\u00e4 h\u00e4n toimii suomalaisista huippukilpaperhokalastajista koostuvan Fly Fishing Club Jyv\u00e4skyl\u00e4n puheenjohtajana ja on muutenkin aktiivinen seuratoiminnassa ja n\u00e4kyv\u00e4 hahmo Suomen perhokalastajien keskuudessa.<\/p>\n<p>Kurtin mielest\u00e4 valinta tuntuu hyv\u00e4lt\u00e4, koska h\u00e4n kokee perhokalastajana saaneensa tunnustusta yli kalastusmuotorajojen.<br \/>\n\u201dEn osannut t\u00e4llaista lainkaan odottaa\u201d, Kurtti toteaa viime vuoden huippumenestyksest\u00e4 huolimatta.<\/p>\n<p>Seuraavaksi h\u00e4n ja muut suomalaiset edustusperhokalastajat t\u00e4ht\u00e4\u00e4v\u00e4t syyskuussa Espanjassa j\u00e4rjestett\u00e4viin MM-kilpailuihin.<br \/>\n\u201dKisoista tulee meille suomalaisille haastavat, sill\u00e4 Espanjassa kalastetaan pieniss\u00e4 ja eritt\u00e4in kirkkaissa vesiss\u00e4 pient\u00e4 taimenta olosuhteissa, jollaisia Suomesta ei l\u00f6ydy\u201d, Kurtti arvioi.<\/p>\n","protected":false},"excerpt":{"rendered":"<p>Vuoden Vapaa-ajankalastaja Anssi Vainikka, tunnustuksen luovuttivat Seppo Eskelinen ja Stina Koivisto Kuva: Jaana Vetikko, Suomen Vapaa-ajankalastajat. Suomen Vapaa-ajankalastajat (SVK) on valinnut Vuoden Vapaa-ajankalastajaksi Anssi Vainikan ja Vuoden Kilpakalastajaksi Heikki Kurtin. Tunnustukset julkistettiin lauantaina 23. huhtikuuta SVK:n kev\u00e4tkokouksen yhteydess\u00e4 Helsingiss\u00e4. Vuoden Vapaa-ajankalastajan valinnut SVK:n hallitus perustelee p\u00e4\u00e4t\u00f6st\u00e4\u00e4n Anssi Vainikan pitk\u00e4aikaisella panoksella vapaa-ajankalastuksen puolestapuhujana ja edist\u00e4j\u00e4n\u00e4. It\u00e4-Suomen [&hellip;]<\/p>\n","protected":false},"author":1,"featured_media":1472,"comment_status":"closed","ping_status":"closed","sticky":false,"template":"","format":"standard","meta":{"footnotes":""},"categories":[45],"tags":[],"class_list":["post-1471","post","type-post","status-publish","format-standard","has-post-thumbnail","hentry","category-suomen-ammattikalastajaliitto-r-y","eq-blocks"],"yoast_head":"<!-- This site is optimized with the Yoast SEO plugin v27.5 - https:\/\/yoast.com\/product\/yoast-seo-wordpress\/ -->\n<title>Suomen Vapaa-ajankalastajat jakoi tunnustusta: Anssi Vainikasta Vuoden Vapaa-ajankalastaja ja Heikki Kurtista Vuoden Kilpakalastaja - KALASTUSVIESTI<\/title>\n<meta name=\"robots\" content=\"index, follow, max-snippet:-1, max-image-preview:large, max-video-preview:-1\" \/>\n<link rel=\"canonical\" href=\"https:\/\/www.victoriamedia.org\/kalastusviesti\/suomen-vapaa-ajankalastajat-jakoi-tunnustusta-anssi-vainikasta-vuoden-vapaa-ajankalastaja-ja-heikki-kurtista-vuoden-kilpakalastaja\/\" \/>\n<meta property=\"og:locale\" content=\"en_US\" \/>\n<meta property=\"og:type\" content=\"article\" \/>\n<meta property=\"og:title\" content=\"Suomen Vapaa-ajankalastajat jakoi tunnustusta: Anssi Vainikasta Vuoden Vapaa-ajankalastaja ja Heikki Kurtista Vuoden Kilpakalastaja - KALASTUSVIESTI\" \/>\n<meta property=\"og:description\" content=\"Vuoden Vapaa-ajankalastaja Anssi Vainikka, tunnustuksen luovuttivat Seppo Eskelinen ja Stina Koivisto Kuva: Jaana Vetikko, Suomen Vapaa-ajankalastajat. Suomen Vapaa-ajankalastajat (SVK) on valinnut Vuoden Vapaa-ajankalastajaksi Anssi Vainikan ja Vuoden Kilpakalastajaksi Heikki Kurtin. Tunnustukset julkistettiin lauantaina 23. huhtikuuta SVK:n kev\u00e4tkokouksen yhteydess\u00e4 Helsingiss\u00e4. Vuoden Vapaa-ajankalastajan valinnut SVK:n hallitus perustelee p\u00e4\u00e4t\u00f6st\u00e4\u00e4n Anssi Vainikan pitk\u00e4aikaisella panoksella vapaa-ajankalastuksen puolestapuhujana ja edist\u00e4j\u00e4n\u00e4. It\u00e4-Suomen [&hellip;]\" \/>\n<meta property=\"og:url\" content=\"https:\/\/www.victoriamedia.org\/kalastusviesti\/suomen-vapaa-ajankalastajat-jakoi-tunnustusta-anssi-vainikasta-vuoden-vapaa-ajankalastaja-ja-heikki-kurtista-vuoden-kilpakalastaja\/\" \/>\n<meta property=\"og:site_name\" content=\"KALASTUSVIESTI\" \/>\n<meta property=\"article:publisher\" content=\"https:\/\/www.facebook.com\/Kalastusviesti\" \/>\n<meta property=\"article:published_time\" content=\"2022-04-23T16:23:42+00:00\" \/>\n<meta property=\"og:image\" content=\"https:\/\/www.victoriamedia.org\/kalastusviesti\/wp-content\/uploads\/2022\/04\/vuoden-vapaa-ajankalastaja-anssi-vainikka-tunnustuksen-luovuttivat-seppo-eskelinen-ja-stina-koivisto-scaled.jpg\" \/>\n\t<meta property=\"og:image:width\" content=\"2560\" \/>\n\t<meta property=\"og:image:height\" content=\"1920\" \/>\n\t<meta property=\"og:image:type\" content=\"image\/jpeg\" \/>\n<meta name=\"author\" content=\"kerttuvali\" \/>\n<meta name=\"twitter:card\" content=\"summary_large_image\" \/>\n<meta name=\"twitter:creator\" content=\"@kalastusuutiset\" \/>\n<meta name=\"twitter:site\" content=\"@kalastusuutiset\" \/>\n<meta name=\"twitter:label1\" content=\"Written by\" \/>\n\t<meta name=\"twitter:data1\" content=\"kerttuvali\" \/>\n\t<meta name=\"twitter:label2\" content=\"Est. reading time\" \/>\n\t<meta name=\"twitter:data2\" content=\"2 minutes\" \/>\n<script type=\"application\/ld+json\" class=\"yoast-schema-graph\">{\"@context\":\"https:\\\/\\\/schema.org\",\"@graph\":[{\"@type\":\"Article\",\"@id\":\"https:\\\/\\\/www.victoriamedia.org\\\/kalastusviesti\\\/suomen-vapaa-ajankalastajat-jakoi-tunnustusta-anssi-vainikasta-vuoden-vapaa-ajankalastaja-ja-heikki-kurtista-vuoden-kilpakalastaja\\\/#article\",\"isPartOf\":{\"@id\":\"https:\\\/\\\/www.victoriamedia.org\\\/kalastusviesti\\\/suomen-vapaa-ajankalastajat-jakoi-tunnustusta-anssi-vainikasta-vuoden-vapaa-ajankalastaja-ja-heikki-kurtista-vuoden-kilpakalastaja\\\/\"},\"author\":{\"name\":\"kerttuvali\",\"@id\":\"https:\\\/\\\/www.victoriamedia.org\\\/kalastusviesti\\\/#\\\/schema\\\/person\\\/df29131d02ead3f61cdeeef5d30a6771\"},\"headline\":\"Suomen Vapaa-ajankalastajat jakoi tunnustusta: Anssi Vainikasta Vuoden Vapaa-ajankalastaja ja Heikki Kurtista Vuoden Kilpakalastaja\",\"datePublished\":\"2022-04-23T16:23:42+00:00\",\"mainEntityOfPage\":{\"@id\":\"https:\\\/\\\/www.victoriamedia.org\\\/kalastusviesti\\\/suomen-vapaa-ajankalastajat-jakoi-tunnustusta-anssi-vainikasta-vuoden-vapaa-ajankalastaja-ja-heikki-kurtista-vuoden-kilpakalastaja\\\/\"},\"wordCount\":391,\"image\":{\"@id\":\"https:\\\/\\\/www.victoriamedia.org\\\/kalastusviesti\\\/suomen-vapaa-ajankalastajat-jakoi-tunnustusta-anssi-vainikasta-vuoden-vapaa-ajankalastaja-ja-heikki-kurtista-vuoden-kilpakalastaja\\\/#primaryimage\"},\"thumbnailUrl\":\"https:\\\/\\\/www.victoriamedia.org\\\/kalastusviesti\\\/wp-content\\\/uploads\\\/2022\\\/04\\\/vuoden-vapaa-ajankalastaja-anssi-vainikka-tunnustuksen-luovuttivat-seppo-eskelinen-ja-stina-koivisto-scaled.jpg\",\"articleSection\":[\"Suomen Ammattikalastajaliitto r.y\"],\"inLanguage\":\"en-US\"},{\"@type\":\"WebPage\",\"@id\":\"https:\\\/\\\/www.victoriamedia.org\\\/kalastusviesti\\\/suomen-vapaa-ajankalastajat-jakoi-tunnustusta-anssi-vainikasta-vuoden-vapaa-ajankalastaja-ja-heikki-kurtista-vuoden-kilpakalastaja\\\/\",\"url\":\"https:\\\/\\\/www.victoriamedia.org\\\/kalastusviesti\\\/suomen-vapaa-ajankalastajat-jakoi-tunnustusta-anssi-vainikasta-vuoden-vapaa-ajankalastaja-ja-heikki-kurtista-vuoden-kilpakalastaja\\\/\",\"name\":\"Suomen Vapaa-ajankalastajat jakoi tunnustusta: Anssi Vainikasta Vuoden Vapaa-ajankalastaja ja Heikki Kurtista Vuoden Kilpakalastaja - KALASTUSVIESTI\",\"isPartOf\":{\"@id\":\"https:\\\/\\\/www.victoriamedia.org\\\/kalastusviesti\\\/#website\"},\"primaryImageOfPage\":{\"@id\":\"https:\\\/\\\/www.victoriamedia.org\\\/kalastusviesti\\\/suomen-vapaa-ajankalastajat-jakoi-tunnustusta-anssi-vainikasta-vuoden-vapaa-ajankalastaja-ja-heikki-kurtista-vuoden-kilpakalastaja\\\/#primaryimage\"},\"image\":{\"@id\":\"https:\\\/\\\/www.victoriamedia.org\\\/kalastusviesti\\\/suomen-vapaa-ajankalastajat-jakoi-tunnustusta-anssi-vainikasta-vuoden-vapaa-ajankalastaja-ja-heikki-kurtista-vuoden-kilpakalastaja\\\/#primaryimage\"},\"thumbnailUrl\":\"https:\\\/\\\/www.victoriamedia.org\\\/kalastusviesti\\\/wp-content\\\/uploads\\\/2022\\\/04\\\/vuoden-vapaa-ajankalastaja-anssi-vainikka-tunnustuksen-luovuttivat-seppo-eskelinen-ja-stina-koivisto-scaled.jpg\",\"datePublished\":\"2022-04-23T16:23:42+00:00\",\"author\":{\"@id\":\"https:\\\/\\\/www.victoriamedia.org\\\/kalastusviesti\\\/#\\\/schema\\\/person\\\/df29131d02ead3f61cdeeef5d30a6771\"},\"breadcrumb\":{\"@id\":\"https:\\\/\\\/www.victoriamedia.org\\\/kalastusviesti\\\/suomen-vapaa-ajankalastajat-jakoi-tunnustusta-anssi-vainikasta-vuoden-vapaa-ajankalastaja-ja-heikki-kurtista-vuoden-kilpakalastaja\\\/#breadcrumb\"},\"inLanguage\":\"en-US\",\"potentialAction\":[{\"@type\":\"ReadAction\",\"target\":[\"https:\\\/\\\/www.victoriamedia.org\\\/kalastusviesti\\\/suomen-vapaa-ajankalastajat-jakoi-tunnustusta-anssi-vainikasta-vuoden-vapaa-ajankalastaja-ja-heikki-kurtista-vuoden-kilpakalastaja\\\/\"]}]},{\"@type\":\"ImageObject\",\"inLanguage\":\"en-US\",\"@id\":\"https:\\\/\\\/www.victoriamedia.org\\\/kalastusviesti\\\/suomen-vapaa-ajankalastajat-jakoi-tunnustusta-anssi-vainikasta-vuoden-vapaa-ajankalastaja-ja-heikki-kurtista-vuoden-kilpakalastaja\\\/#primaryimage\",\"url\":\"https:\\\/\\\/www.victoriamedia.org\\\/kalastusviesti\\\/wp-content\\\/uploads\\\/2022\\\/04\\\/vuoden-vapaa-ajankalastaja-anssi-vainikka-tunnustuksen-luovuttivat-seppo-eskelinen-ja-stina-koivisto-scaled.jpg\",\"contentUrl\":\"https:\\\/\\\/www.victoriamedia.org\\\/kalastusviesti\\\/wp-content\\\/uploads\\\/2022\\\/04\\\/vuoden-vapaa-ajankalastaja-anssi-vainikka-tunnustuksen-luovuttivat-seppo-eskelinen-ja-stina-koivisto-scaled.jpg\",\"width\":2560,\"height\":1920},{\"@type\":\"BreadcrumbList\",\"@id\":\"https:\\\/\\\/www.victoriamedia.org\\\/kalastusviesti\\\/suomen-vapaa-ajankalastajat-jakoi-tunnustusta-anssi-vainikasta-vuoden-vapaa-ajankalastaja-ja-heikki-kurtista-vuoden-kilpakalastaja\\\/#breadcrumb\",\"itemListElement\":[{\"@type\":\"ListItem\",\"position\":1,\"name\":\"Home\",\"item\":\"https:\\\/\\\/www.victoriamedia.org\\\/kalastusviesti\\\/\"},{\"@type\":\"ListItem\",\"position\":2,\"name\":\"Suomen Vapaa-ajankalastajat jakoi tunnustusta: Anssi Vainikasta Vuoden Vapaa-ajankalastaja ja Heikki Kurtista Vuoden Kilpakalastaja\"}]},{\"@type\":\"WebSite\",\"@id\":\"https:\\\/\\\/www.victoriamedia.org\\\/kalastusviesti\\\/#website\",\"url\":\"https:\\\/\\\/www.victoriamedia.org\\\/kalastusviesti\\\/\",\"name\":\"KALASTUSVIESTI\",\"description\":\"\",\"potentialAction\":[{\"@type\":\"SearchAction\",\"target\":{\"@type\":\"EntryPoint\",\"urlTemplate\":\"https:\\\/\\\/www.victoriamedia.org\\\/kalastusviesti\\\/?s={search_term_string}\"},\"query-input\":{\"@type\":\"PropertyValueSpecification\",\"valueRequired\":true,\"valueName\":\"search_term_string\"}}],\"inLanguage\":\"en-US\"},{\"@type\":\"Person\",\"@id\":\"https:\\\/\\\/www.victoriamedia.org\\\/kalastusviesti\\\/#\\\/schema\\\/person\\\/df29131d02ead3f61cdeeef5d30a6771\",\"name\":\"kerttuvali\",\"image\":{\"@type\":\"ImageObject\",\"inLanguage\":\"en-US\",\"@id\":\"https:\\\/\\\/secure.gravatar.com\\\/avatar\\\/62dbe1a847f655ad987c59fece23f885c4b0e7b06595c36d9597003852972217?s=96&d=mm&r=g\",\"url\":\"https:\\\/\\\/secure.gravatar.com\\\/avatar\\\/62dbe1a847f655ad987c59fece23f885c4b0e7b06595c36d9597003852972217?s=96&d=mm&r=g\",\"contentUrl\":\"https:\\\/\\\/secure.gravatar.com\\\/avatar\\\/62dbe1a847f655ad987c59fece23f885c4b0e7b06595c36d9597003852972217?s=96&d=mm&r=g\",\"caption\":\"kerttuvali\"},\"url\":\"https:\\\/\\\/www.victoriamedia.org\\\/kalastusviesti\\\/author\\\/kerttuvali\\\/\"}]}<\/script>\n<!-- \/ Yoast SEO plugin. -->","yoast_head_json":{"title":"Suomen Vapaa-ajankalastajat jakoi tunnustusta: Anssi Vainikasta Vuoden Vapaa-ajankalastaja ja Heikki Kurtista Vuoden Kilpakalastaja - KALASTUSVIESTI","robots":{"index":"index","follow":"follow","max-snippet":"max-snippet:-1","max-image-preview":"max-image-preview:large","max-video-preview":"max-video-preview:-1"},"canonical":"https:\/\/www.victoriamedia.org\/kalastusviesti\/suomen-vapaa-ajankalastajat-jakoi-tunnustusta-anssi-vainikasta-vuoden-vapaa-ajankalastaja-ja-heikki-kurtista-vuoden-kilpakalastaja\/","og_locale":"en_US","og_type":"article","og_title":"Suomen Vapaa-ajankalastajat jakoi tunnustusta: Anssi Vainikasta Vuoden Vapaa-ajankalastaja ja Heikki Kurtista Vuoden Kilpakalastaja - KALASTUSVIESTI","og_description":"Vuoden Vapaa-ajankalastaja Anssi Vainikka, tunnustuksen luovuttivat Seppo Eskelinen ja Stina Koivisto Kuva: Jaana Vetikko, Suomen Vapaa-ajankalastajat. Suomen Vapaa-ajankalastajat (SVK) on valinnut Vuoden Vapaa-ajankalastajaksi Anssi Vainikan ja Vuoden Kilpakalastajaksi Heikki Kurtin. Tunnustukset julkistettiin lauantaina 23. huhtikuuta SVK:n kev\u00e4tkokouksen yhteydess\u00e4 Helsingiss\u00e4. Vuoden Vapaa-ajankalastajan valinnut SVK:n hallitus perustelee p\u00e4\u00e4t\u00f6st\u00e4\u00e4n Anssi Vainikan pitk\u00e4aikaisella panoksella vapaa-ajankalastuksen puolestapuhujana ja edist\u00e4j\u00e4n\u00e4. It\u00e4-Suomen [&hellip;]","og_url":"https:\/\/www.victoriamedia.org\/kalastusviesti\/suomen-vapaa-ajankalastajat-jakoi-tunnustusta-anssi-vainikasta-vuoden-vapaa-ajankalastaja-ja-heikki-kurtista-vuoden-kilpakalastaja\/","og_site_name":"KALASTUSVIESTI","article_publisher":"https:\/\/www.facebook.com\/Kalastusviesti","article_published_time":"2022-04-23T16:23:42+00:00","og_image":[{"width":2560,"height":1920,"url":"https:\/\/www.victoriamedia.org\/kalastusviesti\/wp-content\/uploads\/2022\/04\/vuoden-vapaa-ajankalastaja-anssi-vainikka-tunnustuksen-luovuttivat-seppo-eskelinen-ja-stina-koivisto-scaled.jpg","type":"image\/jpeg"}],"author":"kerttuvali","twitter_card":"summary_large_image","twitter_creator":"@kalastusuutiset","twitter_site":"@kalastusuutiset","twitter_misc":{"Written by":"kerttuvali","Est. reading time":"2 minutes"},"schema":{"@context":"https:\/\/schema.org","@graph":[{"@type":"Article","@id":"https:\/\/www.victoriamedia.org\/kalastusviesti\/suomen-vapaa-ajankalastajat-jakoi-tunnustusta-anssi-vainikasta-vuoden-vapaa-ajankalastaja-ja-heikki-kurtista-vuoden-kilpakalastaja\/#article","isPartOf":{"@id":"https:\/\/www.victoriamedia.org\/kalastusviesti\/suomen-vapaa-ajankalastajat-jakoi-tunnustusta-anssi-vainikasta-vuoden-vapaa-ajankalastaja-ja-heikki-kurtista-vuoden-kilpakalastaja\/"},"author":{"name":"kerttuvali","@id":"https:\/\/www.victoriamedia.org\/kalastusviesti\/#\/schema\/person\/df29131d02ead3f61cdeeef5d30a6771"},"headline":"Suomen Vapaa-ajankalastajat jakoi tunnustusta: Anssi Vainikasta Vuoden Vapaa-ajankalastaja ja Heikki Kurtista Vuoden Kilpakalastaja","datePublished":"2022-04-23T16:23:42+00:00","mainEntityOfPage":{"@id":"https:\/\/www.victoriamedia.org\/kalastusviesti\/suomen-vapaa-ajankalastajat-jakoi-tunnustusta-anssi-vainikasta-vuoden-vapaa-ajankalastaja-ja-heikki-kurtista-vuoden-kilpakalastaja\/"},"wordCount":391,"image":{"@id":"https:\/\/www.victoriamedia.org\/kalastusviesti\/suomen-vapaa-ajankalastajat-jakoi-tunnustusta-anssi-vainikasta-vuoden-vapaa-ajankalastaja-ja-heikki-kurtista-vuoden-kilpakalastaja\/#primaryimage"},"thumbnailUrl":"https:\/\/www.victoriamedia.org\/kalastusviesti\/wp-content\/uploads\/2022\/04\/vuoden-vapaa-ajankalastaja-anssi-vainikka-tunnustuksen-luovuttivat-seppo-eskelinen-ja-stina-koivisto-scaled.jpg","articleSection":["Suomen Ammattikalastajaliitto r.y"],"inLanguage":"en-US"},{"@type":"WebPage","@id":"https:\/\/www.victoriamedia.org\/kalastusviesti\/suomen-vapaa-ajankalastajat-jakoi-tunnustusta-anssi-vainikasta-vuoden-vapaa-ajankalastaja-ja-heikki-kurtista-vuoden-kilpakalastaja\/","url":"https:\/\/www.victoriamedia.org\/kalastusviesti\/suomen-vapaa-ajankalastajat-jakoi-tunnustusta-anssi-vainikasta-vuoden-vapaa-ajankalastaja-ja-heikki-kurtista-vuoden-kilpakalastaja\/","name":"Suomen Vapaa-ajankalastajat jakoi tunnustusta: Anssi Vainikasta Vuoden Vapaa-ajankalastaja ja Heikki Kurtista Vuoden Kilpakalastaja - KALASTUSVIESTI","isPartOf":{"@id":"https:\/\/www.victoriamedia.org\/kalastusviesti\/#website"},"primaryImageOfPage":{"@id":"https:\/\/www.victoriamedia.org\/kalastusviesti\/suomen-vapaa-ajankalastajat-jakoi-tunnustusta-anssi-vainikasta-vuoden-vapaa-ajankalastaja-ja-heikki-kurtista-vuoden-kilpakalastaja\/#primaryimage"},"image":{"@id":"https:\/\/www.victoriamedia.org\/kalastusviesti\/suomen-vapaa-ajankalastajat-jakoi-tunnustusta-anssi-vainikasta-vuoden-vapaa-ajankalastaja-ja-heikki-kurtista-vuoden-kilpakalastaja\/#primaryimage"},"thumbnailUrl":"https:\/\/www.victoriamedia.org\/kalastusviesti\/wp-content\/uploads\/2022\/04\/vuoden-vapaa-ajankalastaja-anssi-vainikka-tunnustuksen-luovuttivat-seppo-eskelinen-ja-stina-koivisto-scaled.jpg","datePublished":"2022-04-23T16:23:42+00:00","author":{"@id":"https:\/\/www.victoriamedia.org\/kalastusviesti\/#\/schema\/person\/df29131d02ead3f61cdeeef5d30a6771"},"breadcrumb":{"@id":"https:\/\/www.victoriamedia.org\/kalastusviesti\/suomen-vapaa-ajankalastajat-jakoi-tunnustusta-anssi-vainikasta-vuoden-vapaa-ajankalastaja-ja-heikki-kurtista-vuoden-kilpakalastaja\/#breadcrumb"},"inLanguage":"en-US","potentialAction":[{"@type":"ReadAction","target":["https:\/\/www.victoriamedia.org\/kalastusviesti\/suomen-vapaa-ajankalastajat-jakoi-tunnustusta-anssi-vainikasta-vuoden-vapaa-ajankalastaja-ja-heikki-kurtista-vuoden-kilpakalastaja\/"]}]},{"@type":"ImageObject","inLanguage":"en-US","@id":"https:\/\/www.victoriamedia.org\/kalastusviesti\/suomen-vapaa-ajankalastajat-jakoi-tunnustusta-anssi-vainikasta-vuoden-vapaa-ajankalastaja-ja-heikki-kurtista-vuoden-kilpakalastaja\/#primaryimage","url":"https:\/\/www.victoriamedia.org\/kalastusviesti\/wp-content\/uploads\/2022\/04\/vuoden-vapaa-ajankalastaja-anssi-vainikka-tunnustuksen-luovuttivat-seppo-eskelinen-ja-stina-koivisto-scaled.jpg","contentUrl":"https:\/\/www.victoriamedia.org\/kalastusviesti\/wp-content\/uploads\/2022\/04\/vuoden-vapaa-ajankalastaja-anssi-vainikka-tunnustuksen-luovuttivat-seppo-eskelinen-ja-stina-koivisto-scaled.jpg","width":2560,"height":1920},{"@type":"BreadcrumbList","@id":"https:\/\/www.victoriamedia.org\/kalastusviesti\/suomen-vapaa-ajankalastajat-jakoi-tunnustusta-anssi-vainikasta-vuoden-vapaa-ajankalastaja-ja-heikki-kurtista-vuoden-kilpakalastaja\/#breadcrumb","itemListElement":[{"@type":"ListItem","position":1,"name":"Home","item":"https:\/\/www.victoriamedia.org\/kalastusviesti\/"},{"@type":"ListItem","position":2,"name":"Suomen Vapaa-ajankalastajat jakoi tunnustusta: Anssi Vainikasta Vuoden Vapaa-ajankalastaja ja Heikki Kurtista Vuoden Kilpakalastaja"}]},{"@type":"WebSite","@id":"https:\/\/www.victoriamedia.org\/kalastusviesti\/#website","url":"https:\/\/www.victoriamedia.org\/kalastusviesti\/","name":"KALASTUSVIESTI","description":"","potentialAction":[{"@type":"SearchAction","target":{"@type":"EntryPoint","urlTemplate":"https:\/\/www.victoriamedia.org\/kalastusviesti\/?s={search_term_string}"},"query-input":{"@type":"PropertyValueSpecification","valueRequired":true,"valueName":"search_term_string"}}],"inLanguage":"en-US"},{"@type":"Person","@id":"https:\/\/www.victoriamedia.org\/kalastusviesti\/#\/schema\/person\/df29131d02ead3f61cdeeef5d30a6771","name":"kerttuvali","image":{"@type":"ImageObject","inLanguage":"en-US","@id":"https:\/\/secure.gravatar.com\/avatar\/62dbe1a847f655ad987c59fece23f885c4b0e7b06595c36d9597003852972217?s=96&d=mm&r=g","url":"https:\/\/secure.gravatar.com\/avatar\/62dbe1a847f655ad987c59fece23f885c4b0e7b06595c36d9597003852972217?s=96&d=mm&r=g","contentUrl":"https:\/\/secure.gravatar.com\/avatar\/62dbe1a847f655ad987c59fece23f885c4b0e7b06595c36d9597003852972217?s=96&d=mm&r=g","caption":"kerttuvali"},"url":"https:\/\/www.victoriamedia.org\/kalastusviesti\/author\/kerttuvali\/"}]}},"_links":{"self":[{"href":"https:\/\/www.victoriamedia.org\/kalastusviesti\/wp-json\/wp\/v2\/posts\/1471","targetHints":{"allow":["GET"]}}],"collection":[{"href":"https:\/\/www.victoriamedia.org\/kalastusviesti\/wp-json\/wp\/v2\/posts"}],"about":[{"href":"https:\/\/www.victoriamedia.org\/kalastusviesti\/wp-json\/wp\/v2\/types\/post"}],"author":[{"embeddable":true,"href":"https:\/\/www.victoriamedia.org\/kalastusviesti\/wp-json\/wp\/v2\/users\/1"}],"replies":[{"embeddable":true,"href":"https:\/\/www.victoriamedia.org\/kalastusviesti\/wp-json\/wp\/v2\/comments?post=1471"}],"version-history":[{"count":1,"href":"https:\/\/www.victoriamedia.org\/kalastusviesti\/wp-json\/wp\/v2\/posts\/1471\/revisions"}],"predecessor-version":[{"id":1473,"href":"https:\/\/www.victoriamedia.org\/kalastusviesti\/wp-json\/wp\/v2\/posts\/1471\/revisions\/1473"}],"wp:featuredmedia":[{"embeddable":true,"href":"https:\/\/www.victoriamedia.org\/kalastusviesti\/wp-json\/wp\/v2\/media\/1472"}],"wp:attachment":[{"href":"https:\/\/www.victoriamedia.org\/kalastusviesti\/wp-json\/wp\/v2\/media?parent=1471"}],"wp:term":[{"taxonomy":"category","embeddable":true,"href":"https:\/\/www.victoriamedia.org\/kalastusviesti\/wp-json\/wp\/v2\/categories?post=1471"},{"taxonomy":"post_tag","embeddable":true,"href":"https:\/\/www.victoriamedia.org\/kalastusviesti\/wp-json\/wp\/v2\/tags?post=1471"}],"curies":[{"name":"wp","href":"https:\/\/api.w.org\/{rel}","templated":true}]}}