{"id":146,"date":"2013-09-25T14:18:14","date_gmt":"2013-09-25T14:18:14","guid":{"rendered":"http:\/\/www.victoriamedia.org\/kalastusviesti\/?p=146"},"modified":"2013-09-25T14:18:41","modified_gmt":"2013-09-25T14:18:41","slug":"stadin-silakkamarkkinat-valtaavat-kauppatorin-6-12-10","status":"publish","type":"post","link":"https:\/\/www.victoriamedia.org\/kalastusviesti\/stadin-silakkamarkkinat-valtaavat-kauppatorin-6-12-10\/","title":{"rendered":"Stadin Silakkamarkkinat valtaavat Kauppatorin 6. \u2013 12.10."},"content":{"rendered":"<p><a href=\"https:\/\/www.victoriamedia.org\/kalastusviesti\/wp-content\/uploads\/2013\/09\/evrlc2dkgjuukdalfpvv.jpg\"><img loading=\"lazy\" decoding=\"async\" class=\"alignnone size-full wp-image-147\" alt=\"evrlc2dkgjuukdalfpvv\" src=\"https:\/\/www.victoriamedia.org\/kalastusviesti\/wp-content\/uploads\/2013\/09\/evrlc2dkgjuukdalfpvv.jpg\" width=\"454\" height=\"302\" srcset=\"https:\/\/www.victoriamedia.org\/kalastusviesti\/wp-content\/uploads\/2013\/09\/evrlc2dkgjuukdalfpvv.jpg 454w, https:\/\/www.victoriamedia.org\/kalastusviesti\/wp-content\/uploads\/2013\/09\/evrlc2dkgjuukdalfpvv-300x199.jpg 300w\" sizes=\"auto, (max-width: 454px) 100vw, 454px\" \/><\/a><\/p>\n<p>Kalastajat saapuvat j\u00e4lleen Helsingin Kauppatorille tarjoamaan parhaita silakkaherkkujaan 6. \u201312.10.2013.<\/p>\n<p>Stadin ammattiopiston ja Ravintolakoulu Perhon opiskelijat kutsuvat markkinav\u00e4en Lyypekinlaiturille ravintola Str\u00f6mariin nauttimaan mm. maukasta silakkaa uudella tapaa tarjottuna.<\/p>\n<p>Avajaissunnuntaina 6.10. \u00a0lis\u00e4ksi paljon mielenkiintoista ohjelmaa koko perheelle:<\/p>\n<p><b>P\u00c4\u00c4LAVA \/ KAUPPATORI<\/b><\/p>\n<p><b>klo 11:00 Markkinoiden avaus<\/b>, Satamajohtaja Kimmo M\u00e4ki<br \/>\n<b>klo 11:15 Musiikkia lapsille<\/b>, Mimmit<br \/>\n<b>klo 12:00 Sami Garam ja Janne Pekkala valmistavat silakkaruokaa lavalla<br \/>\n<\/b><b>klo 12:30\u00a0 Meriaiheisia s\u00e4velmi\u00e4 Helsingin hengess\u00e4<\/b>, Duo Nella &amp; Sampo<br \/>\n<b>klo 13:15 Sami Garam ja Janne Pekkala valmistavat silakkaruokaa lavalla<br \/>\n<\/b><b>klo 14.00 Kauko R\u00f6yhk\u00e4 Solo<br \/>\n<\/b><b>klo 14.45 Kaunein kalastajavene kilpailun palkintojenjako<br \/>\n<\/b><b>klo 15.00 Sami Garam ja Janne Pekkala valmistavat silakkaruokaa lavalla<br \/>\n<\/b><b>klo 16:00 Silakkatuotekilpailujen palkintojenjako<\/b>, Juontajina Sami Garam ja Janne Pekkala<\/p>\n<p><b>PIKKULAVA \/ LYYPEKINLAITURI<\/b><\/p>\n<p><b>11.20 Tervetuliaissanat<\/b>, Sami Garam &amp; Janne Pekkala<br \/>\n<b>11.30 Osteriakatemian silakanfileointikilpailu ja ruoanvalmistusohjelmaa<br \/>\n<\/b><b>13.15 Bon Jouni<\/b>, syvi\u00e4 tunteita ja Skandinaavista melankoliaa<br \/>\n<b>14.00 Osteriakatemian silakanfileointikilpailu ja ruoanvalmistusohjelmaa<br \/>\n<\/b><b>14.45 Meriaiheisia s\u00e4velmi\u00e4 Helsingin hengess\u00e4<\/b>, Duo Nella &amp; Sampo<\/p>\n<p>Markkinat ovat avoinna su \u2013 pe klo 7.00 \u2013 19.00, la klo 7.00 \u2013 15.00<\/p>\n<p>Tapahtuman j\u00e4rjest\u00e4\u00e4 Helsingin Satama.<\/p>\n","protected":false},"excerpt":{"rendered":"<p>Kalastajat saapuvat j\u00e4lleen Helsingin Kauppatorille tarjoamaan parhaita silakkaherkkujaan 6. \u201312.10.2013. Stadin ammattiopiston ja Ravintolakoulu Perhon opiskelijat kutsuvat markkinav\u00e4en Lyypekinlaiturille ravintola Str\u00f6mariin nauttimaan mm. maukasta silakkaa uudella tapaa tarjottuna. Avajaissunnuntaina 6.10. \u00a0lis\u00e4ksi paljon mielenkiintoista ohjelmaa koko perheelle: P\u00c4\u00c4LAVA \/ KAUPPATORI klo 11:00 Markkinoiden avaus, Satamajohtaja Kimmo M\u00e4ki klo 11:15 Musiikkia lapsille, Mimmit klo 12:00 Sami Garam [&hellip;]<\/p>\n","protected":false},"author":1,"featured_media":0,"comment_status":"closed","ping_status":"closed","sticky":false,"template":"","format":"standard","meta":{"footnotes":""},"categories":[56],"tags":[],"class_list":["post-146","post","type-post","status-publish","format-standard","hentry","category-silakkamarkkinat","eq-blocks"],"yoast_head":"<!-- This site is optimized with the Yoast SEO plugin v27.5 - https:\/\/yoast.com\/product\/yoast-seo-wordpress\/ -->\n<title>Stadin Silakkamarkkinat valtaavat Kauppatorin 6. \u2013 12.10. - KALASTUSVIESTI<\/title>\n<meta name=\"robots\" content=\"index, follow, max-snippet:-1, max-image-preview:large, max-video-preview:-1\" \/>\n<link rel=\"canonical\" href=\"https:\/\/www.victoriamedia.org\/kalastusviesti\/stadin-silakkamarkkinat-valtaavat-kauppatorin-6-12-10\/\" \/>\n<meta property=\"og:locale\" content=\"en_US\" \/>\n<meta property=\"og:type\" content=\"article\" \/>\n<meta property=\"og:title\" content=\"Stadin Silakkamarkkinat valtaavat Kauppatorin 6. \u2013 12.10. - KALASTUSVIESTI\" \/>\n<meta property=\"og:description\" content=\"Kalastajat saapuvat j\u00e4lleen Helsingin Kauppatorille tarjoamaan parhaita silakkaherkkujaan 6. \u201312.10.2013. Stadin ammattiopiston ja Ravintolakoulu Perhon opiskelijat kutsuvat markkinav\u00e4en Lyypekinlaiturille ravintola Str\u00f6mariin nauttimaan mm. maukasta silakkaa uudella tapaa tarjottuna. Avajaissunnuntaina 6.10. \u00a0lis\u00e4ksi paljon mielenkiintoista ohjelmaa koko perheelle: P\u00c4\u00c4LAVA \/ KAUPPATORI klo 11:00 Markkinoiden avaus, Satamajohtaja Kimmo M\u00e4ki klo 11:15 Musiikkia lapsille, Mimmit klo 12:00 Sami Garam [&hellip;]\" \/>\n<meta property=\"og:url\" content=\"https:\/\/www.victoriamedia.org\/kalastusviesti\/stadin-silakkamarkkinat-valtaavat-kauppatorin-6-12-10\/\" \/>\n<meta property=\"og:site_name\" content=\"KALASTUSVIESTI\" \/>\n<meta property=\"article:publisher\" content=\"https:\/\/www.facebook.com\/Kalastusviesti\" \/>\n<meta property=\"article:published_time\" content=\"2013-09-25T14:18:14+00:00\" \/>\n<meta property=\"article:modified_time\" content=\"2013-09-25T14:18:41+00:00\" \/>\n<meta property=\"og:image\" content=\"http:\/\/www.victoriamedia.org\/kalastusviesti\/wp-content\/uploads\/2013\/09\/evrlc2dkgjuukdalfpvv.jpg\" \/>\n<meta name=\"author\" content=\"kerttuvali\" \/>\n<meta name=\"twitter:card\" content=\"summary_large_image\" \/>\n<meta name=\"twitter:creator\" content=\"@kalastusuutiset\" \/>\n<meta name=\"twitter:site\" content=\"@kalastusuutiset\" \/>\n<meta name=\"twitter:label1\" content=\"Written by\" \/>\n\t<meta name=\"twitter:data1\" content=\"kerttuvali\" \/>\n\t<meta name=\"twitter:label2\" content=\"Est. reading time\" \/>\n\t<meta name=\"twitter:data2\" content=\"1 minute\" \/>\n<script type=\"application\/ld+json\" class=\"yoast-schema-graph\">{\"@context\":\"https:\\\/\\\/schema.org\",\"@graph\":[{\"@type\":\"Article\",\"@id\":\"https:\\\/\\\/www.victoriamedia.org\\\/kalastusviesti\\\/stadin-silakkamarkkinat-valtaavat-kauppatorin-6-12-10\\\/#article\",\"isPartOf\":{\"@id\":\"https:\\\/\\\/www.victoriamedia.org\\\/kalastusviesti\\\/stadin-silakkamarkkinat-valtaavat-kauppatorin-6-12-10\\\/\"},\"author\":{\"name\":\"kerttuvali\",\"@id\":\"https:\\\/\\\/www.victoriamedia.org\\\/kalastusviesti\\\/#\\\/schema\\\/person\\\/df29131d02ead3f61cdeeef5d30a6771\"},\"headline\":\"Stadin Silakkamarkkinat valtaavat Kauppatorin 6. \u2013 12.10.\",\"datePublished\":\"2013-09-25T14:18:14+00:00\",\"dateModified\":\"2013-09-25T14:18:41+00:00\",\"mainEntityOfPage\":{\"@id\":\"https:\\\/\\\/www.victoriamedia.org\\\/kalastusviesti\\\/stadin-silakkamarkkinat-valtaavat-kauppatorin-6-12-10\\\/\"},\"wordCount\":156,\"image\":{\"@id\":\"https:\\\/\\\/www.victoriamedia.org\\\/kalastusviesti\\\/stadin-silakkamarkkinat-valtaavat-kauppatorin-6-12-10\\\/#primaryimage\"},\"thumbnailUrl\":\"http:\\\/\\\/www.victoriamedia.org\\\/kalastusviesti\\\/wp-content\\\/uploads\\\/2013\\\/09\\\/evrlc2dkgjuukdalfpvv.jpg\",\"articleSection\":[\"Silakkamarkkinat\"],\"inLanguage\":\"en-US\"},{\"@type\":\"WebPage\",\"@id\":\"https:\\\/\\\/www.victoriamedia.org\\\/kalastusviesti\\\/stadin-silakkamarkkinat-valtaavat-kauppatorin-6-12-10\\\/\",\"url\":\"https:\\\/\\\/www.victoriamedia.org\\\/kalastusviesti\\\/stadin-silakkamarkkinat-valtaavat-kauppatorin-6-12-10\\\/\",\"name\":\"Stadin Silakkamarkkinat valtaavat Kauppatorin 6. \u2013 12.10. - KALASTUSVIESTI\",\"isPartOf\":{\"@id\":\"https:\\\/\\\/www.victoriamedia.org\\\/kalastusviesti\\\/#website\"},\"primaryImageOfPage\":{\"@id\":\"https:\\\/\\\/www.victoriamedia.org\\\/kalastusviesti\\\/stadin-silakkamarkkinat-valtaavat-kauppatorin-6-12-10\\\/#primaryimage\"},\"image\":{\"@id\":\"https:\\\/\\\/www.victoriamedia.org\\\/kalastusviesti\\\/stadin-silakkamarkkinat-valtaavat-kauppatorin-6-12-10\\\/#primaryimage\"},\"thumbnailUrl\":\"http:\\\/\\\/www.victoriamedia.org\\\/kalastusviesti\\\/wp-content\\\/uploads\\\/2013\\\/09\\\/evrlc2dkgjuukdalfpvv.jpg\",\"datePublished\":\"2013-09-25T14:18:14+00:00\",\"dateModified\":\"2013-09-25T14:18:41+00:00\",\"author\":{\"@id\":\"https:\\\/\\\/www.victoriamedia.org\\\/kalastusviesti\\\/#\\\/schema\\\/person\\\/df29131d02ead3f61cdeeef5d30a6771\"},\"breadcrumb\":{\"@id\":\"https:\\\/\\\/www.victoriamedia.org\\\/kalastusviesti\\\/stadin-silakkamarkkinat-valtaavat-kauppatorin-6-12-10\\\/#breadcrumb\"},\"inLanguage\":\"en-US\",\"potentialAction\":[{\"@type\":\"ReadAction\",\"target\":[\"https:\\\/\\\/www.victoriamedia.org\\\/kalastusviesti\\\/stadin-silakkamarkkinat-valtaavat-kauppatorin-6-12-10\\\/\"]}]},{\"@type\":\"ImageObject\",\"inLanguage\":\"en-US\",\"@id\":\"https:\\\/\\\/www.victoriamedia.org\\\/kalastusviesti\\\/stadin-silakkamarkkinat-valtaavat-kauppatorin-6-12-10\\\/#primaryimage\",\"url\":\"https:\\\/\\\/www.victoriamedia.org\\\/kalastusviesti\\\/wp-content\\\/uploads\\\/2013\\\/09\\\/evrlc2dkgjuukdalfpvv.jpg\",\"contentUrl\":\"https:\\\/\\\/www.victoriamedia.org\\\/kalastusviesti\\\/wp-content\\\/uploads\\\/2013\\\/09\\\/evrlc2dkgjuukdalfpvv.jpg\",\"width\":454,\"height\":302},{\"@type\":\"BreadcrumbList\",\"@id\":\"https:\\\/\\\/www.victoriamedia.org\\\/kalastusviesti\\\/stadin-silakkamarkkinat-valtaavat-kauppatorin-6-12-10\\\/#breadcrumb\",\"itemListElement\":[{\"@type\":\"ListItem\",\"position\":1,\"name\":\"Home\",\"item\":\"https:\\\/\\\/www.victoriamedia.org\\\/kalastusviesti\\\/\"},{\"@type\":\"ListItem\",\"position\":2,\"name\":\"Stadin Silakkamarkkinat valtaavat Kauppatorin 6. \u2013 12.10.\"}]},{\"@type\":\"WebSite\",\"@id\":\"https:\\\/\\\/www.victoriamedia.org\\\/kalastusviesti\\\/#website\",\"url\":\"https:\\\/\\\/www.victoriamedia.org\\\/kalastusviesti\\\/\",\"name\":\"KALASTUSVIESTI\",\"description\":\"\",\"potentialAction\":[{\"@type\":\"SearchAction\",\"target\":{\"@type\":\"EntryPoint\",\"urlTemplate\":\"https:\\\/\\\/www.victoriamedia.org\\\/kalastusviesti\\\/?s={search_term_string}\"},\"query-input\":{\"@type\":\"PropertyValueSpecification\",\"valueRequired\":true,\"valueName\":\"search_term_string\"}}],\"inLanguage\":\"en-US\"},{\"@type\":\"Person\",\"@id\":\"https:\\\/\\\/www.victoriamedia.org\\\/kalastusviesti\\\/#\\\/schema\\\/person\\\/df29131d02ead3f61cdeeef5d30a6771\",\"name\":\"kerttuvali\",\"image\":{\"@type\":\"ImageObject\",\"inLanguage\":\"en-US\",\"@id\":\"https:\\\/\\\/secure.gravatar.com\\\/avatar\\\/62dbe1a847f655ad987c59fece23f885c4b0e7b06595c36d9597003852972217?s=96&d=mm&r=g\",\"url\":\"https:\\\/\\\/secure.gravatar.com\\\/avatar\\\/62dbe1a847f655ad987c59fece23f885c4b0e7b06595c36d9597003852972217?s=96&d=mm&r=g\",\"contentUrl\":\"https:\\\/\\\/secure.gravatar.com\\\/avatar\\\/62dbe1a847f655ad987c59fece23f885c4b0e7b06595c36d9597003852972217?s=96&d=mm&r=g\",\"caption\":\"kerttuvali\"},\"url\":\"https:\\\/\\\/www.victoriamedia.org\\\/kalastusviesti\\\/author\\\/kerttuvali\\\/\"}]}<\/script>\n<!-- \/ Yoast SEO plugin. -->","yoast_head_json":{"title":"Stadin Silakkamarkkinat valtaavat Kauppatorin 6. \u2013 12.10. - KALASTUSVIESTI","robots":{"index":"index","follow":"follow","max-snippet":"max-snippet:-1","max-image-preview":"max-image-preview:large","max-video-preview":"max-video-preview:-1"},"canonical":"https:\/\/www.victoriamedia.org\/kalastusviesti\/stadin-silakkamarkkinat-valtaavat-kauppatorin-6-12-10\/","og_locale":"en_US","og_type":"article","og_title":"Stadin Silakkamarkkinat valtaavat Kauppatorin 6. \u2013 12.10. - KALASTUSVIESTI","og_description":"Kalastajat saapuvat j\u00e4lleen Helsingin Kauppatorille tarjoamaan parhaita silakkaherkkujaan 6. \u201312.10.2013. Stadin ammattiopiston ja Ravintolakoulu Perhon opiskelijat kutsuvat markkinav\u00e4en Lyypekinlaiturille ravintola Str\u00f6mariin nauttimaan mm. maukasta silakkaa uudella tapaa tarjottuna. Avajaissunnuntaina 6.10. \u00a0lis\u00e4ksi paljon mielenkiintoista ohjelmaa koko perheelle: P\u00c4\u00c4LAVA \/ KAUPPATORI klo 11:00 Markkinoiden avaus, Satamajohtaja Kimmo M\u00e4ki klo 11:15 Musiikkia lapsille, Mimmit klo 12:00 Sami Garam [&hellip;]","og_url":"https:\/\/www.victoriamedia.org\/kalastusviesti\/stadin-silakkamarkkinat-valtaavat-kauppatorin-6-12-10\/","og_site_name":"KALASTUSVIESTI","article_publisher":"https:\/\/www.facebook.com\/Kalastusviesti","article_published_time":"2013-09-25T14:18:14+00:00","article_modified_time":"2013-09-25T14:18:41+00:00","og_image":[{"url":"http:\/\/www.victoriamedia.org\/kalastusviesti\/wp-content\/uploads\/2013\/09\/evrlc2dkgjuukdalfpvv.jpg","type":"","width":"","height":""}],"author":"kerttuvali","twitter_card":"summary_large_image","twitter_creator":"@kalastusuutiset","twitter_site":"@kalastusuutiset","twitter_misc":{"Written by":"kerttuvali","Est. reading time":"1 minute"},"schema":{"@context":"https:\/\/schema.org","@graph":[{"@type":"Article","@id":"https:\/\/www.victoriamedia.org\/kalastusviesti\/stadin-silakkamarkkinat-valtaavat-kauppatorin-6-12-10\/#article","isPartOf":{"@id":"https:\/\/www.victoriamedia.org\/kalastusviesti\/stadin-silakkamarkkinat-valtaavat-kauppatorin-6-12-10\/"},"author":{"name":"kerttuvali","@id":"https:\/\/www.victoriamedia.org\/kalastusviesti\/#\/schema\/person\/df29131d02ead3f61cdeeef5d30a6771"},"headline":"Stadin Silakkamarkkinat valtaavat Kauppatorin 6. \u2013 12.10.","datePublished":"2013-09-25T14:18:14+00:00","dateModified":"2013-09-25T14:18:41+00:00","mainEntityOfPage":{"@id":"https:\/\/www.victoriamedia.org\/kalastusviesti\/stadin-silakkamarkkinat-valtaavat-kauppatorin-6-12-10\/"},"wordCount":156,"image":{"@id":"https:\/\/www.victoriamedia.org\/kalastusviesti\/stadin-silakkamarkkinat-valtaavat-kauppatorin-6-12-10\/#primaryimage"},"thumbnailUrl":"http:\/\/www.victoriamedia.org\/kalastusviesti\/wp-content\/uploads\/2013\/09\/evrlc2dkgjuukdalfpvv.jpg","articleSection":["Silakkamarkkinat"],"inLanguage":"en-US"},{"@type":"WebPage","@id":"https:\/\/www.victoriamedia.org\/kalastusviesti\/stadin-silakkamarkkinat-valtaavat-kauppatorin-6-12-10\/","url":"https:\/\/www.victoriamedia.org\/kalastusviesti\/stadin-silakkamarkkinat-valtaavat-kauppatorin-6-12-10\/","name":"Stadin Silakkamarkkinat valtaavat Kauppatorin 6. \u2013 12.10. - KALASTUSVIESTI","isPartOf":{"@id":"https:\/\/www.victoriamedia.org\/kalastusviesti\/#website"},"primaryImageOfPage":{"@id":"https:\/\/www.victoriamedia.org\/kalastusviesti\/stadin-silakkamarkkinat-valtaavat-kauppatorin-6-12-10\/#primaryimage"},"image":{"@id":"https:\/\/www.victoriamedia.org\/kalastusviesti\/stadin-silakkamarkkinat-valtaavat-kauppatorin-6-12-10\/#primaryimage"},"thumbnailUrl":"http:\/\/www.victoriamedia.org\/kalastusviesti\/wp-content\/uploads\/2013\/09\/evrlc2dkgjuukdalfpvv.jpg","datePublished":"2013-09-25T14:18:14+00:00","dateModified":"2013-09-25T14:18:41+00:00","author":{"@id":"https:\/\/www.victoriamedia.org\/kalastusviesti\/#\/schema\/person\/df29131d02ead3f61cdeeef5d30a6771"},"breadcrumb":{"@id":"https:\/\/www.victoriamedia.org\/kalastusviesti\/stadin-silakkamarkkinat-valtaavat-kauppatorin-6-12-10\/#breadcrumb"},"inLanguage":"en-US","potentialAction":[{"@type":"ReadAction","target":["https:\/\/www.victoriamedia.org\/kalastusviesti\/stadin-silakkamarkkinat-valtaavat-kauppatorin-6-12-10\/"]}]},{"@type":"ImageObject","inLanguage":"en-US","@id":"https:\/\/www.victoriamedia.org\/kalastusviesti\/stadin-silakkamarkkinat-valtaavat-kauppatorin-6-12-10\/#primaryimage","url":"https:\/\/www.victoriamedia.org\/kalastusviesti\/wp-content\/uploads\/2013\/09\/evrlc2dkgjuukdalfpvv.jpg","contentUrl":"https:\/\/www.victoriamedia.org\/kalastusviesti\/wp-content\/uploads\/2013\/09\/evrlc2dkgjuukdalfpvv.jpg","width":454,"height":302},{"@type":"BreadcrumbList","@id":"https:\/\/www.victoriamedia.org\/kalastusviesti\/stadin-silakkamarkkinat-valtaavat-kauppatorin-6-12-10\/#breadcrumb","itemListElement":[{"@type":"ListItem","position":1,"name":"Home","item":"https:\/\/www.victoriamedia.org\/kalastusviesti\/"},{"@type":"ListItem","position":2,"name":"Stadin Silakkamarkkinat valtaavat Kauppatorin 6. \u2013 12.10."}]},{"@type":"WebSite","@id":"https:\/\/www.victoriamedia.org\/kalastusviesti\/#website","url":"https:\/\/www.victoriamedia.org\/kalastusviesti\/","name":"KALASTUSVIESTI","description":"","potentialAction":[{"@type":"SearchAction","target":{"@type":"EntryPoint","urlTemplate":"https:\/\/www.victoriamedia.org\/kalastusviesti\/?s={search_term_string}"},"query-input":{"@type":"PropertyValueSpecification","valueRequired":true,"valueName":"search_term_string"}}],"inLanguage":"en-US"},{"@type":"Person","@id":"https:\/\/www.victoriamedia.org\/kalastusviesti\/#\/schema\/person\/df29131d02ead3f61cdeeef5d30a6771","name":"kerttuvali","image":{"@type":"ImageObject","inLanguage":"en-US","@id":"https:\/\/secure.gravatar.com\/avatar\/62dbe1a847f655ad987c59fece23f885c4b0e7b06595c36d9597003852972217?s=96&d=mm&r=g","url":"https:\/\/secure.gravatar.com\/avatar\/62dbe1a847f655ad987c59fece23f885c4b0e7b06595c36d9597003852972217?s=96&d=mm&r=g","contentUrl":"https:\/\/secure.gravatar.com\/avatar\/62dbe1a847f655ad987c59fece23f885c4b0e7b06595c36d9597003852972217?s=96&d=mm&r=g","caption":"kerttuvali"},"url":"https:\/\/www.victoriamedia.org\/kalastusviesti\/author\/kerttuvali\/"}]}},"_links":{"self":[{"href":"https:\/\/www.victoriamedia.org\/kalastusviesti\/wp-json\/wp\/v2\/posts\/146","targetHints":{"allow":["GET"]}}],"collection":[{"href":"https:\/\/www.victoriamedia.org\/kalastusviesti\/wp-json\/wp\/v2\/posts"}],"about":[{"href":"https:\/\/www.victoriamedia.org\/kalastusviesti\/wp-json\/wp\/v2\/types\/post"}],"author":[{"embeddable":true,"href":"https:\/\/www.victoriamedia.org\/kalastusviesti\/wp-json\/wp\/v2\/users\/1"}],"replies":[{"embeddable":true,"href":"https:\/\/www.victoriamedia.org\/kalastusviesti\/wp-json\/wp\/v2\/comments?post=146"}],"version-history":[{"count":2,"href":"https:\/\/www.victoriamedia.org\/kalastusviesti\/wp-json\/wp\/v2\/posts\/146\/revisions"}],"predecessor-version":[{"id":149,"href":"https:\/\/www.victoriamedia.org\/kalastusviesti\/wp-json\/wp\/v2\/posts\/146\/revisions\/149"}],"wp:attachment":[{"href":"https:\/\/www.victoriamedia.org\/kalastusviesti\/wp-json\/wp\/v2\/media?parent=146"}],"wp:term":[{"taxonomy":"category","embeddable":true,"href":"https:\/\/www.victoriamedia.org\/kalastusviesti\/wp-json\/wp\/v2\/categories?post=146"},{"taxonomy":"post_tag","embeddable":true,"href":"https:\/\/www.victoriamedia.org\/kalastusviesti\/wp-json\/wp\/v2\/tags?post=146"}],"curies":[{"name":"wp","href":"https:\/\/api.w.org\/{rel}","templated":true}]}}