{"id":1379,"date":"2020-01-14T14:12:05","date_gmt":"2020-01-14T14:12:05","guid":{"rendered":"http:\/\/www.victoriamedia.org\/kalastusviesti\/?p=1379"},"modified":"2020-01-14T14:12:05","modified_gmt":"2020-01-14T14:12:05","slug":"suomi-madepilkkii-tapahtumat-8-2-kaynnistavat-suomen-vapaa-ajankalastajien-juhlavuoden-2020","status":"publish","type":"post","link":"https:\/\/www.victoriamedia.org\/kalastusviesti\/suomi-madepilkkii-tapahtumat-8-2-kaynnistavat-suomen-vapaa-ajankalastajien-juhlavuoden-2020\/","title":{"rendered":"Suomi madepilkkii -tapahtumat 8.2. k\u00e4ynnist\u00e4v\u00e4t Suomen Vapaa-ajankalastajien juhlavuoden 2020"},"content":{"rendered":"<p><a href=\"https:\/\/www.victoriamedia.org\/kalastusviesti\/wp-content\/uploads\/2020\/01\/79266966_3198125443547492_3608477491687063552_o.jpg\"><img loading=\"lazy\" decoding=\"async\" class=\"alignnone size-large wp-image-1380\" src=\"https:\/\/www.victoriamedia.org\/kalastusviesti\/wp-content\/uploads\/2020\/01\/79266966_3198125443547492_3608477491687063552_o-1024x576.jpg\" alt=\"79266966_3198125443547492_3608477491687063552_o\" width=\"640\" height=\"360\" srcset=\"https:\/\/www.victoriamedia.org\/kalastusviesti\/wp-content\/uploads\/2020\/01\/79266966_3198125443547492_3608477491687063552_o-1024x576.jpg 1024w, https:\/\/www.victoriamedia.org\/kalastusviesti\/wp-content\/uploads\/2020\/01\/79266966_3198125443547492_3608477491687063552_o-300x169.jpg 300w, https:\/\/www.victoriamedia.org\/kalastusviesti\/wp-content\/uploads\/2020\/01\/79266966_3198125443547492_3608477491687063552_o-768x432.jpg 768w, https:\/\/www.victoriamedia.org\/kalastusviesti\/wp-content\/uploads\/2020\/01\/79266966_3198125443547492_3608477491687063552_o.jpg 1920w\" sizes=\"auto, (max-width: 640px) 100vw, 640px\" \/><\/a><\/p>\n<p><strong>Suomen Vapaa-ajankalastajien Keskusj\u00e4rjest\u00f6 (SVK) viett\u00e4\u00e4 t\u00e4n\u00e4 vuonna 20-vuotisjuhlaansa. Juhlavuosi n\u00e4kyy eri puolella Suomea perheyst\u00e4v\u00e4llisin kalastustapahtumin, tempauksin, haastein ja kampanjoin.<\/strong><\/p>\n<p>Juhlavuotta ovat toteuttamassa omalla toiminnallaan vuoden mittaan kaikki 13 vapaa-ajankalastajapiiri\u00e4 seuroineen ymp\u00e4ri Suomen. Juhlavuoden aikana kannustetaan kaikkia, erityisesti perheit\u00e4, kaveriporukoita ja organisaatioita yhdess\u00e4 mukaan iloa, el\u00e4myksi\u00e4 ja hyvinvointia tuovaan kalastusharrastukseen.<\/p>\n<p><strong>Suomi madepilkkii -p\u00e4\u00e4tapahtuma H\u00e4meess\u00e4 Pet\u00e4ys Resortissa<\/strong><\/p>\n<p>Juhlavuoden tapahtumasarjan k\u00e4ynnist\u00e4v\u00e4t perheyst\u00e4v\u00e4lliset, kaikille avoimet Suomi madepilkkii -iltatapahtumat lauantaina 8.2. P\u00e4\u00e4tapahtuma j\u00e4rjestet\u00e4\u00e4n Pet\u00e4ys Resortissa Vanajaveden rannalla H\u00e4meen Vapaa-ajankalastajapiirin ja SVK:n yhteisty\u00f6n\u00e4. Vapaaehtoisvoimin toteutettavia Suomi madepilkkii -tapahtumia j\u00e4rjestet\u00e4\u00e4n ymp\u00e4ri Suomen. Kaikki tapahtumat l\u00f6ytyv\u00e4t osoitteesta\u00a0<a href=\"http:\/\/www.vapaa-ajankalastaja.fi\/juhlavuosi\">www.vapaa-ajankalastaja.fi\/juhlavuosi<\/a>.<\/p>\n<p>Kaikille avoimissa Suomi madepilkkii -tapahtumissa k\u00e4vij\u00e4t p\u00e4\u00e4sev\u00e4t kokeilemaan illan pimeydess\u00e4 j\u00e4nnitt\u00e4v\u00e4\u00e4 madepilkint\u00e4\u00e4. Tapahtumissa on mahdollista palauttaa vanhoja, nyt jo lainvastaisia madeharoja ker\u00e4yspisteeseen ja saada niit\u00e4 vastaan SVK20-juhlamademorri. Kotimaisena ty\u00f6n\u00e4 valmistettu ja lyijyt\u00f6n mademorri muistuttaa tapahtumak\u00e4vij\u00f6it\u00e4 toimimaan vastuullisesti kalastusharrastuksen parissa.<\/p>\n<p><strong>Yhdess\u00e4 tekemisen vuosi<\/strong><\/p>\n<p>J\u00e4rjest\u00f6n j\u00e4senist\u00f6n m\u00e4\u00e4ritt\u00e4m\u00e4t arvot: kaverit, luontosuhde, vastuullisuus ja el\u00e4myksellisyys toimivat SVK:n juhlavuoden runkona.<br \/>\n\u201dEl\u00e4myksellisyys onkin vahvasti mukana, kun helmikuun Suomi madepilkkii -tapahtumissa tarjotaan k\u00e4vij\u00f6ille tutustumismahdollisuus varsin erikoiseen kalastusmuotoon\u201d, kertoo SVK:ssa vuoden alussa toiminnanjohtajana aloittanut\u00a0<strong>Olli Saari<\/strong>.<\/p>\n<p>Kalastusharrastuksessa koetut suuret el\u00e4mykset tuottavat my\u00f6s elinik\u00e4isi\u00e4 yst\u00e4vi\u00e4. Osana juhlavuotta ansaitsee kalastusseuroihin kokoontunut vapaaehtoistoimijoiden joukko erityiskiitoksen merkitt\u00e4v\u00e4st\u00e4 roolistaan kalastustaitojen ja -kokemusten siirt\u00e4misess\u00e4. Jotta kalastuksen positiivisista kokemuksista p\u00e4\u00e4sisi mahdollisimman moni nauttimaan vuonna 2020, kannustaa Saari kaikkia harrastajia jakamaan omia taitojaan hieman enemm\u00e4n my\u00f6s uusille harrastajille.<\/p>\n<p>Suomen Vapaa-ajankalastajien Keskusj\u00e4rjest\u00f6 edist\u00e4\u00e4 vastuullista vapaa-ajankalastusta, joka kest\u00e4v\u00e4ll\u00e4 tavalla ja monipuolisesti hy\u00f6dynt\u00e4\u00e4 luontaisesti uusiutuvia kalakantoja. Keskusj\u00e4rjest\u00f6 perustettiin vuonna 2000. Sen perustajia olivat Suomen Kalamiesten Keskusliitto, Suomen Mets\u00e4st\u00e4j\u00e4- ja Kalastajaliitto ja Suomen Urheilukalastajain Liitto.<br \/>\nJuhlavuoden toiminta on osittain rahoitettu maa- ja mets\u00e4talousministeri\u00f6n kalastonhoitomaksuvaroista.<\/p>\n<p>Juhlavuoden teemasivu:\u00a0<a href=\"http:\/\/www.vapaa-ajankalastaja.fi\/juhlavuosi\">www.vapaa-ajankalastaja.fi\/juhlavuosi<\/a><\/p>\n<p>Suomi madepilkkii -p\u00e4\u00e4tapahtuma Pet\u00e4ys Resortissa:\u00a0<a href=\"https:\/\/www.facebook.com\/events\/1108244196045013\/\">https:\/\/www.facebook.com\/events\/1108244196045013\/<\/a><\/p>\n<p>Tietoa mateesta:\u00a0<a href=\"https:\/\/www.vapaa-ajankalastaja.fi\/kalalaji\/made\/\">https:\/\/www.vapaa-ajankalastaja.fi\/kalalaji\/made\/<\/a><\/p>\n","protected":false},"excerpt":{"rendered":"<p>Suomen Vapaa-ajankalastajien Keskusj\u00e4rjest\u00f6 (SVK) viett\u00e4\u00e4 t\u00e4n\u00e4 vuonna 20-vuotisjuhlaansa. Juhlavuosi n\u00e4kyy eri puolella Suomea perheyst\u00e4v\u00e4llisin kalastustapahtumin, tempauksin, haastein ja kampanjoin. Juhlavuotta ovat toteuttamassa omalla toiminnallaan vuoden mittaan kaikki 13 vapaa-ajankalastajapiiri\u00e4 seuroineen ymp\u00e4ri Suomen. Juhlavuoden aikana kannustetaan kaikkia, erityisesti perheit\u00e4, kaveriporukoita ja organisaatioita yhdess\u00e4 mukaan iloa, el\u00e4myksi\u00e4 ja hyvinvointia tuovaan kalastusharrastukseen. Suomi madepilkkii -p\u00e4\u00e4tapahtuma H\u00e4meess\u00e4 Pet\u00e4ys Resortissa [&hellip;]<\/p>\n","protected":false},"author":1,"featured_media":0,"comment_status":"closed","ping_status":"closed","sticky":false,"template":"","format":"standard","meta":{"footnotes":""},"categories":[68],"tags":[],"class_list":["post-1379","post","type-post","status-publish","format-standard","hentry","category-pilkkionginta","eq-blocks"],"yoast_head":"<!-- This site is optimized with the Yoast SEO plugin v27.5 - https:\/\/yoast.com\/product\/yoast-seo-wordpress\/ -->\n<title>Suomi madepilkkii -tapahtumat 8.2. k\u00e4ynnist\u00e4v\u00e4t Suomen Vapaa-ajankalastajien juhlavuoden 2020 - KALASTUSVIESTI<\/title>\n<meta name=\"robots\" content=\"index, follow, max-snippet:-1, max-image-preview:large, max-video-preview:-1\" \/>\n<link rel=\"canonical\" href=\"https:\/\/www.victoriamedia.org\/kalastusviesti\/suomi-madepilkkii-tapahtumat-8-2-kaynnistavat-suomen-vapaa-ajankalastajien-juhlavuoden-2020\/\" \/>\n<meta property=\"og:locale\" content=\"en_US\" \/>\n<meta property=\"og:type\" content=\"article\" \/>\n<meta property=\"og:title\" content=\"Suomi madepilkkii -tapahtumat 8.2. k\u00e4ynnist\u00e4v\u00e4t Suomen Vapaa-ajankalastajien juhlavuoden 2020 - KALASTUSVIESTI\" \/>\n<meta property=\"og:description\" content=\"Suomen Vapaa-ajankalastajien Keskusj\u00e4rjest\u00f6 (SVK) viett\u00e4\u00e4 t\u00e4n\u00e4 vuonna 20-vuotisjuhlaansa. Juhlavuosi n\u00e4kyy eri puolella Suomea perheyst\u00e4v\u00e4llisin kalastustapahtumin, tempauksin, haastein ja kampanjoin. Juhlavuotta ovat toteuttamassa omalla toiminnallaan vuoden mittaan kaikki 13 vapaa-ajankalastajapiiri\u00e4 seuroineen ymp\u00e4ri Suomen. Juhlavuoden aikana kannustetaan kaikkia, erityisesti perheit\u00e4, kaveriporukoita ja organisaatioita yhdess\u00e4 mukaan iloa, el\u00e4myksi\u00e4 ja hyvinvointia tuovaan kalastusharrastukseen. Suomi madepilkkii -p\u00e4\u00e4tapahtuma H\u00e4meess\u00e4 Pet\u00e4ys Resortissa [&hellip;]\" \/>\n<meta property=\"og:url\" content=\"https:\/\/www.victoriamedia.org\/kalastusviesti\/suomi-madepilkkii-tapahtumat-8-2-kaynnistavat-suomen-vapaa-ajankalastajien-juhlavuoden-2020\/\" \/>\n<meta property=\"og:site_name\" content=\"KALASTUSVIESTI\" \/>\n<meta property=\"article:publisher\" content=\"https:\/\/www.facebook.com\/Kalastusviesti\" \/>\n<meta property=\"article:published_time\" content=\"2020-01-14T14:12:05+00:00\" \/>\n<meta property=\"og:image\" content=\"http:\/\/www.victoriamedia.org\/kalastusviesti\/wp-content\/uploads\/2020\/01\/79266966_3198125443547492_3608477491687063552_o-1024x576.jpg\" \/>\n<meta name=\"author\" content=\"kerttuvali\" \/>\n<meta name=\"twitter:card\" content=\"summary_large_image\" \/>\n<meta name=\"twitter:creator\" content=\"@kalastusuutiset\" \/>\n<meta name=\"twitter:site\" content=\"@kalastusuutiset\" \/>\n<meta name=\"twitter:label1\" content=\"Written by\" \/>\n\t<meta name=\"twitter:data1\" content=\"kerttuvali\" \/>\n\t<meta name=\"twitter:label2\" content=\"Est. reading time\" \/>\n\t<meta name=\"twitter:data2\" content=\"2 minutes\" \/>\n<script type=\"application\/ld+json\" class=\"yoast-schema-graph\">{\"@context\":\"https:\\\/\\\/schema.org\",\"@graph\":[{\"@type\":\"Article\",\"@id\":\"https:\\\/\\\/www.victoriamedia.org\\\/kalastusviesti\\\/suomi-madepilkkii-tapahtumat-8-2-kaynnistavat-suomen-vapaa-ajankalastajien-juhlavuoden-2020\\\/#article\",\"isPartOf\":{\"@id\":\"https:\\\/\\\/www.victoriamedia.org\\\/kalastusviesti\\\/suomi-madepilkkii-tapahtumat-8-2-kaynnistavat-suomen-vapaa-ajankalastajien-juhlavuoden-2020\\\/\"},\"author\":{\"name\":\"kerttuvali\",\"@id\":\"https:\\\/\\\/www.victoriamedia.org\\\/kalastusviesti\\\/#\\\/schema\\\/person\\\/df29131d02ead3f61cdeeef5d30a6771\"},\"headline\":\"Suomi madepilkkii -tapahtumat 8.2. k\u00e4ynnist\u00e4v\u00e4t Suomen Vapaa-ajankalastajien juhlavuoden 2020\",\"datePublished\":\"2020-01-14T14:12:05+00:00\",\"mainEntityOfPage\":{\"@id\":\"https:\\\/\\\/www.victoriamedia.org\\\/kalastusviesti\\\/suomi-madepilkkii-tapahtumat-8-2-kaynnistavat-suomen-vapaa-ajankalastajien-juhlavuoden-2020\\\/\"},\"wordCount\":361,\"image\":{\"@id\":\"https:\\\/\\\/www.victoriamedia.org\\\/kalastusviesti\\\/suomi-madepilkkii-tapahtumat-8-2-kaynnistavat-suomen-vapaa-ajankalastajien-juhlavuoden-2020\\\/#primaryimage\"},\"thumbnailUrl\":\"http:\\\/\\\/www.victoriamedia.org\\\/kalastusviesti\\\/wp-content\\\/uploads\\\/2020\\\/01\\\/79266966_3198125443547492_3608477491687063552_o-1024x576.jpg\",\"articleSection\":[\"Pilkkionginta\"],\"inLanguage\":\"en-US\"},{\"@type\":\"WebPage\",\"@id\":\"https:\\\/\\\/www.victoriamedia.org\\\/kalastusviesti\\\/suomi-madepilkkii-tapahtumat-8-2-kaynnistavat-suomen-vapaa-ajankalastajien-juhlavuoden-2020\\\/\",\"url\":\"https:\\\/\\\/www.victoriamedia.org\\\/kalastusviesti\\\/suomi-madepilkkii-tapahtumat-8-2-kaynnistavat-suomen-vapaa-ajankalastajien-juhlavuoden-2020\\\/\",\"name\":\"Suomi madepilkkii -tapahtumat 8.2. k\u00e4ynnist\u00e4v\u00e4t Suomen Vapaa-ajankalastajien juhlavuoden 2020 - KALASTUSVIESTI\",\"isPartOf\":{\"@id\":\"https:\\\/\\\/www.victoriamedia.org\\\/kalastusviesti\\\/#website\"},\"primaryImageOfPage\":{\"@id\":\"https:\\\/\\\/www.victoriamedia.org\\\/kalastusviesti\\\/suomi-madepilkkii-tapahtumat-8-2-kaynnistavat-suomen-vapaa-ajankalastajien-juhlavuoden-2020\\\/#primaryimage\"},\"image\":{\"@id\":\"https:\\\/\\\/www.victoriamedia.org\\\/kalastusviesti\\\/suomi-madepilkkii-tapahtumat-8-2-kaynnistavat-suomen-vapaa-ajankalastajien-juhlavuoden-2020\\\/#primaryimage\"},\"thumbnailUrl\":\"http:\\\/\\\/www.victoriamedia.org\\\/kalastusviesti\\\/wp-content\\\/uploads\\\/2020\\\/01\\\/79266966_3198125443547492_3608477491687063552_o-1024x576.jpg\",\"datePublished\":\"2020-01-14T14:12:05+00:00\",\"author\":{\"@id\":\"https:\\\/\\\/www.victoriamedia.org\\\/kalastusviesti\\\/#\\\/schema\\\/person\\\/df29131d02ead3f61cdeeef5d30a6771\"},\"breadcrumb\":{\"@id\":\"https:\\\/\\\/www.victoriamedia.org\\\/kalastusviesti\\\/suomi-madepilkkii-tapahtumat-8-2-kaynnistavat-suomen-vapaa-ajankalastajien-juhlavuoden-2020\\\/#breadcrumb\"},\"inLanguage\":\"en-US\",\"potentialAction\":[{\"@type\":\"ReadAction\",\"target\":[\"https:\\\/\\\/www.victoriamedia.org\\\/kalastusviesti\\\/suomi-madepilkkii-tapahtumat-8-2-kaynnistavat-suomen-vapaa-ajankalastajien-juhlavuoden-2020\\\/\"]}]},{\"@type\":\"ImageObject\",\"inLanguage\":\"en-US\",\"@id\":\"https:\\\/\\\/www.victoriamedia.org\\\/kalastusviesti\\\/suomi-madepilkkii-tapahtumat-8-2-kaynnistavat-suomen-vapaa-ajankalastajien-juhlavuoden-2020\\\/#primaryimage\",\"url\":\"https:\\\/\\\/www.victoriamedia.org\\\/kalastusviesti\\\/wp-content\\\/uploads\\\/2020\\\/01\\\/79266966_3198125443547492_3608477491687063552_o.jpg\",\"contentUrl\":\"https:\\\/\\\/www.victoriamedia.org\\\/kalastusviesti\\\/wp-content\\\/uploads\\\/2020\\\/01\\\/79266966_3198125443547492_3608477491687063552_o.jpg\",\"width\":1920,\"height\":1080},{\"@type\":\"BreadcrumbList\",\"@id\":\"https:\\\/\\\/www.victoriamedia.org\\\/kalastusviesti\\\/suomi-madepilkkii-tapahtumat-8-2-kaynnistavat-suomen-vapaa-ajankalastajien-juhlavuoden-2020\\\/#breadcrumb\",\"itemListElement\":[{\"@type\":\"ListItem\",\"position\":1,\"name\":\"Home\",\"item\":\"https:\\\/\\\/www.victoriamedia.org\\\/kalastusviesti\\\/\"},{\"@type\":\"ListItem\",\"position\":2,\"name\":\"Suomi madepilkkii -tapahtumat 8.2. k\u00e4ynnist\u00e4v\u00e4t Suomen Vapaa-ajankalastajien juhlavuoden 2020\"}]},{\"@type\":\"WebSite\",\"@id\":\"https:\\\/\\\/www.victoriamedia.org\\\/kalastusviesti\\\/#website\",\"url\":\"https:\\\/\\\/www.victoriamedia.org\\\/kalastusviesti\\\/\",\"name\":\"KALASTUSVIESTI\",\"description\":\"\",\"potentialAction\":[{\"@type\":\"SearchAction\",\"target\":{\"@type\":\"EntryPoint\",\"urlTemplate\":\"https:\\\/\\\/www.victoriamedia.org\\\/kalastusviesti\\\/?s={search_term_string}\"},\"query-input\":{\"@type\":\"PropertyValueSpecification\",\"valueRequired\":true,\"valueName\":\"search_term_string\"}}],\"inLanguage\":\"en-US\"},{\"@type\":\"Person\",\"@id\":\"https:\\\/\\\/www.victoriamedia.org\\\/kalastusviesti\\\/#\\\/schema\\\/person\\\/df29131d02ead3f61cdeeef5d30a6771\",\"name\":\"kerttuvali\",\"image\":{\"@type\":\"ImageObject\",\"inLanguage\":\"en-US\",\"@id\":\"https:\\\/\\\/secure.gravatar.com\\\/avatar\\\/62dbe1a847f655ad987c59fece23f885c4b0e7b06595c36d9597003852972217?s=96&d=mm&r=g\",\"url\":\"https:\\\/\\\/secure.gravatar.com\\\/avatar\\\/62dbe1a847f655ad987c59fece23f885c4b0e7b06595c36d9597003852972217?s=96&d=mm&r=g\",\"contentUrl\":\"https:\\\/\\\/secure.gravatar.com\\\/avatar\\\/62dbe1a847f655ad987c59fece23f885c4b0e7b06595c36d9597003852972217?s=96&d=mm&r=g\",\"caption\":\"kerttuvali\"},\"url\":\"https:\\\/\\\/www.victoriamedia.org\\\/kalastusviesti\\\/author\\\/kerttuvali\\\/\"}]}<\/script>\n<!-- \/ Yoast SEO plugin. -->","yoast_head_json":{"title":"Suomi madepilkkii -tapahtumat 8.2. k\u00e4ynnist\u00e4v\u00e4t Suomen Vapaa-ajankalastajien juhlavuoden 2020 - KALASTUSVIESTI","robots":{"index":"index","follow":"follow","max-snippet":"max-snippet:-1","max-image-preview":"max-image-preview:large","max-video-preview":"max-video-preview:-1"},"canonical":"https:\/\/www.victoriamedia.org\/kalastusviesti\/suomi-madepilkkii-tapahtumat-8-2-kaynnistavat-suomen-vapaa-ajankalastajien-juhlavuoden-2020\/","og_locale":"en_US","og_type":"article","og_title":"Suomi madepilkkii -tapahtumat 8.2. k\u00e4ynnist\u00e4v\u00e4t Suomen Vapaa-ajankalastajien juhlavuoden 2020 - KALASTUSVIESTI","og_description":"Suomen Vapaa-ajankalastajien Keskusj\u00e4rjest\u00f6 (SVK) viett\u00e4\u00e4 t\u00e4n\u00e4 vuonna 20-vuotisjuhlaansa. Juhlavuosi n\u00e4kyy eri puolella Suomea perheyst\u00e4v\u00e4llisin kalastustapahtumin, tempauksin, haastein ja kampanjoin. Juhlavuotta ovat toteuttamassa omalla toiminnallaan vuoden mittaan kaikki 13 vapaa-ajankalastajapiiri\u00e4 seuroineen ymp\u00e4ri Suomen. Juhlavuoden aikana kannustetaan kaikkia, erityisesti perheit\u00e4, kaveriporukoita ja organisaatioita yhdess\u00e4 mukaan iloa, el\u00e4myksi\u00e4 ja hyvinvointia tuovaan kalastusharrastukseen. Suomi madepilkkii -p\u00e4\u00e4tapahtuma H\u00e4meess\u00e4 Pet\u00e4ys Resortissa [&hellip;]","og_url":"https:\/\/www.victoriamedia.org\/kalastusviesti\/suomi-madepilkkii-tapahtumat-8-2-kaynnistavat-suomen-vapaa-ajankalastajien-juhlavuoden-2020\/","og_site_name":"KALASTUSVIESTI","article_publisher":"https:\/\/www.facebook.com\/Kalastusviesti","article_published_time":"2020-01-14T14:12:05+00:00","og_image":[{"url":"http:\/\/www.victoriamedia.org\/kalastusviesti\/wp-content\/uploads\/2020\/01\/79266966_3198125443547492_3608477491687063552_o-1024x576.jpg","type":"","width":"","height":""}],"author":"kerttuvali","twitter_card":"summary_large_image","twitter_creator":"@kalastusuutiset","twitter_site":"@kalastusuutiset","twitter_misc":{"Written by":"kerttuvali","Est. reading time":"2 minutes"},"schema":{"@context":"https:\/\/schema.org","@graph":[{"@type":"Article","@id":"https:\/\/www.victoriamedia.org\/kalastusviesti\/suomi-madepilkkii-tapahtumat-8-2-kaynnistavat-suomen-vapaa-ajankalastajien-juhlavuoden-2020\/#article","isPartOf":{"@id":"https:\/\/www.victoriamedia.org\/kalastusviesti\/suomi-madepilkkii-tapahtumat-8-2-kaynnistavat-suomen-vapaa-ajankalastajien-juhlavuoden-2020\/"},"author":{"name":"kerttuvali","@id":"https:\/\/www.victoriamedia.org\/kalastusviesti\/#\/schema\/person\/df29131d02ead3f61cdeeef5d30a6771"},"headline":"Suomi madepilkkii -tapahtumat 8.2. k\u00e4ynnist\u00e4v\u00e4t Suomen Vapaa-ajankalastajien juhlavuoden 2020","datePublished":"2020-01-14T14:12:05+00:00","mainEntityOfPage":{"@id":"https:\/\/www.victoriamedia.org\/kalastusviesti\/suomi-madepilkkii-tapahtumat-8-2-kaynnistavat-suomen-vapaa-ajankalastajien-juhlavuoden-2020\/"},"wordCount":361,"image":{"@id":"https:\/\/www.victoriamedia.org\/kalastusviesti\/suomi-madepilkkii-tapahtumat-8-2-kaynnistavat-suomen-vapaa-ajankalastajien-juhlavuoden-2020\/#primaryimage"},"thumbnailUrl":"http:\/\/www.victoriamedia.org\/kalastusviesti\/wp-content\/uploads\/2020\/01\/79266966_3198125443547492_3608477491687063552_o-1024x576.jpg","articleSection":["Pilkkionginta"],"inLanguage":"en-US"},{"@type":"WebPage","@id":"https:\/\/www.victoriamedia.org\/kalastusviesti\/suomi-madepilkkii-tapahtumat-8-2-kaynnistavat-suomen-vapaa-ajankalastajien-juhlavuoden-2020\/","url":"https:\/\/www.victoriamedia.org\/kalastusviesti\/suomi-madepilkkii-tapahtumat-8-2-kaynnistavat-suomen-vapaa-ajankalastajien-juhlavuoden-2020\/","name":"Suomi madepilkkii -tapahtumat 8.2. k\u00e4ynnist\u00e4v\u00e4t Suomen Vapaa-ajankalastajien juhlavuoden 2020 - KALASTUSVIESTI","isPartOf":{"@id":"https:\/\/www.victoriamedia.org\/kalastusviesti\/#website"},"primaryImageOfPage":{"@id":"https:\/\/www.victoriamedia.org\/kalastusviesti\/suomi-madepilkkii-tapahtumat-8-2-kaynnistavat-suomen-vapaa-ajankalastajien-juhlavuoden-2020\/#primaryimage"},"image":{"@id":"https:\/\/www.victoriamedia.org\/kalastusviesti\/suomi-madepilkkii-tapahtumat-8-2-kaynnistavat-suomen-vapaa-ajankalastajien-juhlavuoden-2020\/#primaryimage"},"thumbnailUrl":"http:\/\/www.victoriamedia.org\/kalastusviesti\/wp-content\/uploads\/2020\/01\/79266966_3198125443547492_3608477491687063552_o-1024x576.jpg","datePublished":"2020-01-14T14:12:05+00:00","author":{"@id":"https:\/\/www.victoriamedia.org\/kalastusviesti\/#\/schema\/person\/df29131d02ead3f61cdeeef5d30a6771"},"breadcrumb":{"@id":"https:\/\/www.victoriamedia.org\/kalastusviesti\/suomi-madepilkkii-tapahtumat-8-2-kaynnistavat-suomen-vapaa-ajankalastajien-juhlavuoden-2020\/#breadcrumb"},"inLanguage":"en-US","potentialAction":[{"@type":"ReadAction","target":["https:\/\/www.victoriamedia.org\/kalastusviesti\/suomi-madepilkkii-tapahtumat-8-2-kaynnistavat-suomen-vapaa-ajankalastajien-juhlavuoden-2020\/"]}]},{"@type":"ImageObject","inLanguage":"en-US","@id":"https:\/\/www.victoriamedia.org\/kalastusviesti\/suomi-madepilkkii-tapahtumat-8-2-kaynnistavat-suomen-vapaa-ajankalastajien-juhlavuoden-2020\/#primaryimage","url":"https:\/\/www.victoriamedia.org\/kalastusviesti\/wp-content\/uploads\/2020\/01\/79266966_3198125443547492_3608477491687063552_o.jpg","contentUrl":"https:\/\/www.victoriamedia.org\/kalastusviesti\/wp-content\/uploads\/2020\/01\/79266966_3198125443547492_3608477491687063552_o.jpg","width":1920,"height":1080},{"@type":"BreadcrumbList","@id":"https:\/\/www.victoriamedia.org\/kalastusviesti\/suomi-madepilkkii-tapahtumat-8-2-kaynnistavat-suomen-vapaa-ajankalastajien-juhlavuoden-2020\/#breadcrumb","itemListElement":[{"@type":"ListItem","position":1,"name":"Home","item":"https:\/\/www.victoriamedia.org\/kalastusviesti\/"},{"@type":"ListItem","position":2,"name":"Suomi madepilkkii -tapahtumat 8.2. k\u00e4ynnist\u00e4v\u00e4t Suomen Vapaa-ajankalastajien juhlavuoden 2020"}]},{"@type":"WebSite","@id":"https:\/\/www.victoriamedia.org\/kalastusviesti\/#website","url":"https:\/\/www.victoriamedia.org\/kalastusviesti\/","name":"KALASTUSVIESTI","description":"","potentialAction":[{"@type":"SearchAction","target":{"@type":"EntryPoint","urlTemplate":"https:\/\/www.victoriamedia.org\/kalastusviesti\/?s={search_term_string}"},"query-input":{"@type":"PropertyValueSpecification","valueRequired":true,"valueName":"search_term_string"}}],"inLanguage":"en-US"},{"@type":"Person","@id":"https:\/\/www.victoriamedia.org\/kalastusviesti\/#\/schema\/person\/df29131d02ead3f61cdeeef5d30a6771","name":"kerttuvali","image":{"@type":"ImageObject","inLanguage":"en-US","@id":"https:\/\/secure.gravatar.com\/avatar\/62dbe1a847f655ad987c59fece23f885c4b0e7b06595c36d9597003852972217?s=96&d=mm&r=g","url":"https:\/\/secure.gravatar.com\/avatar\/62dbe1a847f655ad987c59fece23f885c4b0e7b06595c36d9597003852972217?s=96&d=mm&r=g","contentUrl":"https:\/\/secure.gravatar.com\/avatar\/62dbe1a847f655ad987c59fece23f885c4b0e7b06595c36d9597003852972217?s=96&d=mm&r=g","caption":"kerttuvali"},"url":"https:\/\/www.victoriamedia.org\/kalastusviesti\/author\/kerttuvali\/"}]}},"_links":{"self":[{"href":"https:\/\/www.victoriamedia.org\/kalastusviesti\/wp-json\/wp\/v2\/posts\/1379","targetHints":{"allow":["GET"]}}],"collection":[{"href":"https:\/\/www.victoriamedia.org\/kalastusviesti\/wp-json\/wp\/v2\/posts"}],"about":[{"href":"https:\/\/www.victoriamedia.org\/kalastusviesti\/wp-json\/wp\/v2\/types\/post"}],"author":[{"embeddable":true,"href":"https:\/\/www.victoriamedia.org\/kalastusviesti\/wp-json\/wp\/v2\/users\/1"}],"replies":[{"embeddable":true,"href":"https:\/\/www.victoriamedia.org\/kalastusviesti\/wp-json\/wp\/v2\/comments?post=1379"}],"version-history":[{"count":1,"href":"https:\/\/www.victoriamedia.org\/kalastusviesti\/wp-json\/wp\/v2\/posts\/1379\/revisions"}],"predecessor-version":[{"id":1381,"href":"https:\/\/www.victoriamedia.org\/kalastusviesti\/wp-json\/wp\/v2\/posts\/1379\/revisions\/1381"}],"wp:attachment":[{"href":"https:\/\/www.victoriamedia.org\/kalastusviesti\/wp-json\/wp\/v2\/media?parent=1379"}],"wp:term":[{"taxonomy":"category","embeddable":true,"href":"https:\/\/www.victoriamedia.org\/kalastusviesti\/wp-json\/wp\/v2\/categories?post=1379"},{"taxonomy":"post_tag","embeddable":true,"href":"https:\/\/www.victoriamedia.org\/kalastusviesti\/wp-json\/wp\/v2\/tags?post=1379"}],"curies":[{"name":"wp","href":"https:\/\/api.w.org\/{rel}","templated":true}]}}