{"id":133,"date":"2013-08-17T17:48:12","date_gmt":"2013-08-17T17:48:12","guid":{"rendered":"http:\/\/www.victoriamedia.org\/kalastusviesti\/?p=133"},"modified":"2013-08-17T17:48:28","modified_gmt":"2013-08-17T17:48:28","slug":"perhokalastajat-net-suomi-neljas-perhokalastuksen-mm-kisoissa","status":"publish","type":"post","link":"https:\/\/www.victoriamedia.org\/kalastusviesti\/perhokalastajat-net-suomi-neljas-perhokalastuksen-mm-kisoissa\/","title":{"rendered":"Perhokalastajat.net: Suomi nelj\u00e4s Perhokalastuksen MM-kisoissa!"},"content":{"rendered":"<p><a href=\"https:\/\/www.victoriamedia.org\/kalastusviesti\/wp-content\/uploads\/2013\/08\/wffc2013.jpg\"><img loading=\"lazy\" decoding=\"async\" class=\"alignnone size-full wp-image-134\" alt=\"wffc2013\" src=\"https:\/\/www.victoriamedia.org\/kalastusviesti\/wp-content\/uploads\/2013\/08\/wffc2013.jpg\" width=\"650\" height=\"434\" srcset=\"https:\/\/www.victoriamedia.org\/kalastusviesti\/wp-content\/uploads\/2013\/08\/wffc2013.jpg 650w, https:\/\/www.victoriamedia.org\/kalastusviesti\/wp-content\/uploads\/2013\/08\/wffc2013-300x200.jpg 300w\" sizes=\"auto, (max-width: 650px) 100vw, 650px\" \/><\/a><\/p>\n<p><em>Kuva: Jarkko kalastaa vaikealla Fiplingdaselvalla,\u00a0<a href=\"http:\/\/www.wffc2013.com\/\">www.wffc2013.com<\/a><\/em><\/p>\n<p><strong>Suomen joukkue kalasti nelj\u00e4nneksi Perhokalastuksen MM-kisoissa Norjassa<\/strong>. Henkil\u00f6kohtaisessa kisassa saatiin pari suomalaista upeasti kymmenen parhaan joukkoon,\u00a0<strong>Jarkko Suominen oli seitsem\u00e4s ja Saku Nieminen yhdeks\u00e4s<\/strong>. Mainittavan arvoista on, ett\u00e4 Jarkko kalasti kisassa kaksi jaksovoittoa ja Saku yhden, upeita suorituksia kovatasoisessa kisassa.<\/p>\n<p>Mitalisijat eiv\u00e4t juurikaan yll\u00e4tt\u00e4neet, Tsekit veiv\u00e4t mestaruuden, Italian ja Ranskan ottaessa hopean ja pronssin. Henkil\u00f6kohtaisen mestaruuden otti Italian Valerio Santi Amantini, Tsekin Martin Droz oli kakkonen ja belgialainen J.Lorquiz pronssilla.<\/p>\n<p>Katso kisojen p\u00e4iv\u00e4koosteet ja haastatteluja:<\/p>\n<p><a href=\"https:\/\/www.youtube.com\/channel\/UCGp3YWIPrAlUnh0u2a2Qy0g\">https:\/\/www.youtube.com\/channel\/UCGp3YWIPrAlUnh0u2a2Qy0g<\/a><\/p>\n<p>Joukkuekisan kymmenen k\u00e4rki:<\/p>\n<p><strong>1. Tsekki<\/strong><br \/>\n<strong>2. Italia<\/strong><br \/>\n<strong>3. Ranska\u00a0<\/strong><br \/>\n<strong>4. Suomi<\/strong><br \/>\n5. USA<br \/>\n6. Norja<br \/>\n7. Puola<br \/>\n8. Englanti<br \/>\n9. Australia<br \/>\n10. Luxemburg<\/p>\n<p>Henkil\u00f6kohtaisen kisan kymmenen k\u00e4rki:<\/p>\n<p><strong>1. V. SANTI AMANTINI (<strong>ITA)<\/strong><\/strong><br \/>\n<strong>2. M. DROZ (<strong>CZE)<\/strong><\/strong><br \/>\n<strong>3. J. LORQUET (<strong>BEL)<\/strong><\/strong><br \/>\n4. \u00a0A. PESEK (CZE)<br \/>\n5. S. DELCOR (FRA)<br \/>\n6. B. JACQUEMIN (FRA)<br \/>\n<strong>7. J. SUOMINEN (<strong>FIN)<\/strong><\/strong><br \/>\n8. P. CHYBA (CZE)<br \/>\n<strong>9. S. NIEMINEN (<strong>FIN)<\/strong><\/strong><br \/>\n10. A. ADREVENO (ITA)<br \/>\n&#8230;.<br \/>\n47. V. RISTOLAINEN (FIN)<br \/>\n70. T. PENTTILA (FIN)<br \/>\n97. J. STRANDMAN (FIN)<\/p>\n<p>Kisojen kotisivut:\u00a0<a href=\"http:\/\/www.wffc2013.com\/\">http:\/\/www.wffc2013.com\/<\/a><\/p>\n","protected":false},"excerpt":{"rendered":"<p>Kuva: Jarkko kalastaa vaikealla Fiplingdaselvalla,\u00a0www.wffc2013.com Suomen joukkue kalasti nelj\u00e4nneksi Perhokalastuksen MM-kisoissa Norjassa. Henkil\u00f6kohtaisessa kisassa saatiin pari suomalaista upeasti kymmenen parhaan joukkoon,\u00a0Jarkko Suominen oli seitsem\u00e4s ja Saku Nieminen yhdeks\u00e4s. Mainittavan arvoista on, ett\u00e4 Jarkko kalasti kisassa kaksi jaksovoittoa ja Saku yhden, upeita suorituksia kovatasoisessa kisassa. Mitalisijat eiv\u00e4t juurikaan yll\u00e4tt\u00e4neet, Tsekit veiv\u00e4t mestaruuden, Italian ja Ranskan ottaessa [&hellip;]<\/p>\n","protected":false},"author":1,"featured_media":0,"comment_status":"closed","ping_status":"closed","sticky":false,"template":"","format":"standard","meta":{"footnotes":""},"categories":[29,53,54,48],"tags":[],"class_list":["post-133","post","type-post","status-publish","format-standard","hentry","category-kilpailut","category-mm-kisat","category-perhokalastajat","category-perhokalastus","eq-blocks"],"yoast_head":"<!-- This site is optimized with the Yoast SEO plugin v27.5 - https:\/\/yoast.com\/product\/yoast-seo-wordpress\/ -->\n<title>Perhokalastajat.net: Suomi nelj\u00e4s Perhokalastuksen MM-kisoissa! - KALASTUSVIESTI<\/title>\n<meta name=\"robots\" content=\"index, follow, max-snippet:-1, max-image-preview:large, max-video-preview:-1\" \/>\n<link rel=\"canonical\" href=\"https:\/\/www.victoriamedia.org\/kalastusviesti\/perhokalastajat-net-suomi-neljas-perhokalastuksen-mm-kisoissa\/\" \/>\n<meta property=\"og:locale\" content=\"en_US\" \/>\n<meta property=\"og:type\" content=\"article\" \/>\n<meta property=\"og:title\" content=\"Perhokalastajat.net: Suomi nelj\u00e4s Perhokalastuksen MM-kisoissa! - KALASTUSVIESTI\" \/>\n<meta property=\"og:description\" content=\"Kuva: Jarkko kalastaa vaikealla Fiplingdaselvalla,\u00a0www.wffc2013.com Suomen joukkue kalasti nelj\u00e4nneksi Perhokalastuksen MM-kisoissa Norjassa. Henkil\u00f6kohtaisessa kisassa saatiin pari suomalaista upeasti kymmenen parhaan joukkoon,\u00a0Jarkko Suominen oli seitsem\u00e4s ja Saku Nieminen yhdeks\u00e4s. Mainittavan arvoista on, ett\u00e4 Jarkko kalasti kisassa kaksi jaksovoittoa ja Saku yhden, upeita suorituksia kovatasoisessa kisassa. Mitalisijat eiv\u00e4t juurikaan yll\u00e4tt\u00e4neet, Tsekit veiv\u00e4t mestaruuden, Italian ja Ranskan ottaessa [&hellip;]\" \/>\n<meta property=\"og:url\" content=\"https:\/\/www.victoriamedia.org\/kalastusviesti\/perhokalastajat-net-suomi-neljas-perhokalastuksen-mm-kisoissa\/\" \/>\n<meta property=\"og:site_name\" content=\"KALASTUSVIESTI\" \/>\n<meta property=\"article:publisher\" content=\"https:\/\/www.facebook.com\/Kalastusviesti\" \/>\n<meta property=\"article:published_time\" content=\"2013-08-17T17:48:12+00:00\" \/>\n<meta property=\"article:modified_time\" content=\"2013-08-17T17:48:28+00:00\" \/>\n<meta property=\"og:image\" content=\"http:\/\/www.victoriamedia.org\/kalastusviesti\/wp-content\/uploads\/2013\/08\/wffc2013.jpg\" \/>\n<meta name=\"author\" content=\"kerttuvali\" \/>\n<meta name=\"twitter:card\" content=\"summary_large_image\" \/>\n<meta name=\"twitter:creator\" content=\"@kalastusuutiset\" \/>\n<meta name=\"twitter:site\" content=\"@kalastusuutiset\" \/>\n<meta name=\"twitter:label1\" content=\"Written by\" \/>\n\t<meta name=\"twitter:data1\" content=\"kerttuvali\" \/>\n\t<meta name=\"twitter:label2\" content=\"Est. reading time\" \/>\n\t<meta name=\"twitter:data2\" content=\"1 minute\" \/>\n<script type=\"application\/ld+json\" class=\"yoast-schema-graph\">{\"@context\":\"https:\\\/\\\/schema.org\",\"@graph\":[{\"@type\":\"Article\",\"@id\":\"https:\\\/\\\/www.victoriamedia.org\\\/kalastusviesti\\\/perhokalastajat-net-suomi-neljas-perhokalastuksen-mm-kisoissa\\\/#article\",\"isPartOf\":{\"@id\":\"https:\\\/\\\/www.victoriamedia.org\\\/kalastusviesti\\\/perhokalastajat-net-suomi-neljas-perhokalastuksen-mm-kisoissa\\\/\"},\"author\":{\"name\":\"kerttuvali\",\"@id\":\"https:\\\/\\\/www.victoriamedia.org\\\/kalastusviesti\\\/#\\\/schema\\\/person\\\/df29131d02ead3f61cdeeef5d30a6771\"},\"headline\":\"Perhokalastajat.net: Suomi nelj\u00e4s Perhokalastuksen MM-kisoissa!\",\"datePublished\":\"2013-08-17T17:48:12+00:00\",\"dateModified\":\"2013-08-17T17:48:28+00:00\",\"mainEntityOfPage\":{\"@id\":\"https:\\\/\\\/www.victoriamedia.org\\\/kalastusviesti\\\/perhokalastajat-net-suomi-neljas-perhokalastuksen-mm-kisoissa\\\/\"},\"wordCount\":179,\"image\":{\"@id\":\"https:\\\/\\\/www.victoriamedia.org\\\/kalastusviesti\\\/perhokalastajat-net-suomi-neljas-perhokalastuksen-mm-kisoissa\\\/#primaryimage\"},\"thumbnailUrl\":\"http:\\\/\\\/www.victoriamedia.org\\\/kalastusviesti\\\/wp-content\\\/uploads\\\/2013\\\/08\\\/wffc2013.jpg\",\"articleSection\":[\"Kilpailut\",\"MM-Kisat\",\"Perhokalastajat\",\"Perhokalastus\"],\"inLanguage\":\"en-US\"},{\"@type\":\"WebPage\",\"@id\":\"https:\\\/\\\/www.victoriamedia.org\\\/kalastusviesti\\\/perhokalastajat-net-suomi-neljas-perhokalastuksen-mm-kisoissa\\\/\",\"url\":\"https:\\\/\\\/www.victoriamedia.org\\\/kalastusviesti\\\/perhokalastajat-net-suomi-neljas-perhokalastuksen-mm-kisoissa\\\/\",\"name\":\"Perhokalastajat.net: Suomi nelj\u00e4s Perhokalastuksen MM-kisoissa! - KALASTUSVIESTI\",\"isPartOf\":{\"@id\":\"https:\\\/\\\/www.victoriamedia.org\\\/kalastusviesti\\\/#website\"},\"primaryImageOfPage\":{\"@id\":\"https:\\\/\\\/www.victoriamedia.org\\\/kalastusviesti\\\/perhokalastajat-net-suomi-neljas-perhokalastuksen-mm-kisoissa\\\/#primaryimage\"},\"image\":{\"@id\":\"https:\\\/\\\/www.victoriamedia.org\\\/kalastusviesti\\\/perhokalastajat-net-suomi-neljas-perhokalastuksen-mm-kisoissa\\\/#primaryimage\"},\"thumbnailUrl\":\"http:\\\/\\\/www.victoriamedia.org\\\/kalastusviesti\\\/wp-content\\\/uploads\\\/2013\\\/08\\\/wffc2013.jpg\",\"datePublished\":\"2013-08-17T17:48:12+00:00\",\"dateModified\":\"2013-08-17T17:48:28+00:00\",\"author\":{\"@id\":\"https:\\\/\\\/www.victoriamedia.org\\\/kalastusviesti\\\/#\\\/schema\\\/person\\\/df29131d02ead3f61cdeeef5d30a6771\"},\"breadcrumb\":{\"@id\":\"https:\\\/\\\/www.victoriamedia.org\\\/kalastusviesti\\\/perhokalastajat-net-suomi-neljas-perhokalastuksen-mm-kisoissa\\\/#breadcrumb\"},\"inLanguage\":\"en-US\",\"potentialAction\":[{\"@type\":\"ReadAction\",\"target\":[\"https:\\\/\\\/www.victoriamedia.org\\\/kalastusviesti\\\/perhokalastajat-net-suomi-neljas-perhokalastuksen-mm-kisoissa\\\/\"]}]},{\"@type\":\"ImageObject\",\"inLanguage\":\"en-US\",\"@id\":\"https:\\\/\\\/www.victoriamedia.org\\\/kalastusviesti\\\/perhokalastajat-net-suomi-neljas-perhokalastuksen-mm-kisoissa\\\/#primaryimage\",\"url\":\"https:\\\/\\\/www.victoriamedia.org\\\/kalastusviesti\\\/wp-content\\\/uploads\\\/2013\\\/08\\\/wffc2013.jpg\",\"contentUrl\":\"https:\\\/\\\/www.victoriamedia.org\\\/kalastusviesti\\\/wp-content\\\/uploads\\\/2013\\\/08\\\/wffc2013.jpg\",\"width\":650,\"height\":434},{\"@type\":\"BreadcrumbList\",\"@id\":\"https:\\\/\\\/www.victoriamedia.org\\\/kalastusviesti\\\/perhokalastajat-net-suomi-neljas-perhokalastuksen-mm-kisoissa\\\/#breadcrumb\",\"itemListElement\":[{\"@type\":\"ListItem\",\"position\":1,\"name\":\"Home\",\"item\":\"https:\\\/\\\/www.victoriamedia.org\\\/kalastusviesti\\\/\"},{\"@type\":\"ListItem\",\"position\":2,\"name\":\"Perhokalastajat.net: Suomi nelj\u00e4s Perhokalastuksen MM-kisoissa!\"}]},{\"@type\":\"WebSite\",\"@id\":\"https:\\\/\\\/www.victoriamedia.org\\\/kalastusviesti\\\/#website\",\"url\":\"https:\\\/\\\/www.victoriamedia.org\\\/kalastusviesti\\\/\",\"name\":\"KALASTUSVIESTI\",\"description\":\"\",\"potentialAction\":[{\"@type\":\"SearchAction\",\"target\":{\"@type\":\"EntryPoint\",\"urlTemplate\":\"https:\\\/\\\/www.victoriamedia.org\\\/kalastusviesti\\\/?s={search_term_string}\"},\"query-input\":{\"@type\":\"PropertyValueSpecification\",\"valueRequired\":true,\"valueName\":\"search_term_string\"}}],\"inLanguage\":\"en-US\"},{\"@type\":\"Person\",\"@id\":\"https:\\\/\\\/www.victoriamedia.org\\\/kalastusviesti\\\/#\\\/schema\\\/person\\\/df29131d02ead3f61cdeeef5d30a6771\",\"name\":\"kerttuvali\",\"image\":{\"@type\":\"ImageObject\",\"inLanguage\":\"en-US\",\"@id\":\"https:\\\/\\\/secure.gravatar.com\\\/avatar\\\/62dbe1a847f655ad987c59fece23f885c4b0e7b06595c36d9597003852972217?s=96&d=mm&r=g\",\"url\":\"https:\\\/\\\/secure.gravatar.com\\\/avatar\\\/62dbe1a847f655ad987c59fece23f885c4b0e7b06595c36d9597003852972217?s=96&d=mm&r=g\",\"contentUrl\":\"https:\\\/\\\/secure.gravatar.com\\\/avatar\\\/62dbe1a847f655ad987c59fece23f885c4b0e7b06595c36d9597003852972217?s=96&d=mm&r=g\",\"caption\":\"kerttuvali\"},\"url\":\"https:\\\/\\\/www.victoriamedia.org\\\/kalastusviesti\\\/author\\\/kerttuvali\\\/\"}]}<\/script>\n<!-- \/ Yoast SEO plugin. -->","yoast_head_json":{"title":"Perhokalastajat.net: Suomi nelj\u00e4s Perhokalastuksen MM-kisoissa! - KALASTUSVIESTI","robots":{"index":"index","follow":"follow","max-snippet":"max-snippet:-1","max-image-preview":"max-image-preview:large","max-video-preview":"max-video-preview:-1"},"canonical":"https:\/\/www.victoriamedia.org\/kalastusviesti\/perhokalastajat-net-suomi-neljas-perhokalastuksen-mm-kisoissa\/","og_locale":"en_US","og_type":"article","og_title":"Perhokalastajat.net: Suomi nelj\u00e4s Perhokalastuksen MM-kisoissa! - KALASTUSVIESTI","og_description":"Kuva: Jarkko kalastaa vaikealla Fiplingdaselvalla,\u00a0www.wffc2013.com Suomen joukkue kalasti nelj\u00e4nneksi Perhokalastuksen MM-kisoissa Norjassa. Henkil\u00f6kohtaisessa kisassa saatiin pari suomalaista upeasti kymmenen parhaan joukkoon,\u00a0Jarkko Suominen oli seitsem\u00e4s ja Saku Nieminen yhdeks\u00e4s. Mainittavan arvoista on, ett\u00e4 Jarkko kalasti kisassa kaksi jaksovoittoa ja Saku yhden, upeita suorituksia kovatasoisessa kisassa. Mitalisijat eiv\u00e4t juurikaan yll\u00e4tt\u00e4neet, Tsekit veiv\u00e4t mestaruuden, Italian ja Ranskan ottaessa [&hellip;]","og_url":"https:\/\/www.victoriamedia.org\/kalastusviesti\/perhokalastajat-net-suomi-neljas-perhokalastuksen-mm-kisoissa\/","og_site_name":"KALASTUSVIESTI","article_publisher":"https:\/\/www.facebook.com\/Kalastusviesti","article_published_time":"2013-08-17T17:48:12+00:00","article_modified_time":"2013-08-17T17:48:28+00:00","og_image":[{"url":"http:\/\/www.victoriamedia.org\/kalastusviesti\/wp-content\/uploads\/2013\/08\/wffc2013.jpg","type":"","width":"","height":""}],"author":"kerttuvali","twitter_card":"summary_large_image","twitter_creator":"@kalastusuutiset","twitter_site":"@kalastusuutiset","twitter_misc":{"Written by":"kerttuvali","Est. reading time":"1 minute"},"schema":{"@context":"https:\/\/schema.org","@graph":[{"@type":"Article","@id":"https:\/\/www.victoriamedia.org\/kalastusviesti\/perhokalastajat-net-suomi-neljas-perhokalastuksen-mm-kisoissa\/#article","isPartOf":{"@id":"https:\/\/www.victoriamedia.org\/kalastusviesti\/perhokalastajat-net-suomi-neljas-perhokalastuksen-mm-kisoissa\/"},"author":{"name":"kerttuvali","@id":"https:\/\/www.victoriamedia.org\/kalastusviesti\/#\/schema\/person\/df29131d02ead3f61cdeeef5d30a6771"},"headline":"Perhokalastajat.net: Suomi nelj\u00e4s Perhokalastuksen MM-kisoissa!","datePublished":"2013-08-17T17:48:12+00:00","dateModified":"2013-08-17T17:48:28+00:00","mainEntityOfPage":{"@id":"https:\/\/www.victoriamedia.org\/kalastusviesti\/perhokalastajat-net-suomi-neljas-perhokalastuksen-mm-kisoissa\/"},"wordCount":179,"image":{"@id":"https:\/\/www.victoriamedia.org\/kalastusviesti\/perhokalastajat-net-suomi-neljas-perhokalastuksen-mm-kisoissa\/#primaryimage"},"thumbnailUrl":"http:\/\/www.victoriamedia.org\/kalastusviesti\/wp-content\/uploads\/2013\/08\/wffc2013.jpg","articleSection":["Kilpailut","MM-Kisat","Perhokalastajat","Perhokalastus"],"inLanguage":"en-US"},{"@type":"WebPage","@id":"https:\/\/www.victoriamedia.org\/kalastusviesti\/perhokalastajat-net-suomi-neljas-perhokalastuksen-mm-kisoissa\/","url":"https:\/\/www.victoriamedia.org\/kalastusviesti\/perhokalastajat-net-suomi-neljas-perhokalastuksen-mm-kisoissa\/","name":"Perhokalastajat.net: Suomi nelj\u00e4s Perhokalastuksen MM-kisoissa! - KALASTUSVIESTI","isPartOf":{"@id":"https:\/\/www.victoriamedia.org\/kalastusviesti\/#website"},"primaryImageOfPage":{"@id":"https:\/\/www.victoriamedia.org\/kalastusviesti\/perhokalastajat-net-suomi-neljas-perhokalastuksen-mm-kisoissa\/#primaryimage"},"image":{"@id":"https:\/\/www.victoriamedia.org\/kalastusviesti\/perhokalastajat-net-suomi-neljas-perhokalastuksen-mm-kisoissa\/#primaryimage"},"thumbnailUrl":"http:\/\/www.victoriamedia.org\/kalastusviesti\/wp-content\/uploads\/2013\/08\/wffc2013.jpg","datePublished":"2013-08-17T17:48:12+00:00","dateModified":"2013-08-17T17:48:28+00:00","author":{"@id":"https:\/\/www.victoriamedia.org\/kalastusviesti\/#\/schema\/person\/df29131d02ead3f61cdeeef5d30a6771"},"breadcrumb":{"@id":"https:\/\/www.victoriamedia.org\/kalastusviesti\/perhokalastajat-net-suomi-neljas-perhokalastuksen-mm-kisoissa\/#breadcrumb"},"inLanguage":"en-US","potentialAction":[{"@type":"ReadAction","target":["https:\/\/www.victoriamedia.org\/kalastusviesti\/perhokalastajat-net-suomi-neljas-perhokalastuksen-mm-kisoissa\/"]}]},{"@type":"ImageObject","inLanguage":"en-US","@id":"https:\/\/www.victoriamedia.org\/kalastusviesti\/perhokalastajat-net-suomi-neljas-perhokalastuksen-mm-kisoissa\/#primaryimage","url":"https:\/\/www.victoriamedia.org\/kalastusviesti\/wp-content\/uploads\/2013\/08\/wffc2013.jpg","contentUrl":"https:\/\/www.victoriamedia.org\/kalastusviesti\/wp-content\/uploads\/2013\/08\/wffc2013.jpg","width":650,"height":434},{"@type":"BreadcrumbList","@id":"https:\/\/www.victoriamedia.org\/kalastusviesti\/perhokalastajat-net-suomi-neljas-perhokalastuksen-mm-kisoissa\/#breadcrumb","itemListElement":[{"@type":"ListItem","position":1,"name":"Home","item":"https:\/\/www.victoriamedia.org\/kalastusviesti\/"},{"@type":"ListItem","position":2,"name":"Perhokalastajat.net: Suomi nelj\u00e4s Perhokalastuksen MM-kisoissa!"}]},{"@type":"WebSite","@id":"https:\/\/www.victoriamedia.org\/kalastusviesti\/#website","url":"https:\/\/www.victoriamedia.org\/kalastusviesti\/","name":"KALASTUSVIESTI","description":"","potentialAction":[{"@type":"SearchAction","target":{"@type":"EntryPoint","urlTemplate":"https:\/\/www.victoriamedia.org\/kalastusviesti\/?s={search_term_string}"},"query-input":{"@type":"PropertyValueSpecification","valueRequired":true,"valueName":"search_term_string"}}],"inLanguage":"en-US"},{"@type":"Person","@id":"https:\/\/www.victoriamedia.org\/kalastusviesti\/#\/schema\/person\/df29131d02ead3f61cdeeef5d30a6771","name":"kerttuvali","image":{"@type":"ImageObject","inLanguage":"en-US","@id":"https:\/\/secure.gravatar.com\/avatar\/62dbe1a847f655ad987c59fece23f885c4b0e7b06595c36d9597003852972217?s=96&d=mm&r=g","url":"https:\/\/secure.gravatar.com\/avatar\/62dbe1a847f655ad987c59fece23f885c4b0e7b06595c36d9597003852972217?s=96&d=mm&r=g","contentUrl":"https:\/\/secure.gravatar.com\/avatar\/62dbe1a847f655ad987c59fece23f885c4b0e7b06595c36d9597003852972217?s=96&d=mm&r=g","caption":"kerttuvali"},"url":"https:\/\/www.victoriamedia.org\/kalastusviesti\/author\/kerttuvali\/"}]}},"_links":{"self":[{"href":"https:\/\/www.victoriamedia.org\/kalastusviesti\/wp-json\/wp\/v2\/posts\/133","targetHints":{"allow":["GET"]}}],"collection":[{"href":"https:\/\/www.victoriamedia.org\/kalastusviesti\/wp-json\/wp\/v2\/posts"}],"about":[{"href":"https:\/\/www.victoriamedia.org\/kalastusviesti\/wp-json\/wp\/v2\/types\/post"}],"author":[{"embeddable":true,"href":"https:\/\/www.victoriamedia.org\/kalastusviesti\/wp-json\/wp\/v2\/users\/1"}],"replies":[{"embeddable":true,"href":"https:\/\/www.victoriamedia.org\/kalastusviesti\/wp-json\/wp\/v2\/comments?post=133"}],"version-history":[{"count":2,"href":"https:\/\/www.victoriamedia.org\/kalastusviesti\/wp-json\/wp\/v2\/posts\/133\/revisions"}],"predecessor-version":[{"id":136,"href":"https:\/\/www.victoriamedia.org\/kalastusviesti\/wp-json\/wp\/v2\/posts\/133\/revisions\/136"}],"wp:attachment":[{"href":"https:\/\/www.victoriamedia.org\/kalastusviesti\/wp-json\/wp\/v2\/media?parent=133"}],"wp:term":[{"taxonomy":"category","embeddable":true,"href":"https:\/\/www.victoriamedia.org\/kalastusviesti\/wp-json\/wp\/v2\/categories?post=133"},{"taxonomy":"post_tag","embeddable":true,"href":"https:\/\/www.victoriamedia.org\/kalastusviesti\/wp-json\/wp\/v2\/tags?post=133"}],"curies":[{"name":"wp","href":"https:\/\/api.w.org\/{rel}","templated":true}]}}