{"id":1321,"date":"2019-02-24T15:53:21","date_gmt":"2019-02-24T15:53:21","guid":{"rendered":"http:\/\/www.victoriamedia.org\/kalastusviesti\/?p=1321"},"modified":"2019-02-24T15:53:21","modified_gmt":"2019-02-24T15:53:21","slug":"uusi-hiihtolomatapahtuma-kokosi-perheet-pilkille","status":"publish","type":"post","link":"https:\/\/www.victoriamedia.org\/kalastusviesti\/uusi-hiihtolomatapahtuma-kokosi-perheet-pilkille\/","title":{"rendered":"Uusi hiihtolomatapahtuma kokosi perheet pilkille"},"content":{"rendered":"<p>&nbsp;<\/p>\n<p><a href=\"https:\/\/www.victoriamedia.org\/kalastusviesti\/wp-content\/uploads\/2019\/02\/image007.png\"><img loading=\"lazy\" decoding=\"async\" class=\"alignnone size-full wp-image-1322\" src=\"https:\/\/www.victoriamedia.org\/kalastusviesti\/wp-content\/uploads\/2019\/02\/image007.png\" alt=\"image007\" width=\"726\" height=\"329\" srcset=\"https:\/\/www.victoriamedia.org\/kalastusviesti\/wp-content\/uploads\/2019\/02\/image007.png 726w, https:\/\/www.victoriamedia.org\/kalastusviesti\/wp-content\/uploads\/2019\/02\/image007-300x136.png 300w\" sizes=\"auto, (max-width: 726px) 100vw, 726px\" \/><\/a><\/p>\n<p><strong>Ensimm\u00e4iseen hiihtoloman Pilkkivapap\u00e4iv\u00e4\u00e4n osallistui H\u00e4meenlinnan Evolla 40 alaik\u00e4ist\u00e4 kalastajaa vanhempineen. Tapahtuma jatkuu keskiviikkona 27.2. Mikkeliss\u00e4, sunnuntaina 3.3. Sievin Maasyd\u00e4nj\u00e4rvell\u00e4 ja tiistaina 5.3. Kuhmossa. Tapahtuman j\u00e4rjest\u00e4v\u00e4t Suomen Vapaa-ajankalastajien Keskusj\u00e4rjest\u00f6 (SVK) ja Mets\u00e4hallitus.<\/strong><\/p>\n<p>Pilkkivapap\u00e4iv\u00e4 j\u00e4rjestet\u00e4\u00e4n hiihtolomaviikoilla ensimm\u00e4ist\u00e4 kertaa. Tapahtuma on jatkoa kes\u00e4loman alun Vapap\u00e4iv\u00e4lle, jolloin suurin osa Mets\u00e4hallituksen vapakalastukseen tarkoitetuista alueista on avoinna kaikille alaik\u00e4isille maksutta.<\/p>\n<p>Pilkkivapap\u00e4ivien sarja alkoi sunnuntaina Evon Niemisj\u00e4rvilt\u00e4. Tapahtuma ker\u00e4si paikalle runsaasti sek\u00e4 hiihtolomaa lopettelevia ett\u00e4 aloittelevia alaik\u00e4isi\u00e4. Paikalla oli 40 lasta tai nuorta sek\u00e4 50 vanhempaa.<\/p>\n<p>Mik\u00e4li Pilkkivapap\u00e4iv\u00e4 kiinnostaa ja saa hyv\u00e4n vastaanoton, perinnett\u00e4 voidaan jatkaa my\u00f6s tulevina vuosina.<\/p>\n<p>Vapap\u00e4ivien tarkoitus on saada lapset ja nuoret perheineen ulos luontoon hyv\u00e4n harrastuksen \u00e4\u00e4relle. Alaik\u00e4isten kiinnostus kalastukseen on viime vuosina ollut lis\u00e4\u00e4ntym\u00e4ss\u00e4.<\/p>\n","protected":false},"excerpt":{"rendered":"<p>&nbsp; Ensimm\u00e4iseen hiihtoloman Pilkkivapap\u00e4iv\u00e4\u00e4n osallistui H\u00e4meenlinnan Evolla 40 alaik\u00e4ist\u00e4 kalastajaa vanhempineen. Tapahtuma jatkuu keskiviikkona 27.2. Mikkeliss\u00e4, sunnuntaina 3.3. Sievin Maasyd\u00e4nj\u00e4rvell\u00e4 ja tiistaina 5.3. Kuhmossa. Tapahtuman j\u00e4rjest\u00e4v\u00e4t Suomen Vapaa-ajankalastajien Keskusj\u00e4rjest\u00f6 (SVK) ja Mets\u00e4hallitus. Pilkkivapap\u00e4iv\u00e4 j\u00e4rjestet\u00e4\u00e4n hiihtolomaviikoilla ensimm\u00e4ist\u00e4 kertaa. Tapahtuma on jatkoa kes\u00e4loman alun Vapap\u00e4iv\u00e4lle, jolloin suurin osa Mets\u00e4hallituksen vapakalastukseen tarkoitetuista alueista on avoinna kaikille alaik\u00e4isille maksutta. [&hellip;]<\/p>\n","protected":false},"author":1,"featured_media":0,"comment_status":"closed","ping_status":"closed","sticky":false,"template":"","format":"standard","meta":{"footnotes":""},"categories":[68],"tags":[],"class_list":["post-1321","post","type-post","status-publish","format-standard","hentry","category-pilkkionginta","eq-blocks"],"yoast_head":"<!-- This site is optimized with the Yoast SEO plugin v27.5 - https:\/\/yoast.com\/product\/yoast-seo-wordpress\/ -->\n<title>Uusi hiihtolomatapahtuma kokosi perheet pilkille - KALASTUSVIESTI<\/title>\n<meta name=\"robots\" content=\"index, follow, max-snippet:-1, max-image-preview:large, max-video-preview:-1\" \/>\n<link rel=\"canonical\" href=\"https:\/\/www.victoriamedia.org\/kalastusviesti\/uusi-hiihtolomatapahtuma-kokosi-perheet-pilkille\/\" \/>\n<meta property=\"og:locale\" content=\"en_US\" \/>\n<meta property=\"og:type\" content=\"article\" \/>\n<meta property=\"og:title\" content=\"Uusi hiihtolomatapahtuma kokosi perheet pilkille - KALASTUSVIESTI\" \/>\n<meta property=\"og:description\" content=\"&nbsp; Ensimm\u00e4iseen hiihtoloman Pilkkivapap\u00e4iv\u00e4\u00e4n osallistui H\u00e4meenlinnan Evolla 40 alaik\u00e4ist\u00e4 kalastajaa vanhempineen. Tapahtuma jatkuu keskiviikkona 27.2. Mikkeliss\u00e4, sunnuntaina 3.3. Sievin Maasyd\u00e4nj\u00e4rvell\u00e4 ja tiistaina 5.3. Kuhmossa. Tapahtuman j\u00e4rjest\u00e4v\u00e4t Suomen Vapaa-ajankalastajien Keskusj\u00e4rjest\u00f6 (SVK) ja Mets\u00e4hallitus. Pilkkivapap\u00e4iv\u00e4 j\u00e4rjestet\u00e4\u00e4n hiihtolomaviikoilla ensimm\u00e4ist\u00e4 kertaa. Tapahtuma on jatkoa kes\u00e4loman alun Vapap\u00e4iv\u00e4lle, jolloin suurin osa Mets\u00e4hallituksen vapakalastukseen tarkoitetuista alueista on avoinna kaikille alaik\u00e4isille maksutta. [&hellip;]\" \/>\n<meta property=\"og:url\" content=\"https:\/\/www.victoriamedia.org\/kalastusviesti\/uusi-hiihtolomatapahtuma-kokosi-perheet-pilkille\/\" \/>\n<meta property=\"og:site_name\" content=\"KALASTUSVIESTI\" \/>\n<meta property=\"article:publisher\" content=\"https:\/\/www.facebook.com\/Kalastusviesti\" \/>\n<meta property=\"article:published_time\" content=\"2019-02-24T15:53:21+00:00\" \/>\n<meta property=\"og:image\" content=\"http:\/\/www.victoriamedia.org\/kalastusviesti\/wp-content\/uploads\/2019\/02\/image007.png\" \/>\n<meta name=\"author\" content=\"kerttuvali\" \/>\n<meta name=\"twitter:card\" content=\"summary_large_image\" \/>\n<meta name=\"twitter:creator\" content=\"@kalastusuutiset\" \/>\n<meta name=\"twitter:site\" content=\"@kalastusuutiset\" \/>\n<meta name=\"twitter:label1\" content=\"Written by\" \/>\n\t<meta name=\"twitter:data1\" content=\"kerttuvali\" \/>\n\t<meta name=\"twitter:label2\" content=\"Est. reading time\" \/>\n\t<meta name=\"twitter:data2\" content=\"1 minute\" \/>\n<script type=\"application\/ld+json\" class=\"yoast-schema-graph\">{\"@context\":\"https:\\\/\\\/schema.org\",\"@graph\":[{\"@type\":\"Article\",\"@id\":\"https:\\\/\\\/www.victoriamedia.org\\\/kalastusviesti\\\/uusi-hiihtolomatapahtuma-kokosi-perheet-pilkille\\\/#article\",\"isPartOf\":{\"@id\":\"https:\\\/\\\/www.victoriamedia.org\\\/kalastusviesti\\\/uusi-hiihtolomatapahtuma-kokosi-perheet-pilkille\\\/\"},\"author\":{\"name\":\"kerttuvali\",\"@id\":\"https:\\\/\\\/www.victoriamedia.org\\\/kalastusviesti\\\/#\\\/schema\\\/person\\\/df29131d02ead3f61cdeeef5d30a6771\"},\"headline\":\"Uusi hiihtolomatapahtuma kokosi perheet pilkille\",\"datePublished\":\"2019-02-24T15:53:21+00:00\",\"mainEntityOfPage\":{\"@id\":\"https:\\\/\\\/www.victoriamedia.org\\\/kalastusviesti\\\/uusi-hiihtolomatapahtuma-kokosi-perheet-pilkille\\\/\"},\"wordCount\":147,\"image\":{\"@id\":\"https:\\\/\\\/www.victoriamedia.org\\\/kalastusviesti\\\/uusi-hiihtolomatapahtuma-kokosi-perheet-pilkille\\\/#primaryimage\"},\"thumbnailUrl\":\"http:\\\/\\\/www.victoriamedia.org\\\/kalastusviesti\\\/wp-content\\\/uploads\\\/2019\\\/02\\\/image007.png\",\"articleSection\":[\"Pilkkionginta\"],\"inLanguage\":\"en-US\"},{\"@type\":\"WebPage\",\"@id\":\"https:\\\/\\\/www.victoriamedia.org\\\/kalastusviesti\\\/uusi-hiihtolomatapahtuma-kokosi-perheet-pilkille\\\/\",\"url\":\"https:\\\/\\\/www.victoriamedia.org\\\/kalastusviesti\\\/uusi-hiihtolomatapahtuma-kokosi-perheet-pilkille\\\/\",\"name\":\"Uusi hiihtolomatapahtuma kokosi perheet pilkille - KALASTUSVIESTI\",\"isPartOf\":{\"@id\":\"https:\\\/\\\/www.victoriamedia.org\\\/kalastusviesti\\\/#website\"},\"primaryImageOfPage\":{\"@id\":\"https:\\\/\\\/www.victoriamedia.org\\\/kalastusviesti\\\/uusi-hiihtolomatapahtuma-kokosi-perheet-pilkille\\\/#primaryimage\"},\"image\":{\"@id\":\"https:\\\/\\\/www.victoriamedia.org\\\/kalastusviesti\\\/uusi-hiihtolomatapahtuma-kokosi-perheet-pilkille\\\/#primaryimage\"},\"thumbnailUrl\":\"http:\\\/\\\/www.victoriamedia.org\\\/kalastusviesti\\\/wp-content\\\/uploads\\\/2019\\\/02\\\/image007.png\",\"datePublished\":\"2019-02-24T15:53:21+00:00\",\"author\":{\"@id\":\"https:\\\/\\\/www.victoriamedia.org\\\/kalastusviesti\\\/#\\\/schema\\\/person\\\/df29131d02ead3f61cdeeef5d30a6771\"},\"breadcrumb\":{\"@id\":\"https:\\\/\\\/www.victoriamedia.org\\\/kalastusviesti\\\/uusi-hiihtolomatapahtuma-kokosi-perheet-pilkille\\\/#breadcrumb\"},\"inLanguage\":\"en-US\",\"potentialAction\":[{\"@type\":\"ReadAction\",\"target\":[\"https:\\\/\\\/www.victoriamedia.org\\\/kalastusviesti\\\/uusi-hiihtolomatapahtuma-kokosi-perheet-pilkille\\\/\"]}]},{\"@type\":\"ImageObject\",\"inLanguage\":\"en-US\",\"@id\":\"https:\\\/\\\/www.victoriamedia.org\\\/kalastusviesti\\\/uusi-hiihtolomatapahtuma-kokosi-perheet-pilkille\\\/#primaryimage\",\"url\":\"https:\\\/\\\/www.victoriamedia.org\\\/kalastusviesti\\\/wp-content\\\/uploads\\\/2019\\\/02\\\/image007.png\",\"contentUrl\":\"https:\\\/\\\/www.victoriamedia.org\\\/kalastusviesti\\\/wp-content\\\/uploads\\\/2019\\\/02\\\/image007.png\",\"width\":726,\"height\":329},{\"@type\":\"BreadcrumbList\",\"@id\":\"https:\\\/\\\/www.victoriamedia.org\\\/kalastusviesti\\\/uusi-hiihtolomatapahtuma-kokosi-perheet-pilkille\\\/#breadcrumb\",\"itemListElement\":[{\"@type\":\"ListItem\",\"position\":1,\"name\":\"Home\",\"item\":\"https:\\\/\\\/www.victoriamedia.org\\\/kalastusviesti\\\/\"},{\"@type\":\"ListItem\",\"position\":2,\"name\":\"Uusi hiihtolomatapahtuma kokosi perheet pilkille\"}]},{\"@type\":\"WebSite\",\"@id\":\"https:\\\/\\\/www.victoriamedia.org\\\/kalastusviesti\\\/#website\",\"url\":\"https:\\\/\\\/www.victoriamedia.org\\\/kalastusviesti\\\/\",\"name\":\"KALASTUSVIESTI\",\"description\":\"\",\"potentialAction\":[{\"@type\":\"SearchAction\",\"target\":{\"@type\":\"EntryPoint\",\"urlTemplate\":\"https:\\\/\\\/www.victoriamedia.org\\\/kalastusviesti\\\/?s={search_term_string}\"},\"query-input\":{\"@type\":\"PropertyValueSpecification\",\"valueRequired\":true,\"valueName\":\"search_term_string\"}}],\"inLanguage\":\"en-US\"},{\"@type\":\"Person\",\"@id\":\"https:\\\/\\\/www.victoriamedia.org\\\/kalastusviesti\\\/#\\\/schema\\\/person\\\/df29131d02ead3f61cdeeef5d30a6771\",\"name\":\"kerttuvali\",\"image\":{\"@type\":\"ImageObject\",\"inLanguage\":\"en-US\",\"@id\":\"https:\\\/\\\/secure.gravatar.com\\\/avatar\\\/62dbe1a847f655ad987c59fece23f885c4b0e7b06595c36d9597003852972217?s=96&d=mm&r=g\",\"url\":\"https:\\\/\\\/secure.gravatar.com\\\/avatar\\\/62dbe1a847f655ad987c59fece23f885c4b0e7b06595c36d9597003852972217?s=96&d=mm&r=g\",\"contentUrl\":\"https:\\\/\\\/secure.gravatar.com\\\/avatar\\\/62dbe1a847f655ad987c59fece23f885c4b0e7b06595c36d9597003852972217?s=96&d=mm&r=g\",\"caption\":\"kerttuvali\"},\"url\":\"https:\\\/\\\/www.victoriamedia.org\\\/kalastusviesti\\\/author\\\/kerttuvali\\\/\"}]}<\/script>\n<!-- \/ Yoast SEO plugin. -->","yoast_head_json":{"title":"Uusi hiihtolomatapahtuma kokosi perheet pilkille - KALASTUSVIESTI","robots":{"index":"index","follow":"follow","max-snippet":"max-snippet:-1","max-image-preview":"max-image-preview:large","max-video-preview":"max-video-preview:-1"},"canonical":"https:\/\/www.victoriamedia.org\/kalastusviesti\/uusi-hiihtolomatapahtuma-kokosi-perheet-pilkille\/","og_locale":"en_US","og_type":"article","og_title":"Uusi hiihtolomatapahtuma kokosi perheet pilkille - KALASTUSVIESTI","og_description":"&nbsp; Ensimm\u00e4iseen hiihtoloman Pilkkivapap\u00e4iv\u00e4\u00e4n osallistui H\u00e4meenlinnan Evolla 40 alaik\u00e4ist\u00e4 kalastajaa vanhempineen. Tapahtuma jatkuu keskiviikkona 27.2. Mikkeliss\u00e4, sunnuntaina 3.3. Sievin Maasyd\u00e4nj\u00e4rvell\u00e4 ja tiistaina 5.3. Kuhmossa. Tapahtuman j\u00e4rjest\u00e4v\u00e4t Suomen Vapaa-ajankalastajien Keskusj\u00e4rjest\u00f6 (SVK) ja Mets\u00e4hallitus. Pilkkivapap\u00e4iv\u00e4 j\u00e4rjestet\u00e4\u00e4n hiihtolomaviikoilla ensimm\u00e4ist\u00e4 kertaa. Tapahtuma on jatkoa kes\u00e4loman alun Vapap\u00e4iv\u00e4lle, jolloin suurin osa Mets\u00e4hallituksen vapakalastukseen tarkoitetuista alueista on avoinna kaikille alaik\u00e4isille maksutta. [&hellip;]","og_url":"https:\/\/www.victoriamedia.org\/kalastusviesti\/uusi-hiihtolomatapahtuma-kokosi-perheet-pilkille\/","og_site_name":"KALASTUSVIESTI","article_publisher":"https:\/\/www.facebook.com\/Kalastusviesti","article_published_time":"2019-02-24T15:53:21+00:00","og_image":[{"url":"http:\/\/www.victoriamedia.org\/kalastusviesti\/wp-content\/uploads\/2019\/02\/image007.png","type":"","width":"","height":""}],"author":"kerttuvali","twitter_card":"summary_large_image","twitter_creator":"@kalastusuutiset","twitter_site":"@kalastusuutiset","twitter_misc":{"Written by":"kerttuvali","Est. reading time":"1 minute"},"schema":{"@context":"https:\/\/schema.org","@graph":[{"@type":"Article","@id":"https:\/\/www.victoriamedia.org\/kalastusviesti\/uusi-hiihtolomatapahtuma-kokosi-perheet-pilkille\/#article","isPartOf":{"@id":"https:\/\/www.victoriamedia.org\/kalastusviesti\/uusi-hiihtolomatapahtuma-kokosi-perheet-pilkille\/"},"author":{"name":"kerttuvali","@id":"https:\/\/www.victoriamedia.org\/kalastusviesti\/#\/schema\/person\/df29131d02ead3f61cdeeef5d30a6771"},"headline":"Uusi hiihtolomatapahtuma kokosi perheet pilkille","datePublished":"2019-02-24T15:53:21+00:00","mainEntityOfPage":{"@id":"https:\/\/www.victoriamedia.org\/kalastusviesti\/uusi-hiihtolomatapahtuma-kokosi-perheet-pilkille\/"},"wordCount":147,"image":{"@id":"https:\/\/www.victoriamedia.org\/kalastusviesti\/uusi-hiihtolomatapahtuma-kokosi-perheet-pilkille\/#primaryimage"},"thumbnailUrl":"http:\/\/www.victoriamedia.org\/kalastusviesti\/wp-content\/uploads\/2019\/02\/image007.png","articleSection":["Pilkkionginta"],"inLanguage":"en-US"},{"@type":"WebPage","@id":"https:\/\/www.victoriamedia.org\/kalastusviesti\/uusi-hiihtolomatapahtuma-kokosi-perheet-pilkille\/","url":"https:\/\/www.victoriamedia.org\/kalastusviesti\/uusi-hiihtolomatapahtuma-kokosi-perheet-pilkille\/","name":"Uusi hiihtolomatapahtuma kokosi perheet pilkille - KALASTUSVIESTI","isPartOf":{"@id":"https:\/\/www.victoriamedia.org\/kalastusviesti\/#website"},"primaryImageOfPage":{"@id":"https:\/\/www.victoriamedia.org\/kalastusviesti\/uusi-hiihtolomatapahtuma-kokosi-perheet-pilkille\/#primaryimage"},"image":{"@id":"https:\/\/www.victoriamedia.org\/kalastusviesti\/uusi-hiihtolomatapahtuma-kokosi-perheet-pilkille\/#primaryimage"},"thumbnailUrl":"http:\/\/www.victoriamedia.org\/kalastusviesti\/wp-content\/uploads\/2019\/02\/image007.png","datePublished":"2019-02-24T15:53:21+00:00","author":{"@id":"https:\/\/www.victoriamedia.org\/kalastusviesti\/#\/schema\/person\/df29131d02ead3f61cdeeef5d30a6771"},"breadcrumb":{"@id":"https:\/\/www.victoriamedia.org\/kalastusviesti\/uusi-hiihtolomatapahtuma-kokosi-perheet-pilkille\/#breadcrumb"},"inLanguage":"en-US","potentialAction":[{"@type":"ReadAction","target":["https:\/\/www.victoriamedia.org\/kalastusviesti\/uusi-hiihtolomatapahtuma-kokosi-perheet-pilkille\/"]}]},{"@type":"ImageObject","inLanguage":"en-US","@id":"https:\/\/www.victoriamedia.org\/kalastusviesti\/uusi-hiihtolomatapahtuma-kokosi-perheet-pilkille\/#primaryimage","url":"https:\/\/www.victoriamedia.org\/kalastusviesti\/wp-content\/uploads\/2019\/02\/image007.png","contentUrl":"https:\/\/www.victoriamedia.org\/kalastusviesti\/wp-content\/uploads\/2019\/02\/image007.png","width":726,"height":329},{"@type":"BreadcrumbList","@id":"https:\/\/www.victoriamedia.org\/kalastusviesti\/uusi-hiihtolomatapahtuma-kokosi-perheet-pilkille\/#breadcrumb","itemListElement":[{"@type":"ListItem","position":1,"name":"Home","item":"https:\/\/www.victoriamedia.org\/kalastusviesti\/"},{"@type":"ListItem","position":2,"name":"Uusi hiihtolomatapahtuma kokosi perheet pilkille"}]},{"@type":"WebSite","@id":"https:\/\/www.victoriamedia.org\/kalastusviesti\/#website","url":"https:\/\/www.victoriamedia.org\/kalastusviesti\/","name":"KALASTUSVIESTI","description":"","potentialAction":[{"@type":"SearchAction","target":{"@type":"EntryPoint","urlTemplate":"https:\/\/www.victoriamedia.org\/kalastusviesti\/?s={search_term_string}"},"query-input":{"@type":"PropertyValueSpecification","valueRequired":true,"valueName":"search_term_string"}}],"inLanguage":"en-US"},{"@type":"Person","@id":"https:\/\/www.victoriamedia.org\/kalastusviesti\/#\/schema\/person\/df29131d02ead3f61cdeeef5d30a6771","name":"kerttuvali","image":{"@type":"ImageObject","inLanguage":"en-US","@id":"https:\/\/secure.gravatar.com\/avatar\/62dbe1a847f655ad987c59fece23f885c4b0e7b06595c36d9597003852972217?s=96&d=mm&r=g","url":"https:\/\/secure.gravatar.com\/avatar\/62dbe1a847f655ad987c59fece23f885c4b0e7b06595c36d9597003852972217?s=96&d=mm&r=g","contentUrl":"https:\/\/secure.gravatar.com\/avatar\/62dbe1a847f655ad987c59fece23f885c4b0e7b06595c36d9597003852972217?s=96&d=mm&r=g","caption":"kerttuvali"},"url":"https:\/\/www.victoriamedia.org\/kalastusviesti\/author\/kerttuvali\/"}]}},"_links":{"self":[{"href":"https:\/\/www.victoriamedia.org\/kalastusviesti\/wp-json\/wp\/v2\/posts\/1321","targetHints":{"allow":["GET"]}}],"collection":[{"href":"https:\/\/www.victoriamedia.org\/kalastusviesti\/wp-json\/wp\/v2\/posts"}],"about":[{"href":"https:\/\/www.victoriamedia.org\/kalastusviesti\/wp-json\/wp\/v2\/types\/post"}],"author":[{"embeddable":true,"href":"https:\/\/www.victoriamedia.org\/kalastusviesti\/wp-json\/wp\/v2\/users\/1"}],"replies":[{"embeddable":true,"href":"https:\/\/www.victoriamedia.org\/kalastusviesti\/wp-json\/wp\/v2\/comments?post=1321"}],"version-history":[{"count":1,"href":"https:\/\/www.victoriamedia.org\/kalastusviesti\/wp-json\/wp\/v2\/posts\/1321\/revisions"}],"predecessor-version":[{"id":1323,"href":"https:\/\/www.victoriamedia.org\/kalastusviesti\/wp-json\/wp\/v2\/posts\/1321\/revisions\/1323"}],"wp:attachment":[{"href":"https:\/\/www.victoriamedia.org\/kalastusviesti\/wp-json\/wp\/v2\/media?parent=1321"}],"wp:term":[{"taxonomy":"category","embeddable":true,"href":"https:\/\/www.victoriamedia.org\/kalastusviesti\/wp-json\/wp\/v2\/categories?post=1321"},{"taxonomy":"post_tag","embeddable":true,"href":"https:\/\/www.victoriamedia.org\/kalastusviesti\/wp-json\/wp\/v2\/tags?post=1321"}],"curies":[{"name":"wp","href":"https:\/\/api.w.org\/{rel}","templated":true}]}}