{"id":1174,"date":"2017-05-18T09:00:45","date_gmt":"2017-05-18T09:00:45","guid":{"rendered":"http:\/\/www.victoriamedia.org\/kalastusviesti\/?p=1174"},"modified":"2017-05-18T09:00:45","modified_gmt":"2017-05-18T09:00:45","slug":"valtakunnallinen-kalastuspaiva-kannusti-kalaan","status":"publish","type":"post","link":"https:\/\/www.victoriamedia.org\/kalastusviesti\/valtakunnallinen-kalastuspaiva-kannusti-kalaan\/","title":{"rendered":"Valtakunnallinen kalastusp\u00e4iv\u00e4 kannusti kalaan"},"content":{"rendered":"<p><a href=\"https:\/\/www.victoriamedia.org\/kalastusviesti\/wp-content\/uploads\/2017\/05\/kalastuspaiva-helsinki.jpg\"><img loading=\"lazy\" decoding=\"async\" class=\"alignnone size-large wp-image-1175\" src=\"https:\/\/www.victoriamedia.org\/kalastusviesti\/wp-content\/uploads\/2017\/05\/kalastuspaiva-helsinki-1024x683.jpg\" alt=\"kalastuspaiva-helsinki\" width=\"640\" height=\"427\" srcset=\"https:\/\/www.victoriamedia.org\/kalastusviesti\/wp-content\/uploads\/2017\/05\/kalastuspaiva-helsinki-1024x683.jpg 1024w, https:\/\/www.victoriamedia.org\/kalastusviesti\/wp-content\/uploads\/2017\/05\/kalastuspaiva-helsinki-300x200.jpg 300w, https:\/\/www.victoriamedia.org\/kalastusviesti\/wp-content\/uploads\/2017\/05\/kalastuspaiva-helsinki-768x512.jpg 768w\" sizes=\"auto, (max-width: 640px) 100vw, 640px\" \/><\/a><\/p>\n<p><em>Helsingin Vanhankaupungin suvannolla Valtakunnalliseen kalastusp\u00e4iv\u00e4\u00e4n osallistui noin 500 koululaista.\u00a0Kuva: Jaana Vetikko, Suomen Vapaa-ajankalastajien Keskusj\u00e4rjest\u00f6.<\/em><\/p>\n<p><strong>Eilen keskiviikkona 17.5. vietettyyn Valtakunnalliseen kalastusp\u00e4iv\u00e4\u00e4n osallistui ennakkotietojen mukaan 8000 lasta ja nuorta. P\u00e4\u00e4tapahtumassa Sein\u00e4joella onkivapaan tarttui 400 koululaista. Vuoden teemana oli 100 Lasissa Fisuun! ja tempaus oli osa Suomi 100 luonnonp\u00e4iv\u00e4t -tapahtumaketjua.<\/strong><\/p>\n<p>Suomen Vapaa-ajankalastajien Keskusj\u00e4rjest\u00f6n (SVK) j\u00e4rjest\u00e4m\u00e4\u00e4n Kalastusp\u00e4iv\u00e4\u00e4n mahtui mukaan kaikenlaisia kalastusaktiviteettej\u00e4, niin teoriassa kuin k\u00e4yt\u00e4nn\u00f6ss\u00e4kin. Onkivavalla kalastaminen oli monelle tapahtuman kohokohta, vaikkei jokaiselle lyhyen onkihetken aikana saalista herunutkaan. Kalastusp\u00e4iv\u00e4n aikana tutustuttiin my\u00f6s erilaisiin kalastusv\u00e4lineisiin, kaloihin, kalank\u00e4sittelyyn ja luonnossa liikkumiseen. Kouluttajina toimivat Suomen Vapaa-ajankalastajien Keskusj\u00e4rjest\u00f6n piirien ja kalaseurojen edustajat yhteisty\u00f6kumppaneineen. Osa tempauksista j\u00e4rjestet\u00e4\u00e4n vasta syksyll\u00e4. Tapahtumat l\u00f6ytyv\u00e4t osoitteesta\u00a0<a href=\"http:\/\/www.fisuun.fi\/tulevia-kalastustapahtumia\">http:\/\/www.fisuun.fi\/tulevia-kalastustapahtumia<\/a>. Syystapahtumiin odotetaan noin 3000 osallistujaa.<\/p>\n<p>Valtakunnalliseen kalastusp\u00e4iv\u00e4\u00e4n liittyy my\u00f6s SVK:n j\u00e4rjest\u00e4m\u00e4 koko kes\u00e4n jatkuva\u00a0<em>Sata lasissa k\u00e4tk\u00f6ille<\/em>\u00a0-teemakilpailu, jossa kalastustapahtumiin piilotetaan sata k\u00e4tk\u00f6\u00e4 nuorten l\u00f6ydett\u00e4v\u00e4ksi. Ensimm\u00e4iset k\u00e4tk\u00f6t piilotettiin jo Valtakunnallisen kalastusp\u00e4iv\u00e4n kev\u00e4\u00e4n tapahtumiin. Tarkemmat tiedot kilpailusta sek\u00e4 paljastuksia tulevista k\u00e4tk\u00f6ist\u00e4 julkaistaan osoitteessa\u00a0<a href=\"http:\/\/fisuun.fi\/\" target=\"_blank\">www.fisuun.fi\/teemakilpailu2017<\/a>.<\/p>\n<p>Aloitteen valtakunnallisen kalastusp\u00e4iv\u00e4n j\u00e4rjest\u00e4miseen on tehnyt eduskunnan kalakerho. Maa- ja mets\u00e4talousministeri\u00f6n, Suomen Vapaa-ajankalastajien Keskusj\u00e4rjest\u00f6n, Kalatalouden Keskusliiton, kalatalousalan lehdist\u00f6n, suomalaisten kalastusv\u00e4linevalmistajien ja maahantuojien yhteisty\u00f6ll\u00e4 tuemme nuorten kalastusharrastusta. MMM rahoittaa tapahtumaa kalastonhoitomaksuvaroilla.<\/p>\n","protected":false},"excerpt":{"rendered":"<p>Helsingin Vanhankaupungin suvannolla Valtakunnalliseen kalastusp\u00e4iv\u00e4\u00e4n osallistui noin 500 koululaista.\u00a0Kuva: Jaana Vetikko, Suomen Vapaa-ajankalastajien Keskusj\u00e4rjest\u00f6. Eilen keskiviikkona 17.5. vietettyyn Valtakunnalliseen kalastusp\u00e4iv\u00e4\u00e4n osallistui ennakkotietojen mukaan 8000 lasta ja nuorta. P\u00e4\u00e4tapahtumassa Sein\u00e4joella onkivapaan tarttui 400 koululaista. Vuoden teemana oli 100 Lasissa Fisuun! ja tempaus oli osa Suomi 100 luonnonp\u00e4iv\u00e4t -tapahtumaketjua. Suomen Vapaa-ajankalastajien Keskusj\u00e4rjest\u00f6n (SVK) j\u00e4rjest\u00e4m\u00e4\u00e4n Kalastusp\u00e4iv\u00e4\u00e4n mahtui mukaan [&hellip;]<\/p>\n","protected":false},"author":1,"featured_media":0,"comment_status":"closed","ping_status":"closed","sticky":false,"template":"","format":"standard","meta":{"footnotes":""},"categories":[18],"tags":[],"class_list":["post-1174","post","type-post","status-publish","format-standard","hentry","category-kalastus","eq-blocks"],"yoast_head":"<!-- This site is optimized with the Yoast SEO plugin v27.5 - https:\/\/yoast.com\/product\/yoast-seo-wordpress\/ -->\n<title>Valtakunnallinen kalastusp\u00e4iv\u00e4 kannusti kalaan - KALASTUSVIESTI<\/title>\n<meta name=\"robots\" content=\"index, follow, max-snippet:-1, max-image-preview:large, max-video-preview:-1\" \/>\n<link rel=\"canonical\" href=\"https:\/\/www.victoriamedia.org\/kalastusviesti\/valtakunnallinen-kalastuspaiva-kannusti-kalaan\/\" \/>\n<meta property=\"og:locale\" content=\"en_US\" \/>\n<meta property=\"og:type\" content=\"article\" \/>\n<meta property=\"og:title\" content=\"Valtakunnallinen kalastusp\u00e4iv\u00e4 kannusti kalaan - KALASTUSVIESTI\" \/>\n<meta property=\"og:description\" content=\"Helsingin Vanhankaupungin suvannolla Valtakunnalliseen kalastusp\u00e4iv\u00e4\u00e4n osallistui noin 500 koululaista.\u00a0Kuva: Jaana Vetikko, Suomen Vapaa-ajankalastajien Keskusj\u00e4rjest\u00f6. Eilen keskiviikkona 17.5. vietettyyn Valtakunnalliseen kalastusp\u00e4iv\u00e4\u00e4n osallistui ennakkotietojen mukaan 8000 lasta ja nuorta. P\u00e4\u00e4tapahtumassa Sein\u00e4joella onkivapaan tarttui 400 koululaista. Vuoden teemana oli 100 Lasissa Fisuun! ja tempaus oli osa Suomi 100 luonnonp\u00e4iv\u00e4t -tapahtumaketjua. Suomen Vapaa-ajankalastajien Keskusj\u00e4rjest\u00f6n (SVK) j\u00e4rjest\u00e4m\u00e4\u00e4n Kalastusp\u00e4iv\u00e4\u00e4n mahtui mukaan [&hellip;]\" \/>\n<meta property=\"og:url\" content=\"https:\/\/www.victoriamedia.org\/kalastusviesti\/valtakunnallinen-kalastuspaiva-kannusti-kalaan\/\" \/>\n<meta property=\"og:site_name\" content=\"KALASTUSVIESTI\" \/>\n<meta property=\"article:publisher\" content=\"https:\/\/www.facebook.com\/Kalastusviesti\" \/>\n<meta property=\"article:published_time\" content=\"2017-05-18T09:00:45+00:00\" \/>\n<meta property=\"og:image\" content=\"http:\/\/www.victoriamedia.org\/kalastusviesti\/wp-content\/uploads\/2017\/05\/kalastuspaiva-helsinki-1024x683.jpg\" \/>\n<meta name=\"author\" content=\"kerttuvali\" \/>\n<meta name=\"twitter:card\" content=\"summary_large_image\" \/>\n<meta name=\"twitter:creator\" content=\"@kalastusuutiset\" \/>\n<meta name=\"twitter:site\" content=\"@kalastusuutiset\" \/>\n<meta name=\"twitter:label1\" content=\"Written by\" \/>\n\t<meta name=\"twitter:data1\" content=\"kerttuvali\" \/>\n\t<meta name=\"twitter:label2\" content=\"Est. reading time\" \/>\n\t<meta name=\"twitter:data2\" content=\"1 minute\" \/>\n<script type=\"application\/ld+json\" class=\"yoast-schema-graph\">{\"@context\":\"https:\\\/\\\/schema.org\",\"@graph\":[{\"@type\":\"Article\",\"@id\":\"https:\\\/\\\/www.victoriamedia.org\\\/kalastusviesti\\\/valtakunnallinen-kalastuspaiva-kannusti-kalaan\\\/#article\",\"isPartOf\":{\"@id\":\"https:\\\/\\\/www.victoriamedia.org\\\/kalastusviesti\\\/valtakunnallinen-kalastuspaiva-kannusti-kalaan\\\/\"},\"author\":{\"name\":\"kerttuvali\",\"@id\":\"https:\\\/\\\/www.victoriamedia.org\\\/kalastusviesti\\\/#\\\/schema\\\/person\\\/df29131d02ead3f61cdeeef5d30a6771\"},\"headline\":\"Valtakunnallinen kalastusp\u00e4iv\u00e4 kannusti kalaan\",\"datePublished\":\"2017-05-18T09:00:45+00:00\",\"mainEntityOfPage\":{\"@id\":\"https:\\\/\\\/www.victoriamedia.org\\\/kalastusviesti\\\/valtakunnallinen-kalastuspaiva-kannusti-kalaan\\\/\"},\"wordCount\":247,\"image\":{\"@id\":\"https:\\\/\\\/www.victoriamedia.org\\\/kalastusviesti\\\/valtakunnallinen-kalastuspaiva-kannusti-kalaan\\\/#primaryimage\"},\"thumbnailUrl\":\"http:\\\/\\\/www.victoriamedia.org\\\/kalastusviesti\\\/wp-content\\\/uploads\\\/2017\\\/05\\\/kalastuspaiva-helsinki-1024x683.jpg\",\"articleSection\":[\"Kalastus\"],\"inLanguage\":\"en-US\"},{\"@type\":\"WebPage\",\"@id\":\"https:\\\/\\\/www.victoriamedia.org\\\/kalastusviesti\\\/valtakunnallinen-kalastuspaiva-kannusti-kalaan\\\/\",\"url\":\"https:\\\/\\\/www.victoriamedia.org\\\/kalastusviesti\\\/valtakunnallinen-kalastuspaiva-kannusti-kalaan\\\/\",\"name\":\"Valtakunnallinen kalastusp\u00e4iv\u00e4 kannusti kalaan - KALASTUSVIESTI\",\"isPartOf\":{\"@id\":\"https:\\\/\\\/www.victoriamedia.org\\\/kalastusviesti\\\/#website\"},\"primaryImageOfPage\":{\"@id\":\"https:\\\/\\\/www.victoriamedia.org\\\/kalastusviesti\\\/valtakunnallinen-kalastuspaiva-kannusti-kalaan\\\/#primaryimage\"},\"image\":{\"@id\":\"https:\\\/\\\/www.victoriamedia.org\\\/kalastusviesti\\\/valtakunnallinen-kalastuspaiva-kannusti-kalaan\\\/#primaryimage\"},\"thumbnailUrl\":\"http:\\\/\\\/www.victoriamedia.org\\\/kalastusviesti\\\/wp-content\\\/uploads\\\/2017\\\/05\\\/kalastuspaiva-helsinki-1024x683.jpg\",\"datePublished\":\"2017-05-18T09:00:45+00:00\",\"author\":{\"@id\":\"https:\\\/\\\/www.victoriamedia.org\\\/kalastusviesti\\\/#\\\/schema\\\/person\\\/df29131d02ead3f61cdeeef5d30a6771\"},\"breadcrumb\":{\"@id\":\"https:\\\/\\\/www.victoriamedia.org\\\/kalastusviesti\\\/valtakunnallinen-kalastuspaiva-kannusti-kalaan\\\/#breadcrumb\"},\"inLanguage\":\"en-US\",\"potentialAction\":[{\"@type\":\"ReadAction\",\"target\":[\"https:\\\/\\\/www.victoriamedia.org\\\/kalastusviesti\\\/valtakunnallinen-kalastuspaiva-kannusti-kalaan\\\/\"]}]},{\"@type\":\"ImageObject\",\"inLanguage\":\"en-US\",\"@id\":\"https:\\\/\\\/www.victoriamedia.org\\\/kalastusviesti\\\/valtakunnallinen-kalastuspaiva-kannusti-kalaan\\\/#primaryimage\",\"url\":\"https:\\\/\\\/www.victoriamedia.org\\\/kalastusviesti\\\/wp-content\\\/uploads\\\/2017\\\/05\\\/kalastuspaiva-helsinki.jpg\",\"contentUrl\":\"https:\\\/\\\/www.victoriamedia.org\\\/kalastusviesti\\\/wp-content\\\/uploads\\\/2017\\\/05\\\/kalastuspaiva-helsinki.jpg\",\"width\":5472,\"height\":3648},{\"@type\":\"BreadcrumbList\",\"@id\":\"https:\\\/\\\/www.victoriamedia.org\\\/kalastusviesti\\\/valtakunnallinen-kalastuspaiva-kannusti-kalaan\\\/#breadcrumb\",\"itemListElement\":[{\"@type\":\"ListItem\",\"position\":1,\"name\":\"Home\",\"item\":\"https:\\\/\\\/www.victoriamedia.org\\\/kalastusviesti\\\/\"},{\"@type\":\"ListItem\",\"position\":2,\"name\":\"Valtakunnallinen kalastusp\u00e4iv\u00e4 kannusti kalaan\"}]},{\"@type\":\"WebSite\",\"@id\":\"https:\\\/\\\/www.victoriamedia.org\\\/kalastusviesti\\\/#website\",\"url\":\"https:\\\/\\\/www.victoriamedia.org\\\/kalastusviesti\\\/\",\"name\":\"KALASTUSVIESTI\",\"description\":\"\",\"potentialAction\":[{\"@type\":\"SearchAction\",\"target\":{\"@type\":\"EntryPoint\",\"urlTemplate\":\"https:\\\/\\\/www.victoriamedia.org\\\/kalastusviesti\\\/?s={search_term_string}\"},\"query-input\":{\"@type\":\"PropertyValueSpecification\",\"valueRequired\":true,\"valueName\":\"search_term_string\"}}],\"inLanguage\":\"en-US\"},{\"@type\":\"Person\",\"@id\":\"https:\\\/\\\/www.victoriamedia.org\\\/kalastusviesti\\\/#\\\/schema\\\/person\\\/df29131d02ead3f61cdeeef5d30a6771\",\"name\":\"kerttuvali\",\"image\":{\"@type\":\"ImageObject\",\"inLanguage\":\"en-US\",\"@id\":\"https:\\\/\\\/secure.gravatar.com\\\/avatar\\\/62dbe1a847f655ad987c59fece23f885c4b0e7b06595c36d9597003852972217?s=96&d=mm&r=g\",\"url\":\"https:\\\/\\\/secure.gravatar.com\\\/avatar\\\/62dbe1a847f655ad987c59fece23f885c4b0e7b06595c36d9597003852972217?s=96&d=mm&r=g\",\"contentUrl\":\"https:\\\/\\\/secure.gravatar.com\\\/avatar\\\/62dbe1a847f655ad987c59fece23f885c4b0e7b06595c36d9597003852972217?s=96&d=mm&r=g\",\"caption\":\"kerttuvali\"},\"url\":\"https:\\\/\\\/www.victoriamedia.org\\\/kalastusviesti\\\/author\\\/kerttuvali\\\/\"}]}<\/script>\n<!-- \/ Yoast SEO plugin. -->","yoast_head_json":{"title":"Valtakunnallinen kalastusp\u00e4iv\u00e4 kannusti kalaan - KALASTUSVIESTI","robots":{"index":"index","follow":"follow","max-snippet":"max-snippet:-1","max-image-preview":"max-image-preview:large","max-video-preview":"max-video-preview:-1"},"canonical":"https:\/\/www.victoriamedia.org\/kalastusviesti\/valtakunnallinen-kalastuspaiva-kannusti-kalaan\/","og_locale":"en_US","og_type":"article","og_title":"Valtakunnallinen kalastusp\u00e4iv\u00e4 kannusti kalaan - KALASTUSVIESTI","og_description":"Helsingin Vanhankaupungin suvannolla Valtakunnalliseen kalastusp\u00e4iv\u00e4\u00e4n osallistui noin 500 koululaista.\u00a0Kuva: Jaana Vetikko, Suomen Vapaa-ajankalastajien Keskusj\u00e4rjest\u00f6. Eilen keskiviikkona 17.5. vietettyyn Valtakunnalliseen kalastusp\u00e4iv\u00e4\u00e4n osallistui ennakkotietojen mukaan 8000 lasta ja nuorta. P\u00e4\u00e4tapahtumassa Sein\u00e4joella onkivapaan tarttui 400 koululaista. Vuoden teemana oli 100 Lasissa Fisuun! ja tempaus oli osa Suomi 100 luonnonp\u00e4iv\u00e4t -tapahtumaketjua. Suomen Vapaa-ajankalastajien Keskusj\u00e4rjest\u00f6n (SVK) j\u00e4rjest\u00e4m\u00e4\u00e4n Kalastusp\u00e4iv\u00e4\u00e4n mahtui mukaan [&hellip;]","og_url":"https:\/\/www.victoriamedia.org\/kalastusviesti\/valtakunnallinen-kalastuspaiva-kannusti-kalaan\/","og_site_name":"KALASTUSVIESTI","article_publisher":"https:\/\/www.facebook.com\/Kalastusviesti","article_published_time":"2017-05-18T09:00:45+00:00","og_image":[{"url":"http:\/\/www.victoriamedia.org\/kalastusviesti\/wp-content\/uploads\/2017\/05\/kalastuspaiva-helsinki-1024x683.jpg","type":"","width":"","height":""}],"author":"kerttuvali","twitter_card":"summary_large_image","twitter_creator":"@kalastusuutiset","twitter_site":"@kalastusuutiset","twitter_misc":{"Written by":"kerttuvali","Est. reading time":"1 minute"},"schema":{"@context":"https:\/\/schema.org","@graph":[{"@type":"Article","@id":"https:\/\/www.victoriamedia.org\/kalastusviesti\/valtakunnallinen-kalastuspaiva-kannusti-kalaan\/#article","isPartOf":{"@id":"https:\/\/www.victoriamedia.org\/kalastusviesti\/valtakunnallinen-kalastuspaiva-kannusti-kalaan\/"},"author":{"name":"kerttuvali","@id":"https:\/\/www.victoriamedia.org\/kalastusviesti\/#\/schema\/person\/df29131d02ead3f61cdeeef5d30a6771"},"headline":"Valtakunnallinen kalastusp\u00e4iv\u00e4 kannusti kalaan","datePublished":"2017-05-18T09:00:45+00:00","mainEntityOfPage":{"@id":"https:\/\/www.victoriamedia.org\/kalastusviesti\/valtakunnallinen-kalastuspaiva-kannusti-kalaan\/"},"wordCount":247,"image":{"@id":"https:\/\/www.victoriamedia.org\/kalastusviesti\/valtakunnallinen-kalastuspaiva-kannusti-kalaan\/#primaryimage"},"thumbnailUrl":"http:\/\/www.victoriamedia.org\/kalastusviesti\/wp-content\/uploads\/2017\/05\/kalastuspaiva-helsinki-1024x683.jpg","articleSection":["Kalastus"],"inLanguage":"en-US"},{"@type":"WebPage","@id":"https:\/\/www.victoriamedia.org\/kalastusviesti\/valtakunnallinen-kalastuspaiva-kannusti-kalaan\/","url":"https:\/\/www.victoriamedia.org\/kalastusviesti\/valtakunnallinen-kalastuspaiva-kannusti-kalaan\/","name":"Valtakunnallinen kalastusp\u00e4iv\u00e4 kannusti kalaan - KALASTUSVIESTI","isPartOf":{"@id":"https:\/\/www.victoriamedia.org\/kalastusviesti\/#website"},"primaryImageOfPage":{"@id":"https:\/\/www.victoriamedia.org\/kalastusviesti\/valtakunnallinen-kalastuspaiva-kannusti-kalaan\/#primaryimage"},"image":{"@id":"https:\/\/www.victoriamedia.org\/kalastusviesti\/valtakunnallinen-kalastuspaiva-kannusti-kalaan\/#primaryimage"},"thumbnailUrl":"http:\/\/www.victoriamedia.org\/kalastusviesti\/wp-content\/uploads\/2017\/05\/kalastuspaiva-helsinki-1024x683.jpg","datePublished":"2017-05-18T09:00:45+00:00","author":{"@id":"https:\/\/www.victoriamedia.org\/kalastusviesti\/#\/schema\/person\/df29131d02ead3f61cdeeef5d30a6771"},"breadcrumb":{"@id":"https:\/\/www.victoriamedia.org\/kalastusviesti\/valtakunnallinen-kalastuspaiva-kannusti-kalaan\/#breadcrumb"},"inLanguage":"en-US","potentialAction":[{"@type":"ReadAction","target":["https:\/\/www.victoriamedia.org\/kalastusviesti\/valtakunnallinen-kalastuspaiva-kannusti-kalaan\/"]}]},{"@type":"ImageObject","inLanguage":"en-US","@id":"https:\/\/www.victoriamedia.org\/kalastusviesti\/valtakunnallinen-kalastuspaiva-kannusti-kalaan\/#primaryimage","url":"https:\/\/www.victoriamedia.org\/kalastusviesti\/wp-content\/uploads\/2017\/05\/kalastuspaiva-helsinki.jpg","contentUrl":"https:\/\/www.victoriamedia.org\/kalastusviesti\/wp-content\/uploads\/2017\/05\/kalastuspaiva-helsinki.jpg","width":5472,"height":3648},{"@type":"BreadcrumbList","@id":"https:\/\/www.victoriamedia.org\/kalastusviesti\/valtakunnallinen-kalastuspaiva-kannusti-kalaan\/#breadcrumb","itemListElement":[{"@type":"ListItem","position":1,"name":"Home","item":"https:\/\/www.victoriamedia.org\/kalastusviesti\/"},{"@type":"ListItem","position":2,"name":"Valtakunnallinen kalastusp\u00e4iv\u00e4 kannusti kalaan"}]},{"@type":"WebSite","@id":"https:\/\/www.victoriamedia.org\/kalastusviesti\/#website","url":"https:\/\/www.victoriamedia.org\/kalastusviesti\/","name":"KALASTUSVIESTI","description":"","potentialAction":[{"@type":"SearchAction","target":{"@type":"EntryPoint","urlTemplate":"https:\/\/www.victoriamedia.org\/kalastusviesti\/?s={search_term_string}"},"query-input":{"@type":"PropertyValueSpecification","valueRequired":true,"valueName":"search_term_string"}}],"inLanguage":"en-US"},{"@type":"Person","@id":"https:\/\/www.victoriamedia.org\/kalastusviesti\/#\/schema\/person\/df29131d02ead3f61cdeeef5d30a6771","name":"kerttuvali","image":{"@type":"ImageObject","inLanguage":"en-US","@id":"https:\/\/secure.gravatar.com\/avatar\/62dbe1a847f655ad987c59fece23f885c4b0e7b06595c36d9597003852972217?s=96&d=mm&r=g","url":"https:\/\/secure.gravatar.com\/avatar\/62dbe1a847f655ad987c59fece23f885c4b0e7b06595c36d9597003852972217?s=96&d=mm&r=g","contentUrl":"https:\/\/secure.gravatar.com\/avatar\/62dbe1a847f655ad987c59fece23f885c4b0e7b06595c36d9597003852972217?s=96&d=mm&r=g","caption":"kerttuvali"},"url":"https:\/\/www.victoriamedia.org\/kalastusviesti\/author\/kerttuvali\/"}]}},"_links":{"self":[{"href":"https:\/\/www.victoriamedia.org\/kalastusviesti\/wp-json\/wp\/v2\/posts\/1174","targetHints":{"allow":["GET"]}}],"collection":[{"href":"https:\/\/www.victoriamedia.org\/kalastusviesti\/wp-json\/wp\/v2\/posts"}],"about":[{"href":"https:\/\/www.victoriamedia.org\/kalastusviesti\/wp-json\/wp\/v2\/types\/post"}],"author":[{"embeddable":true,"href":"https:\/\/www.victoriamedia.org\/kalastusviesti\/wp-json\/wp\/v2\/users\/1"}],"replies":[{"embeddable":true,"href":"https:\/\/www.victoriamedia.org\/kalastusviesti\/wp-json\/wp\/v2\/comments?post=1174"}],"version-history":[{"count":1,"href":"https:\/\/www.victoriamedia.org\/kalastusviesti\/wp-json\/wp\/v2\/posts\/1174\/revisions"}],"predecessor-version":[{"id":1176,"href":"https:\/\/www.victoriamedia.org\/kalastusviesti\/wp-json\/wp\/v2\/posts\/1174\/revisions\/1176"}],"wp:attachment":[{"href":"https:\/\/www.victoriamedia.org\/kalastusviesti\/wp-json\/wp\/v2\/media?parent=1174"}],"wp:term":[{"taxonomy":"category","embeddable":true,"href":"https:\/\/www.victoriamedia.org\/kalastusviesti\/wp-json\/wp\/v2\/categories?post=1174"},{"taxonomy":"post_tag","embeddable":true,"href":"https:\/\/www.victoriamedia.org\/kalastusviesti\/wp-json\/wp\/v2\/tags?post=1174"}],"curies":[{"name":"wp","href":"https:\/\/api.w.org\/{rel}","templated":true}]}}