{"id":116,"date":"2013-08-06T16:45:58","date_gmt":"2013-08-06T16:45:58","guid":{"rendered":"http:\/\/www.victoriamedia.org\/kalastusviesti\/?p=116"},"modified":"2013-08-06T16:45:58","modified_gmt":"2013-08-06T16:45:58","slug":"presidentti-niinisto-toivoo-ammattikalastajiksi-nuoria","status":"publish","type":"post","link":"https:\/\/www.victoriamedia.org\/kalastusviesti\/presidentti-niinisto-toivoo-ammattikalastajiksi-nuoria\/","title":{"rendered":"Presidentti Niinist\u00f6 toivoo ammattikalastajiksi nuoria"},"content":{"rendered":"<p>Presidentti Sauli Niinist\u00f6 on huolestunut ammattikalastajien korkeasta keski-i\u00e4st\u00e4 ja toivoo alalle nuorempiakin. Ammattikalastajien keski-ik\u00e4 Suomessa on yli viisikymment\u00e4 vuotta.<\/p>\n<p>\u2013\u2009Ammatti on tietenkin kova ja vaatii aika lailla p\u00e4\u00e4omaa esimerkiksi hyljesuojauksen vuoksi, Niinist\u00f6 tuumi k\u00e4yty\u00e4\u00e4n kokemassa ammattilaisten kanssa kuharys\u00e4n Naantalin vesill\u00e4.<\/p>\n<p>Niinist\u00f6 perehtyi t\u00e4n\u00e4\u00e4n ammattikalastajien ty\u00f6h\u00f6n ja ajatuksiin kalamatkalla, joka alkoi h\u00e4nen kes\u00e4asuntonsa rannasta Naantalin Kultarannassa. Presidentti vaikuttui huolesta, jota kalastajat kantavat It\u00e4meren puhtaudesta.<\/p>\n<p>\u2013\u2009He ovat kovinkin aktiivisia ottamaan kantaa esimerkiksi ruoppausten vaikutuksiin. Me muut, ehk\u00e4 ymp\u00e4rist\u00f6j\u00e4rjest\u00f6tk\u00e4\u00e4n, emme puhu niist\u00e4 niin paljon.<\/p>\n<p>Ammattikalastajaliiton hallituksen puheenjohtaja Olavi Sahlst\u00e9n oli mukana kalamatkalla. H\u00e4nen mukaansa sellaiset ruopattavat massat, joissa on saastunutta sedimentti\u00e4, pit\u00e4isi nostaa kuiville ja k\u00e4sitell\u00e4.<\/p>\n<p>\u2013\u2009Saastuneelle maa-ainekselle tehd\u00e4\u00e4n maallakin sill\u00e4 lailla. Onhan ruoppausmassallekin kriteerit olemassa, mutta ne ovat liian l\u00f6ys\u00e4t, Sahlst\u00e9n sanoo.<\/p>\n","protected":false},"excerpt":{"rendered":"<p>Presidentti Sauli Niinist\u00f6 on huolestunut ammattikalastajien korkeasta keski-i\u00e4st\u00e4 ja toivoo alalle nuorempiakin. Ammattikalastajien keski-ik\u00e4 Suomessa on yli viisikymment\u00e4 vuotta. \u2013\u2009Ammatti on tietenkin kova ja vaatii aika lailla p\u00e4\u00e4omaa esimerkiksi hyljesuojauksen vuoksi, Niinist\u00f6 tuumi k\u00e4yty\u00e4\u00e4n kokemassa ammattilaisten kanssa kuharys\u00e4n Naantalin vesill\u00e4. Niinist\u00f6 perehtyi t\u00e4n\u00e4\u00e4n ammattikalastajien ty\u00f6h\u00f6n ja ajatuksiin kalamatkalla, joka alkoi h\u00e4nen kes\u00e4asuntonsa rannasta Naantalin Kultarannassa. [&hellip;]<\/p>\n","protected":false},"author":1,"featured_media":0,"comment_status":"closed","ping_status":"closed","sticky":false,"template":"","format":"standard","meta":{"footnotes":""},"categories":[3,47],"tags":[],"class_list":["post-116","post","type-post","status-publish","format-standard","hentry","category-ammattikalastus","category-kannanotot","eq-blocks"],"yoast_head":"<!-- This site is optimized with the Yoast SEO plugin v27.5 - https:\/\/yoast.com\/product\/yoast-seo-wordpress\/ -->\n<title>Presidentti Niinist\u00f6 toivoo ammattikalastajiksi nuoria - KALASTUSVIESTI<\/title>\n<meta name=\"robots\" content=\"index, follow, max-snippet:-1, max-image-preview:large, max-video-preview:-1\" \/>\n<link rel=\"canonical\" href=\"https:\/\/www.victoriamedia.org\/kalastusviesti\/presidentti-niinisto-toivoo-ammattikalastajiksi-nuoria\/\" \/>\n<meta property=\"og:locale\" content=\"en_US\" \/>\n<meta property=\"og:type\" content=\"article\" \/>\n<meta property=\"og:title\" content=\"Presidentti Niinist\u00f6 toivoo ammattikalastajiksi nuoria - KALASTUSVIESTI\" \/>\n<meta property=\"og:description\" content=\"Presidentti Sauli Niinist\u00f6 on huolestunut ammattikalastajien korkeasta keski-i\u00e4st\u00e4 ja toivoo alalle nuorempiakin. Ammattikalastajien keski-ik\u00e4 Suomessa on yli viisikymment\u00e4 vuotta. \u2013\u2009Ammatti on tietenkin kova ja vaatii aika lailla p\u00e4\u00e4omaa esimerkiksi hyljesuojauksen vuoksi, Niinist\u00f6 tuumi k\u00e4yty\u00e4\u00e4n kokemassa ammattilaisten kanssa kuharys\u00e4n Naantalin vesill\u00e4. Niinist\u00f6 perehtyi t\u00e4n\u00e4\u00e4n ammattikalastajien ty\u00f6h\u00f6n ja ajatuksiin kalamatkalla, joka alkoi h\u00e4nen kes\u00e4asuntonsa rannasta Naantalin Kultarannassa. [&hellip;]\" \/>\n<meta property=\"og:url\" content=\"https:\/\/www.victoriamedia.org\/kalastusviesti\/presidentti-niinisto-toivoo-ammattikalastajiksi-nuoria\/\" \/>\n<meta property=\"og:site_name\" content=\"KALASTUSVIESTI\" \/>\n<meta property=\"article:publisher\" content=\"https:\/\/www.facebook.com\/Kalastusviesti\" \/>\n<meta property=\"article:published_time\" content=\"2013-08-06T16:45:58+00:00\" \/>\n<meta name=\"author\" content=\"kerttuvali\" \/>\n<meta name=\"twitter:card\" content=\"summary_large_image\" \/>\n<meta name=\"twitter:creator\" content=\"@kalastusuutiset\" \/>\n<meta name=\"twitter:site\" content=\"@kalastusuutiset\" \/>\n<meta name=\"twitter:label1\" content=\"Written by\" \/>\n\t<meta name=\"twitter:data1\" content=\"kerttuvali\" \/>\n\t<meta name=\"twitter:label2\" content=\"Est. reading time\" \/>\n\t<meta name=\"twitter:data2\" content=\"1 minute\" \/>\n<script type=\"application\/ld+json\" class=\"yoast-schema-graph\">{\"@context\":\"https:\\\/\\\/schema.org\",\"@graph\":[{\"@type\":\"Article\",\"@id\":\"https:\\\/\\\/www.victoriamedia.org\\\/kalastusviesti\\\/presidentti-niinisto-toivoo-ammattikalastajiksi-nuoria\\\/#article\",\"isPartOf\":{\"@id\":\"https:\\\/\\\/www.victoriamedia.org\\\/kalastusviesti\\\/presidentti-niinisto-toivoo-ammattikalastajiksi-nuoria\\\/\"},\"author\":{\"name\":\"kerttuvali\",\"@id\":\"https:\\\/\\\/www.victoriamedia.org\\\/kalastusviesti\\\/#\\\/schema\\\/person\\\/df29131d02ead3f61cdeeef5d30a6771\"},\"headline\":\"Presidentti Niinist\u00f6 toivoo ammattikalastajiksi nuoria\",\"datePublished\":\"2013-08-06T16:45:58+00:00\",\"mainEntityOfPage\":{\"@id\":\"https:\\\/\\\/www.victoriamedia.org\\\/kalastusviesti\\\/presidentti-niinisto-toivoo-ammattikalastajiksi-nuoria\\\/\"},\"wordCount\":150,\"articleSection\":[\"Ammattikalastus\",\"Kannanotot\"],\"inLanguage\":\"en-US\"},{\"@type\":\"WebPage\",\"@id\":\"https:\\\/\\\/www.victoriamedia.org\\\/kalastusviesti\\\/presidentti-niinisto-toivoo-ammattikalastajiksi-nuoria\\\/\",\"url\":\"https:\\\/\\\/www.victoriamedia.org\\\/kalastusviesti\\\/presidentti-niinisto-toivoo-ammattikalastajiksi-nuoria\\\/\",\"name\":\"Presidentti Niinist\u00f6 toivoo ammattikalastajiksi nuoria - KALASTUSVIESTI\",\"isPartOf\":{\"@id\":\"https:\\\/\\\/www.victoriamedia.org\\\/kalastusviesti\\\/#website\"},\"datePublished\":\"2013-08-06T16:45:58+00:00\",\"author\":{\"@id\":\"https:\\\/\\\/www.victoriamedia.org\\\/kalastusviesti\\\/#\\\/schema\\\/person\\\/df29131d02ead3f61cdeeef5d30a6771\"},\"breadcrumb\":{\"@id\":\"https:\\\/\\\/www.victoriamedia.org\\\/kalastusviesti\\\/presidentti-niinisto-toivoo-ammattikalastajiksi-nuoria\\\/#breadcrumb\"},\"inLanguage\":\"en-US\",\"potentialAction\":[{\"@type\":\"ReadAction\",\"target\":[\"https:\\\/\\\/www.victoriamedia.org\\\/kalastusviesti\\\/presidentti-niinisto-toivoo-ammattikalastajiksi-nuoria\\\/\"]}]},{\"@type\":\"BreadcrumbList\",\"@id\":\"https:\\\/\\\/www.victoriamedia.org\\\/kalastusviesti\\\/presidentti-niinisto-toivoo-ammattikalastajiksi-nuoria\\\/#breadcrumb\",\"itemListElement\":[{\"@type\":\"ListItem\",\"position\":1,\"name\":\"Home\",\"item\":\"https:\\\/\\\/www.victoriamedia.org\\\/kalastusviesti\\\/\"},{\"@type\":\"ListItem\",\"position\":2,\"name\":\"Presidentti Niinist\u00f6 toivoo ammattikalastajiksi nuoria\"}]},{\"@type\":\"WebSite\",\"@id\":\"https:\\\/\\\/www.victoriamedia.org\\\/kalastusviesti\\\/#website\",\"url\":\"https:\\\/\\\/www.victoriamedia.org\\\/kalastusviesti\\\/\",\"name\":\"KALASTUSVIESTI\",\"description\":\"\",\"potentialAction\":[{\"@type\":\"SearchAction\",\"target\":{\"@type\":\"EntryPoint\",\"urlTemplate\":\"https:\\\/\\\/www.victoriamedia.org\\\/kalastusviesti\\\/?s={search_term_string}\"},\"query-input\":{\"@type\":\"PropertyValueSpecification\",\"valueRequired\":true,\"valueName\":\"search_term_string\"}}],\"inLanguage\":\"en-US\"},{\"@type\":\"Person\",\"@id\":\"https:\\\/\\\/www.victoriamedia.org\\\/kalastusviesti\\\/#\\\/schema\\\/person\\\/df29131d02ead3f61cdeeef5d30a6771\",\"name\":\"kerttuvali\",\"image\":{\"@type\":\"ImageObject\",\"inLanguage\":\"en-US\",\"@id\":\"https:\\\/\\\/secure.gravatar.com\\\/avatar\\\/62dbe1a847f655ad987c59fece23f885c4b0e7b06595c36d9597003852972217?s=96&d=mm&r=g\",\"url\":\"https:\\\/\\\/secure.gravatar.com\\\/avatar\\\/62dbe1a847f655ad987c59fece23f885c4b0e7b06595c36d9597003852972217?s=96&d=mm&r=g\",\"contentUrl\":\"https:\\\/\\\/secure.gravatar.com\\\/avatar\\\/62dbe1a847f655ad987c59fece23f885c4b0e7b06595c36d9597003852972217?s=96&d=mm&r=g\",\"caption\":\"kerttuvali\"},\"url\":\"https:\\\/\\\/www.victoriamedia.org\\\/kalastusviesti\\\/author\\\/kerttuvali\\\/\"}]}<\/script>\n<!-- \/ Yoast SEO plugin. -->","yoast_head_json":{"title":"Presidentti Niinist\u00f6 toivoo ammattikalastajiksi nuoria - KALASTUSVIESTI","robots":{"index":"index","follow":"follow","max-snippet":"max-snippet:-1","max-image-preview":"max-image-preview:large","max-video-preview":"max-video-preview:-1"},"canonical":"https:\/\/www.victoriamedia.org\/kalastusviesti\/presidentti-niinisto-toivoo-ammattikalastajiksi-nuoria\/","og_locale":"en_US","og_type":"article","og_title":"Presidentti Niinist\u00f6 toivoo ammattikalastajiksi nuoria - KALASTUSVIESTI","og_description":"Presidentti Sauli Niinist\u00f6 on huolestunut ammattikalastajien korkeasta keski-i\u00e4st\u00e4 ja toivoo alalle nuorempiakin. Ammattikalastajien keski-ik\u00e4 Suomessa on yli viisikymment\u00e4 vuotta. \u2013\u2009Ammatti on tietenkin kova ja vaatii aika lailla p\u00e4\u00e4omaa esimerkiksi hyljesuojauksen vuoksi, Niinist\u00f6 tuumi k\u00e4yty\u00e4\u00e4n kokemassa ammattilaisten kanssa kuharys\u00e4n Naantalin vesill\u00e4. Niinist\u00f6 perehtyi t\u00e4n\u00e4\u00e4n ammattikalastajien ty\u00f6h\u00f6n ja ajatuksiin kalamatkalla, joka alkoi h\u00e4nen kes\u00e4asuntonsa rannasta Naantalin Kultarannassa. [&hellip;]","og_url":"https:\/\/www.victoriamedia.org\/kalastusviesti\/presidentti-niinisto-toivoo-ammattikalastajiksi-nuoria\/","og_site_name":"KALASTUSVIESTI","article_publisher":"https:\/\/www.facebook.com\/Kalastusviesti","article_published_time":"2013-08-06T16:45:58+00:00","author":"kerttuvali","twitter_card":"summary_large_image","twitter_creator":"@kalastusuutiset","twitter_site":"@kalastusuutiset","twitter_misc":{"Written by":"kerttuvali","Est. reading time":"1 minute"},"schema":{"@context":"https:\/\/schema.org","@graph":[{"@type":"Article","@id":"https:\/\/www.victoriamedia.org\/kalastusviesti\/presidentti-niinisto-toivoo-ammattikalastajiksi-nuoria\/#article","isPartOf":{"@id":"https:\/\/www.victoriamedia.org\/kalastusviesti\/presidentti-niinisto-toivoo-ammattikalastajiksi-nuoria\/"},"author":{"name":"kerttuvali","@id":"https:\/\/www.victoriamedia.org\/kalastusviesti\/#\/schema\/person\/df29131d02ead3f61cdeeef5d30a6771"},"headline":"Presidentti Niinist\u00f6 toivoo ammattikalastajiksi nuoria","datePublished":"2013-08-06T16:45:58+00:00","mainEntityOfPage":{"@id":"https:\/\/www.victoriamedia.org\/kalastusviesti\/presidentti-niinisto-toivoo-ammattikalastajiksi-nuoria\/"},"wordCount":150,"articleSection":["Ammattikalastus","Kannanotot"],"inLanguage":"en-US"},{"@type":"WebPage","@id":"https:\/\/www.victoriamedia.org\/kalastusviesti\/presidentti-niinisto-toivoo-ammattikalastajiksi-nuoria\/","url":"https:\/\/www.victoriamedia.org\/kalastusviesti\/presidentti-niinisto-toivoo-ammattikalastajiksi-nuoria\/","name":"Presidentti Niinist\u00f6 toivoo ammattikalastajiksi nuoria - KALASTUSVIESTI","isPartOf":{"@id":"https:\/\/www.victoriamedia.org\/kalastusviesti\/#website"},"datePublished":"2013-08-06T16:45:58+00:00","author":{"@id":"https:\/\/www.victoriamedia.org\/kalastusviesti\/#\/schema\/person\/df29131d02ead3f61cdeeef5d30a6771"},"breadcrumb":{"@id":"https:\/\/www.victoriamedia.org\/kalastusviesti\/presidentti-niinisto-toivoo-ammattikalastajiksi-nuoria\/#breadcrumb"},"inLanguage":"en-US","potentialAction":[{"@type":"ReadAction","target":["https:\/\/www.victoriamedia.org\/kalastusviesti\/presidentti-niinisto-toivoo-ammattikalastajiksi-nuoria\/"]}]},{"@type":"BreadcrumbList","@id":"https:\/\/www.victoriamedia.org\/kalastusviesti\/presidentti-niinisto-toivoo-ammattikalastajiksi-nuoria\/#breadcrumb","itemListElement":[{"@type":"ListItem","position":1,"name":"Home","item":"https:\/\/www.victoriamedia.org\/kalastusviesti\/"},{"@type":"ListItem","position":2,"name":"Presidentti Niinist\u00f6 toivoo ammattikalastajiksi nuoria"}]},{"@type":"WebSite","@id":"https:\/\/www.victoriamedia.org\/kalastusviesti\/#website","url":"https:\/\/www.victoriamedia.org\/kalastusviesti\/","name":"KALASTUSVIESTI","description":"","potentialAction":[{"@type":"SearchAction","target":{"@type":"EntryPoint","urlTemplate":"https:\/\/www.victoriamedia.org\/kalastusviesti\/?s={search_term_string}"},"query-input":{"@type":"PropertyValueSpecification","valueRequired":true,"valueName":"search_term_string"}}],"inLanguage":"en-US"},{"@type":"Person","@id":"https:\/\/www.victoriamedia.org\/kalastusviesti\/#\/schema\/person\/df29131d02ead3f61cdeeef5d30a6771","name":"kerttuvali","image":{"@type":"ImageObject","inLanguage":"en-US","@id":"https:\/\/secure.gravatar.com\/avatar\/62dbe1a847f655ad987c59fece23f885c4b0e7b06595c36d9597003852972217?s=96&d=mm&r=g","url":"https:\/\/secure.gravatar.com\/avatar\/62dbe1a847f655ad987c59fece23f885c4b0e7b06595c36d9597003852972217?s=96&d=mm&r=g","contentUrl":"https:\/\/secure.gravatar.com\/avatar\/62dbe1a847f655ad987c59fece23f885c4b0e7b06595c36d9597003852972217?s=96&d=mm&r=g","caption":"kerttuvali"},"url":"https:\/\/www.victoriamedia.org\/kalastusviesti\/author\/kerttuvali\/"}]}},"_links":{"self":[{"href":"https:\/\/www.victoriamedia.org\/kalastusviesti\/wp-json\/wp\/v2\/posts\/116","targetHints":{"allow":["GET"]}}],"collection":[{"href":"https:\/\/www.victoriamedia.org\/kalastusviesti\/wp-json\/wp\/v2\/posts"}],"about":[{"href":"https:\/\/www.victoriamedia.org\/kalastusviesti\/wp-json\/wp\/v2\/types\/post"}],"author":[{"embeddable":true,"href":"https:\/\/www.victoriamedia.org\/kalastusviesti\/wp-json\/wp\/v2\/users\/1"}],"replies":[{"embeddable":true,"href":"https:\/\/www.victoriamedia.org\/kalastusviesti\/wp-json\/wp\/v2\/comments?post=116"}],"version-history":[{"count":1,"href":"https:\/\/www.victoriamedia.org\/kalastusviesti\/wp-json\/wp\/v2\/posts\/116\/revisions"}],"predecessor-version":[{"id":117,"href":"https:\/\/www.victoriamedia.org\/kalastusviesti\/wp-json\/wp\/v2\/posts\/116\/revisions\/117"}],"wp:attachment":[{"href":"https:\/\/www.victoriamedia.org\/kalastusviesti\/wp-json\/wp\/v2\/media?parent=116"}],"wp:term":[{"taxonomy":"category","embeddable":true,"href":"https:\/\/www.victoriamedia.org\/kalastusviesti\/wp-json\/wp\/v2\/categories?post=116"},{"taxonomy":"post_tag","embeddable":true,"href":"https:\/\/www.victoriamedia.org\/kalastusviesti\/wp-json\/wp\/v2\/tags?post=116"}],"curies":[{"name":"wp","href":"https:\/\/api.w.org\/{rel}","templated":true}]}}